{"id":318489,"date":"2026-01-02T04:25:14","date_gmt":"2026-01-02T04:25:14","guid":{"rendered":"https:\/\/www.europesays.com\/es\/318489\/"},"modified":"2026-01-02T04:25:14","modified_gmt":"2026-01-02T04:25:14","slug":"se-activa-alerta-naranja-y-amarilla-por-pronostico-de-temperaturas-bajas-y-heladas","status":"publish","type":"post","link":"https:\/\/www.europesays.com\/es\/318489\/","title":{"rendered":"Se activa Alerta Naranja y Amarilla por pron\u00f3stico de temperaturas bajas y heladas"},"content":{"rendered":"<p>La Secretar\u00eda de Gesti\u00f3n Integral de Riesgos y Protecci\u00f3n Civil informa que se activa Alerta Naranja por pron\u00f3stico de temperaturas bajas, para las primeras horas de ma\u00f1ana, en la demarcaci\u00f3n: Tlalpan.<\/p>\n<p>Se pronostican temperaturas de entre 1 a 3 grados Celsius y heladas, entre las 02:00 horas y las 08:00 horas de ma\u00f1ana viernes 02 de enero de 2026.<\/p>\n<p>Asimismo, se activa Alerta Amarilla por pron\u00f3stico de temperaturas bajas para las primeras horas de ma\u00f1ana en las demarcaciones: \u00c1lvaro Obreg\u00f3n, Cuajimalpa, Magdalena Contreras, Milpa Alta y Xochimilco.<\/p>\n<p>Se pronostican temperaturas de entre 4 a 6 grados Celsius en el mismo periodo de tiempo. <\/p>\n<p>Se recomienda proteger del fr\u00edo a ni\u00f1as, ni\u00f1os, personas de la tercera edad y embarazadas, usar calentadores y\/o chimeneas con una ventilaci\u00f3n adecuada, usar crema para proteger e hidratar la piel del fr\u00edo, y mantener el esquema de vacunaci\u00f3n actualizado (COVID, Influenza y neumococo).<\/p>\n<p>Se recomienda abrigarse adecuadamente y cubrir nariz y boca, evitar cambios bruscos de temperatura, resguardar los animales de compa\u00f1\u00eda del fr\u00edo e ingerir abundante agua, frutas y verduras ricas en vitaminas A y C.<\/p>\n<p>Ante cualquier emergencia, comunicarse a los tel\u00e9fonos 9-1-1, al 55 5658 1111 de Locatel, y al 55 5683 2222 de la SGIRPC.<\/p>\n<p>Mantente informado a trav\u00e9s de nuestras cuentas oficiales de redes sociales; X (antes Twitter) @SGIRPC_CDMX y Facebook @SGIRPCCDMX; vis\u00edtanos tambi\u00e9n en nuestro sitio web en www.proteccioncivil.cdmx.gob.mx.<\/p>\n","protected":false},"excerpt":{"rendered":"La Secretar\u00eda de Gesti\u00f3n Integral de Riesgos y Protecci\u00f3n Civil informa que se activa Alerta Naranja por pron\u00f3stico&hellip;\n","protected":false},"author":2,"featured_media":318490,"comment_status":"","ping_status":"","sticky":false,"template":"","format":"standard","meta":{"footnotes":""},"categories":[5],"tags":[17,18,25,24,13,14,11,19,20,9,10,15,16,23,12,21,22],"class_list":{"0":"post-318489","1":"post","2":"type-post","3":"status-publish","4":"format-standard","5":"has-post-thumbnail","7":"category-titulares","8":"tag-breaking-news","9":"tag-breakingnews","10":"tag-es","11":"tag-espana","12":"tag-featured-news","13":"tag-featurednews","14":"tag-headlines","15":"tag-latest-news","16":"tag-latestnews","17":"tag-news","18":"tag-noticias","19":"tag-noticias-destacadas","20":"tag-noticiasdestacadas","21":"tag-spain","22":"tag-titulares","23":"tag-ultimas-noticias","24":"tag-ultimasnoticias"},"share_on_mastodon":{"url":"https:\/\/pubeurope.com\/@es\/115823609248196963","error":""},"_links":{"self":[{"href":"https:\/\/www.europesays.com\/es\/wp-json\/wp\/v2\/posts\/318489","targetHints":{"allow":["GET"]}}],"collection":[{"href":"https:\/\/www.europesays.com\/es\/wp-json\/wp\/v2\/posts"}],"about":[{"href":"https:\/\/www.europesays.com\/es\/wp-json\/wp\/v2\/types\/post"}],"author":[{"embeddable":true,"href":"https:\/\/www.europesays.com\/es\/wp-json\/wp\/v2\/users\/2"}],"replies":[{"embeddable":true,"href":"https:\/\/www.europesays.com\/es\/wp-json\/wp\/v2\/comments?post=318489"}],"version-history":[{"count":0,"href":"https:\/\/www.europesays.com\/es\/wp-json\/wp\/v2\/posts\/318489\/revisions"}],"wp:featuredmedia":[{"embeddable":true,"href":"https:\/\/www.europesays.com\/es\/wp-json\/wp\/v2\/media\/318490"}],"wp:attachment":[{"href":"https:\/\/www.europesays.com\/es\/wp-json\/wp\/v2\/media?parent=318489"}],"wp:term":[{"taxonomy":"category","embeddable":true,"href":"https:\/\/www.europesays.com\/es\/wp-json\/wp\/v2\/categories?post=318489"},{"taxonomy":"post_tag","embeddable":true,"href":"https:\/\/www.europesays.com\/es\/wp-json\/wp\/v2\/tags?post=318489"}],"curies":[{"name":"wp","href":"https:\/\/api.w.org\/{rel}","templated":true}]}}