{"id":318491,"date":"2026-01-02T04:33:19","date_gmt":"2026-01-02T04:33:19","guid":{"rendered":"https:\/\/www.europesays.com\/es\/318491\/"},"modified":"2026-01-02T04:33:19","modified_gmt":"2026-01-02T04:33:19","slug":"los-historicos-numeros-de-luwawu-cabarrot","status":"publish","type":"post","link":"https:\/\/www.europesays.com\/es\/318491\/","title":{"rendered":"Los hist\u00f3ricos n\u00fameros de Luwawu-Cabarrot"},"content":{"rendered":"<p>\n        Si hay un jugador que desde el inicio de la temporada <strong>est\u00e1 tirando del carro en el Kosner <\/strong><a href=\"https:\/\/www.noticiasdealava.eus\/baskonia\/\" title=\"Baskonia\" class=\"link copy\" rel=\"nofollow noopener\" target=\"_blank\"><strong>Baskonia<\/strong><\/a>, ese no es otro que Tim Luwawu-Cabarrot.\n<\/p>\n<p class=\"article-body__text \">\n        El elegante alero franc\u00e9s ha superado cualquier expectativa inimaginable en su segunda temporada de militancia azulgrana. Se sab\u00eda de \u00e9l que era un jugador capacitado para aportar cemento al per\u00edmetro y manchar todos los apartados estad\u00edsticos, pero <strong>desde luego no se contaba con esa capacidad de liderazgo y ese instinto asesino ante el aro rival que le han llevado a ser hoy en d\u00eda el m\u00e1ximo anotador de la ACB<\/strong>, donde acaba de ser nominado MVP de diciembre, <strong>y el segundo mejor <\/strong><strong>pistolero<\/strong><strong> de la Euroliga<\/strong>, tan solo superado por Nadir Hifi (Par\u00eds Basketball).\n<\/p>\n<p class=\"article-body__text \">\n        <strong>Paolo Galbiati le ha dado las llaves del equipo<\/strong> y ha creado un ecosistema ideal para que Luwawu-Cabarrot, a sus 30 a\u00f1os, est\u00e9 protagonizando la mejor temporada de su carrera.\n<\/p>\n<p class=\"article-body__text \">\n        El lado negativo de esta explosi\u00f3n anotadora y este imparable crecimiento en Vitoria es que <strong>su cotizaci\u00f3n se encuentra ya por las nubes<\/strong> y retenerle a partir del pr\u00f3ximo verano cuando concluya su contrato ser\u00e1 una ardua tarea para las altas esferas azulgranas.\n<\/p>\n<p>            <a href=\"https:\/\/www.noticiasdealava.eus\/baskonia\/2025\/12\/31\/timothe-luwawu-cabarrot-mvp-mes-diciembre-liga-endesa-10529395.html\" title=\"Timoth\u00e9 Luwawu-Cabarrot, MVP del mes de diciembre de la Liga Endesa\" class=\"new__media\" rel=\"nofollow noopener\" target=\"_blank\"><\/p>\n<p>                <img alt=\"Timoth\u00e9 Luwawu-Cabarrot, MVP del mes de diciembre de la Liga Endesa\" data-src=\"https:\/\/www.europesays.com\/es\/wp-content\/uploads\/2026\/01\/f7aa5423-a49c-448a-aa2a-f1bd102d9ac0_16-9-aspect-ratio_default_0.jpg\" class=\"lozad\"\/><\/p>\n<p>        <\/a><\/p>\n<p>        <a href=\"https:\/\/www.noticiasdealava.eus\/baskonia\/2025\/12\/31\/timothe-luwawu-cabarrot-mvp-mes-diciembre-liga-endesa-10529395.html\" title=\"Timoth\u00e9 Luwawu-Cabarrot, MVP del mes de diciembre de la Liga Endesa\" class=\"new__headline\" rel=\"nofollow noopener\" target=\"_blank\"><br \/>\n            Timoth\u00e9 Luwawu-Cabarrot, MVP del mes de diciembre de la Liga Endesa<br \/>\n        <\/a><\/p>\n<p class=\"article-body__text \">\n        Lo normal es que le lluevan ofertas multimillonarias, incluso alguna procedente de la NBA, donde en su d\u00eda disput\u00f3 343 partidos, aunque por razones obvias <strong>el Kosner Baskonia echar\u00e1 toda la carne en el asador para que eche ra\u00edces en Vitoria<\/strong>.\n<\/p>\n<p class=\"article-body__text \">\n        Retomando lo que est\u00e1 siendo una trayectoria fabulosa en el Buesa Arena, <strong>Luwawu-Cabarrot se ha consagrado esta temporada como el mejor anotador del club vitoriano en el nuevo siglo tanto en la ACB como la Euroliga<\/strong>.\n<\/p>\n<p>  Mejor que Howard, \u2018Rako\u2019&#8230; <\/p>\n<p class=\"article-body__text \">\n        En la primera lidera la tabla con 20,2 puntos de media, mientras que sus 19,7 tantos en la segunda tan solo le hacen estar a la sombra de Hifi. <strong>El m\u00e9rito a\u00f1adido es que el galo ha disputado todos los partidos posibles entre ambas competiciones (30) y no juega m\u00e1s all\u00e1 de 27 minutos<\/strong> al medir perfectamente Galbiati desde la banda sus esfuerzos casi con el cron\u00f3metro en la mano.\n<\/p>\n<p class=\"article-body__text \">\n        Para cerciorarse de la ascendencia de Luwawu-Cabarrot y valorar en su justa medida el impacto en el rendimiento colectivo del Baskonia, basta decir que <strong>mejora los excelsos n\u00fameros acreditados por Howard en la campa\u00f1a 2023-24<\/strong>.\n<\/p>\n<p>            <a href=\"https:\/\/www.noticiasdealava.eus\/baskonia\/2025\/12\/29\/1x1-kosner-baskonia-clase-infinita-10523202.html\" title=\"El 1x1 del Kosner Baskonia: La clase infinita de Luwawu-Cabarrot\" class=\"new__media\" rel=\"nofollow noopener\" target=\"_blank\"><\/p>\n<p>                <img alt=\"El 1x1 del Kosner Baskonia: La clase infinita de Luwawu-Cabarrot\" data-src=\"https:\/\/www.europesays.com\/es\/wp-content\/uploads\/2025\/12\/38b1cc21-aee0-4520-a2f2-4fff218015be_16-9-aspect-ratio_default_0.jpg\" class=\"lozad\"\/><\/p>\n<p>        <\/a><\/p>\n<p>        <a href=\"https:\/\/www.noticiasdealava.eus\/baskonia\/2025\/12\/29\/1x1-kosner-baskonia-clase-infinita-10523202.html\" title=\"El 1x1 del Kosner Baskonia: La clase infinita de Luwawu-Cabarrot\" class=\"new__headline\" rel=\"nofollow noopener\" target=\"_blank\"><br \/>\n            El 1&#215;1 del Kosner Baskonia: La clase infinita de Luwawu-Cabarrot<br \/>\n        <\/a><\/p>\n<p class=\"article-body__text \">\n        El killer natural de New Jersey se convirti\u00f3 entonces en el m\u00e1ximo anotador de la ACB y la Euroliga con medias de 19,4 y 19,5 puntos, respectivamente.<strong> Aquello parec\u00eda dif\u00edcil de superar, pero el franc\u00e9s est\u00e1 rompiendo moldes<\/strong>.\n<\/p>\n<p class=\"article-body__text \">\n        <strong>Ni siquiera Igor Rakocevic<\/strong>, otro de los afamados pistoleros que luci\u00f3 en su d\u00eda la el\u00e1stica azulgrana, tuvo la espectacular mordiente de TLC durante su trienio en Vitoria entre 2006-2009. <strong>Por no hablar de Arvydas Macijauskas<\/strong>, aquel lituano que tambi\u00e9n dej\u00f3 un grand\u00edsimo recuerdo entre el baskonismo por su facilidad para perforar el aro rival.\n<\/p>\n<p>  Sin d\u00edas malos <\/p>\n<p class=\"article-body__text \">\n        <strong>La regularidad ofensiva del astro franc\u00e9s ya es propia de un extraterrestre<\/strong>. Pese a la acumulaci\u00f3n de esfuerzos, pr\u00e1cticamente no hay ning\u00fan d\u00eda en el que destape su condici\u00f3n de terrenal.\n<\/p>\n<p class=\"article-body__text \">\n        Su anotaci\u00f3n m\u00e1s en la ACB fueron los 10 puntos en la derrota a domicilio ante el Murcia porque en ocho de los 12 encuentros ha alcanzado como m\u00ednimo los 20 puntos. <strong>Su tope en el torneo dom\u00e9stico qued\u00f3 fijado en 26 en la derrota ante el Valencia en el Buesa Arena<\/strong>.\n<\/p>\n<p>            <a href=\"https:\/\/www.noticiasdealava.eus\/baskonia\/2025\/11\/05\/quedarme-baskonia-amo-equipo-amo-10308620.html\" title=\"\u201c\u00bfQuedarme en el Baskonia? Amo al equipo, amo al entrenador y amo la forma en la que jugamos\u201d\" class=\"new__media\" rel=\"nofollow noopener\" target=\"_blank\"><\/p>\n<p>                <img alt=\"\u201c\u00bfQuedarme en el Baskonia? Amo al equipo, amo al entrenador y amo la forma en la que jugamos\u201d\" data-src=\"https:\/\/www.europesays.com\/es\/wp-content\/uploads\/2025\/11\/9d14f774-3e7d-498b-be05-5b190ecd6401_16-9-aspect-ratio_default_0.jpg\" class=\"lozad\"\/><\/p>\n<p>        <\/a><\/p>\n<p>        <a href=\"https:\/\/www.noticiasdealava.eus\/baskonia\/2025\/11\/05\/quedarme-baskonia-amo-equipo-amo-10308620.html\" title=\"\u201c\u00bfQuedarme en el Baskonia? Amo al equipo, amo al entrenador y amo la forma en la que jugamos\u201d\" class=\"new__headline\" rel=\"nofollow noopener\" target=\"_blank\"><br \/>\n            \u201c\u00bfQuedarme en el Baskonia? Amo al equipo, amo al entrenador y amo la forma en la que jugamos\u201d<br \/>\n        <\/a><\/p>\n<p class=\"article-body__text \">\n        Su aportaci\u00f3n en la Euroliga es todav\u00eda m\u00e1s fascinante debido a las defensas m\u00e1s duras y al l\u00edmite de la ilegalidad que tiene que soportar. <strong>Adem\u00e1s de promediar un 58% en tiros de dos y algo m\u00e1s de un 45% en triples, Luwawu-Cabarrot tambi\u00e9n lleva aqu\u00ed por la calle de la amargura a sus pares<\/strong>.\n<\/p>\n<p class=\"article-body__text \">\n        <strong>De hecho, en ocho de las 18 jugadores ha conseguido, al menos, 20 puntos <\/strong>y la jornada donde se le aplicaron una grilletes m\u00e1s f\u00e9rreos fue precisamente la \u00faltima ante el Valencia en el Roig Arena, donde se qued\u00f3 en 13.\n<\/p>\n<p class=\"article-body__text \">\n        Al igual que en la ACB, su mejor registro fuera de las fronteras data de la visita al Palau Blaugrana,<strong> aunque sus 26 puntos resultaron est\u00e9riles para doblegar al Barcelona <\/strong>en aquella maratoniana velada saldada con tres pr\u00f3rrogas.\n<\/p>\n<p>  Convivencia con Howard<\/p>\n<p class=\"article-body__text \">\n        <strong>La buena convivencia de TLC en el per\u00edmetro del Baskonia junto a otro exterior de gatillo f\u00e1cil como Howard<\/strong> est\u00e1 llamando poderosamente la atenci\u00f3n en el mundillo del baloncesto.\n<\/p>\n<p class=\"article-photo__footer\">\n            Luwawu-Cabarrot conduce el bal\u00f3n ante Taylor            Alex Larretxi        <\/p>\n<p class=\"article-body__text \">\n        Pese a que ambos deben amasar mucho bal\u00f3n por sus peculiares caracter\u00edsticas y, en ocasiones, puede ser un problema que haya dos gallos en un mismo corral, <strong>anida la sensaci\u00f3n de que ninguno se siente marginado y los egos brillan por su ausencia<\/strong>. Todo el m\u00e9rito radica aqu\u00ed en Galbiati, un t\u00e9cnico que est\u00e1 sabiendo extraer el m\u00e1ximo jugo a las virtudes de cada jugador.\n<\/p>\n<p class=\"article-body__text \">\n        Primeros espada en la Euroliga como<strong> Sasha Vezenkov (17,6), Vasilije Micic (18,2), Nando de Colo (19,4), Taylor Rochestie (18,9), Keith Langford (17,6), Bobby Brown (18,8), Bo McCalebb (16,9), Linas Kleiza (17,1), Juan Carlos Navarro (16,8) o Drew Nicholas (18,4)<\/strong> anotaron menos que TLC cuando recibieron el Trofeo Alphonso Ford que premia al mejor anotador de la temporada regular de la Euroliga.<\/p>\n","protected":false},"excerpt":{"rendered":"Si hay un jugador que desde el inicio de la temporada est\u00e1 tirando del carro en el Kosner&hellip;\n","protected":false},"author":2,"featured_media":318492,"comment_status":"","ping_status":"","sticky":false,"template":"","format":"standard","meta":{"footnotes":""},"categories":[269],"tags":[299,298,4714,42783,168,25,24,60400,23519,42782,1725,21104,23,167],"class_list":{"0":"post-318491","1":"post","2":"type-post","3":"status-publish","4":"format-standard","5":"has-post-thumbnail","7":"category-baloncesto","8":"tag-baloncesto","9":"tag-basketball","10":"tag-baskonia","11":"tag-cabarrot","12":"tag-deportes","13":"tag-es","14":"tag-espana","15":"tag-historicos","16":"tag-howard","17":"tag-luwawu","18":"tag-nba","19":"tag-numeros","20":"tag-spain","21":"tag-sports"},"share_on_mastodon":{"url":"https:\/\/pubeurope.com\/@es\/115823641036896133","error":""},"_links":{"self":[{"href":"https:\/\/www.europesays.com\/es\/wp-json\/wp\/v2\/posts\/318491","targetHints":{"allow":["GET"]}}],"collection":[{"href":"https:\/\/www.europesays.com\/es\/wp-json\/wp\/v2\/posts"}],"about":[{"href":"https:\/\/www.europesays.com\/es\/wp-json\/wp\/v2\/types\/post"}],"author":[{"embeddable":true,"href":"https:\/\/www.europesays.com\/es\/wp-json\/wp\/v2\/users\/2"}],"replies":[{"embeddable":true,"href":"https:\/\/www.europesays.com\/es\/wp-json\/wp\/v2\/comments?post=318491"}],"version-history":[{"count":0,"href":"https:\/\/www.europesays.com\/es\/wp-json\/wp\/v2\/posts\/318491\/revisions"}],"wp:featuredmedia":[{"embeddable":true,"href":"https:\/\/www.europesays.com\/es\/wp-json\/wp\/v2\/media\/318492"}],"wp:attachment":[{"href":"https:\/\/www.europesays.com\/es\/wp-json\/wp\/v2\/media?parent=318491"}],"wp:term":[{"taxonomy":"category","embeddable":true,"href":"https:\/\/www.europesays.com\/es\/wp-json\/wp\/v2\/categories?post=318491"},{"taxonomy":"post_tag","embeddable":true,"href":"https:\/\/www.europesays.com\/es\/wp-json\/wp\/v2\/tags?post=318491"}],"curies":[{"name":"wp","href":"https:\/\/api.w.org\/{rel}","templated":true}]}}