{"id":318497,"date":"2026-01-02T04:38:24","date_gmt":"2026-01-02T04:38:24","guid":{"rendered":"https:\/\/www.europesays.com\/es\/318497\/"},"modified":"2026-01-02T04:38:24","modified_gmt":"2026-01-02T04:38:24","slug":"logrono-avanza-en-su-gran-hermano-de-la-seguridad-adjudicado-el-sistema-que-integrara-las-camaras","status":"publish","type":"post","link":"https:\/\/www.europesays.com\/es\/318497\/","title":{"rendered":"Logro\u00f1o avanza en su &#8216;Gran Hermano&#8217; de la seguridad: adjudicado el sistema que integrar\u00e1 las c\u00e1maras"},"content":{"rendered":"<p>Escrito est\u00e1: donde ya existe, ha venido a denomin\u00e1rsele &#8216;Gran Hermano&#8217;, en referencia al popular programa de televisi\u00f3n en el cual se grababa y emit\u00eda  &#8230; todo lo que acontec\u00eda en un &#8216;reality show&#8217; con claras reminiscencias orwellianas. O casi todo. As\u00ed, el Ayuntamiento de Logro\u00f1o, que se sumar\u00e1 a dicha tendencia en materia de seguridad con la instalaci\u00f3n de <a href=\"https:\/\/www.larioja.com\/logrono\/logrono-suma-gran-hermano-seguridad-camaras-videovigilancia-20250827113720-nt.html?srsltid=AfmBOooyxvDwIi0JiVW-CuLHTi2CeCB5a7erJVL3opSWiRQ-vYv0I2cq\" data-voc-vtm-id=\"in-text-traffic\" title=\"hasta 51 c\u00e1maras de videovigilancia para prevenir actos inc\u00edvicos o comportamientos directamente delictivos\" data-mrf-link=\"www.larioja.com\" rel=\"nofollow noopener\" target=\"_blank\">hasta 51 c\u00e1maras de videovigilancia para prevenir actos inc\u00edvicos o comportamientos directamente delictivos<\/a>, sigue dando pasos al respecto.<\/p>\n<p class=\"v-p\">El Consistorio capitalino, en este sentido, ha aprobado la adjudicaci\u00f3n para desarrollar e implementar un gemelo digital de c\u00e1maras inteligentes en la ciudad a la empresa Innovaciones Tecnol\u00f3gicas del Sur por un importe total de 391.505,47 euros (IVA incluido). <\/p>\n<p class=\"v-p\">Una actuaci\u00f3n financiada con fondos europeos que \u00abpermitir\u00e1 el desarrollo de diferentes simulaciones preventivas mediante inteligencia artificial y crear\u00e1 un software que integrar\u00e1 las c\u00e1maras de seguridad urbanas actuales y los 21 primeros nuevos dispositivos inteligentes que se instalar\u00e1n en hasta cuatro espacios\u00bb.<\/p>\n<p class=\"v-p\"><a href=\"https:\/\/www.larioja.com\/logrono\/videovigilancia-inteligente-logrono-20250904191821-nt.html\" data-voc-vtm-id=\"in-text-traffic\" title=\"A saber: en el entorno de la biblioteca Rafael Azcona, en el del Puente de Piedra y la pasarela peatonal sobre el Ebro, en el pol\u00edgono industrial de Las Ca\u00f1as y una de ellas a gran altura en la Torre de Logro\u00f1o para controlar diferentes fen\u00f3menos como los meteorol\u00f3gicos o posibles incendios, entre otros.\" data-mrf-link=\"www.larioja.com\" rel=\"nofollow noopener\" target=\"_blank\">A saber: en el entorno de la biblioteca Rafael Azcona, en el del Puente de Piedra y la pasarela peatonal sobre el Ebro, en el pol\u00edgono industrial de Las Ca\u00f1as y una de ellas a gran altura en la Torre de Logro\u00f1o para controlar diferentes fen\u00f3menos como los meteorol\u00f3gicos o posibles incendios, entre otros.<\/a><\/p>\n<p class=\"v-p\">Ya el pasado agosto, el gobierno local licitaba un primer paquete de 21 c\u00e1maras inteligentes, que tambi\u00e9n contar\u00e1n con financiaci\u00f3n europea, al que se sumar\u00e1 un segundo de 30, pendiente de tramitarse ya durante el pr\u00f3ximo ejercicio, es decir, a lo largo de 2026.<\/p>\n<p>ITE obligatoria para 900 edificios, 55 ayudas de 2.000 euros para mayores de 85 a\u00f1os y convenio de Bomberos<\/p>\n<p class=\"v-p\">De la misma manera, la Junta de Gobierno local ha aprobado inicialmente el padr\u00f3n anual de edificios de la ciudad sujetos a presentar la Inspecci\u00f3n T\u00e9cnica de Edificios (ITE) durante el pr\u00f3ximo a\u00f1o en el que se incluyen 900 inmuebles. Dicho listado se someter\u00e1 a exposici\u00f3n p\u00fablica durante 30 d\u00edas a partir de su publicaci\u00f3n en el BOR y el plazo para la presentaci\u00f3n del acta de tales inspecciones finalizar\u00e1 el 21 de diciembre de 2026.<\/p>\n<p class=\"v-p\">Tambi\u00e9n se han adjudicado un total de 55 ayudas econ\u00f3micas para personas mayores de 85 a\u00f1os con una cuant\u00eda de 2.000 euros cada una siendo el gasto total de 110.000 euros (recordar que el Ayuntamiento cre\u00f3 en 2024 esta nueva l\u00ednea de ayudas, \u00abun nuevo recurso para facilitar que las personas mayores puedan permanecer en su entorno natural y familiar al mismo tiempo que se favorece la contrataci\u00f3n de personas cuidadoras en este \u00e1mbito\u00bb). Y la concesi\u00f3n de ayudas para proyectos de cooperaci\u00f3n al desarrollo para Amigos de la Tierra en La Rioja por un importe de 99.998,94 euros y a Fundaci\u00f3n Promoci\u00f3n Claretiana al Desarrollo por una cuant\u00eda de 100.000 euros.<\/p>\n<p class=\"v-p\">La misma Junta local ha aprobado las bases que deben regir el proceso selectivo para cubrir mediante funcionario de carrera una plaza de paisajista en el Ayuntamiento de Logro\u00f1o; as\u00ed como la convocatoria de las pruebas selectivas para la provisi\u00f3n de esta plaza.<\/p>\n<p class=\"v-p\">Y, por \u00faltimo, se ha dado el visto bueno al convenio de colaboraci\u00f3n entre el Ayuntamiento de Logro\u00f1o y el Gobierno de La Rioja para la prestaci\u00f3n del servicio contra incendios y salvamentos fuera del t\u00e9rmino municipal de la capital.<\/p>\n<p class=\"v-p\">Este acuerdo regula la prestaci\u00f3n por parte del Consistorio capitalino del citado servicio fuera de su t\u00e9rmino municipal y comprende a los de Agoncillo, Ajamil,\u00ad Albelda de lregua,\u00ad Alberite,\u00ad Almarza de Cameros, Arr\u00fabal, \u00adBrieva de Cameros, \u00adCabez\u00f3n de Cameros, Clavijo, \u00ad Daroca, \u00ad Entrena, \u00adFuenmayor, Gallinero en Cameros, Hornillos de Cameros, Hornos de Moncalvillo, Jal\u00f3n de Cameros, Laguna de Cameros, Lagunilla de Jubera, \u00adLardero, Leza de R\u00edo Leza, Lumbreras,\u00ad Medrano,\u00ad Murillo de R\u00edo Leza,\u00ad Muro de Cameros,\u00ad Nalda\u00ad, Navarrete, Nestares, Nieva de Cameros, Ortigosa,\u00ad Pinillos, \u00ad Pradillo, \u00ad Rabanera, \u00ad El Rasillo, Ribafrecha,\u00ad Robres del Castillo, San Rom\u00e1n de Cameros, Santa Engracia de Jubera,\u00ad Sojuela, \u00adSorzano,\u00ad Sot\u00e9s,\u00ad Soto en Cameros, Terroba,\u00ad Torrecilla en Cameros, Torre en Cameros,\u00ad Ventosa, \u00adViguera, Villamediana de lregua,\u00ad Villanueva de Cameros y Villoslada de Cameros.<\/p>\n<p class=\"v-p\">El Gobierno de La Rioja financiar\u00e1 el coste del servicio al Ayuntamiento de Logro\u00f1o con 650.000 euros.<\/p>\n","protected":false},"excerpt":{"rendered":"Escrito est\u00e1: donde ya existe, ha venido a denomin\u00e1rsele &#8216;Gran Hermano&#8217;, en referencia al popular programa de televisi\u00f3n&hellip;\n","protected":false},"author":2,"featured_media":318498,"comment_status":"","ping_status":"","sticky":false,"template":"","format":"standard","meta":{"footnotes":""},"categories":[171],"tags":[20872,8866,21332,146,147,25,24,3956,37,74311,6173,585,8034,23,214],"class_list":{"0":"post-318497","1":"post","2":"type-post","3":"status-publish","4":"format-standard","5":"has-post-thumbnail","7":"category-tv","8":"tag-adjudicado","9":"tag-avanza","10":"tag-camaras","11":"tag-entertainment","12":"tag-entretenimiento","13":"tag-es","14":"tag-espana","15":"tag-gran","16":"tag-hermano","17":"tag-integrara","18":"tag-logrono","19":"tag-seguridad","20":"tag-software","21":"tag-spain","22":"tag-tv"},"share_on_mastodon":{"url":"https:\/\/pubeurope.com\/@es\/115823660399192393","error":""},"_links":{"self":[{"href":"https:\/\/www.europesays.com\/es\/wp-json\/wp\/v2\/posts\/318497","targetHints":{"allow":["GET"]}}],"collection":[{"href":"https:\/\/www.europesays.com\/es\/wp-json\/wp\/v2\/posts"}],"about":[{"href":"https:\/\/www.europesays.com\/es\/wp-json\/wp\/v2\/types\/post"}],"author":[{"embeddable":true,"href":"https:\/\/www.europesays.com\/es\/wp-json\/wp\/v2\/users\/2"}],"replies":[{"embeddable":true,"href":"https:\/\/www.europesays.com\/es\/wp-json\/wp\/v2\/comments?post=318497"}],"version-history":[{"count":0,"href":"https:\/\/www.europesays.com\/es\/wp-json\/wp\/v2\/posts\/318497\/revisions"}],"wp:featuredmedia":[{"embeddable":true,"href":"https:\/\/www.europesays.com\/es\/wp-json\/wp\/v2\/media\/318498"}],"wp:attachment":[{"href":"https:\/\/www.europesays.com\/es\/wp-json\/wp\/v2\/media?parent=318497"}],"wp:term":[{"taxonomy":"category","embeddable":true,"href":"https:\/\/www.europesays.com\/es\/wp-json\/wp\/v2\/categories?post=318497"},{"taxonomy":"post_tag","embeddable":true,"href":"https:\/\/www.europesays.com\/es\/wp-json\/wp\/v2\/tags?post=318497"}],"curies":[{"name":"wp","href":"https:\/\/api.w.org\/{rel}","templated":true}]}}