{"id":318504,"date":"2026-01-02T04:43:14","date_gmt":"2026-01-02T04:43:14","guid":{"rendered":"https:\/\/www.europesays.com\/es\/318504\/"},"modified":"2026-01-02T04:43:14","modified_gmt":"2026-01-02T04:43:14","slug":"platea-magazine-el-ruso-tugan-sokhiev-dirigira-el-concierto-de-ano-nuevo-en-viena-en-2027","status":"publish","type":"post","link":"https:\/\/www.europesays.com\/es\/318504\/","title":{"rendered":"Platea Magazine &#8211; El ruso Tugan Sokhiev dirigir\u00e1 el concierto de A\u00f1o Nuevo en Viena en 2027"},"content":{"rendered":"<p style=\"text-align: center;\"><img loading=\"lazy\" decoding=\"async\" src=\"https:\/\/www.europesays.com\/es\/wp-content\/uploads\/2026\/01\/SokhievcPatriceNin.jpg\" alt=\"SokhievcPatriceNin.jpg\" width=\"900\" height=\"598\" style=\"margin: initial; float: none; width: 100%;\"\/>\u00a9 Patrice Nin<\/p>\n<p>El ruso Tugan Sokhiev dirigir\u00e1 el concierto de A\u00f1o Nuevo en Viena en 2027<\/p>\n<p style=\"text-align: justify;\">Como es tradici\u00f3n, tras la\u00a0presente edici\u00f3n del <strong>Concierto de A\u00f1o Nuevo<\/strong>, los Wiener Philharmoniker han comunicado la batuta que se har\u00e1 cargo de la cita el a\u00f1o pr\u00f3ximo. As\u00ed, el elegido para comandar esta emblem\u00e1tica cita con los vlases y polkas el 1 de enero de 2027 es el ruso\u00a0<strong>Tugan Sokhiev<\/strong>.<\/p>\n<p style=\"text-align: justify;\">La colaboraci\u00f3n de la Filarm\u00f3nica de Viena con Tugan Sokhiev comenz\u00f3 en 2009 durante una gira asi\u00e1tica en Se\u00fal. A esto le siguieron apariciones conjuntas en conciertos de abono en Viena y en numerosas ciudades del mundo. En 2025, adem\u00e1s de los conciertos de abono y una gira europea, Shokiev dirigi\u00f3 por primera vez el Concierto de una Noche de Verano, as\u00ed como la Gala del Aniversario de Johann Strauss.<\/p>\n<p style=\"text-align: justify;\">En el a\u00f1o 2005, Sokhiev se convirti\u00f3 en director invitado principal y asesor musical de la Orquesta Nacional del Capitole de Toulouse y en septiembre de 2008, asumi\u00f3 la direcci\u00f3n musical de la orquesta. Adem\u00e1s, en septiembre de 2010, Sokhiev fue nombrado director principal y director art\u00edstico de la Orquesta Sinf\u00f3nica Alemana de Berl\u00edn (DSO Berlin), con efecto a partir de 2012, con un contrato inicial de cuatro a\u00f1os.<\/p>\n<p style=\"text-align: justify;\">Por otro lado, en enero de 2014 el Teatro Bolshoi nombr\u00f3 a Sokhiev como su nuevo director musical, con un contrato inicial de cuatro a\u00f1os, vigente desde el 1 de febrero de 2014. En\u00a0octubre de ese mismo a\u00f1o, Sokhiev manifest\u00f3 su intenci\u00f3n de dimitir de su posici\u00f3n al frente de la DSO Berlin tras la temporada 2015\/2016, para poder dedicar m\u00e1s tiempo a su puesto en el Bolshoi.<\/p>\n<p style=\"text-align: justify;\"><a href=\"https:\/\/www.plateamagazine.com\/noticias\/12886-tugan-sokhiev-dimite-como-titular-del-bolshoi-y-de-toulouse-ante-la-imposibilidad-de-elegir-entre-unos-musicos-y-otros\" rel=\"nofollow noopener\" target=\"_blank\">El 6 de marzo de 2022<\/a>, Tugan Sokhiev dimiti\u00f3 como director musical del Teatro Bolshoi y de la Orquesta Nacional del Capitolio de Toulouse, alegando presiones para que hiciera una declaraci\u00f3n p\u00fablica sobre la invasi\u00f3n rusa de Ucrania en 2022.<\/p>\n<p style=\"text-align: justify;\">El presidente de la Filarm\u00f3nica de Viena, Daniel Froschauer, ha valorado en estos t\u00e9rminos su elecci\u00f3n como pr\u00f3xima batuta para el Concierto de A\u00f1o Nuevo en Viena: \u00abTugan Sokhiev ha sido un \u00edntimo amigo musical y personal desde 2009. Nuestras primeras actuaciones juntos fomentaron r\u00e1pidamente una fuerte confianza y una mutua comprensi\u00f3n musical, que se ha profundizado y desarrollado de manera continua desde entonces. Esperamos con ilusi\u00f3n nuestros proyectos futuros y el pr\u00f3ximo Concierto de A\u00f1o Nuevo\u00bb.<\/p>\n<p style=\"text-align: justify;\">M\u00e1s informaci\u00f3n <a href=\"https:\/\/www.wienerphilharmoniker.at\/de\/magazin\/das-neujahrskonzert-2027-wird-von-tugan-sokhiev-geleitet\/6227\" rel=\"nofollow noopener\" target=\"_blank\">aqu\u00ed<\/a>.<\/p>\n","protected":false},"excerpt":{"rendered":"\u00a9 Patrice Nin El ruso Tugan Sokhiev dirigir\u00e1 el concierto de A\u00f1o Nuevo en Viena en 2027 Como&hellip;\n","protected":false},"author":2,"featured_media":318505,"comment_status":"","ping_status":"","sticky":false,"template":"","format":"standard","meta":{"footnotes":""},"categories":[91],"tags":[146,147,25,24,23],"class_list":{"0":"post-318504","1":"post","2":"type-post","3":"status-publish","4":"format-standard","5":"has-post-thumbnail","7":"category-entretenimiento","8":"tag-entertainment","9":"tag-entretenimiento","10":"tag-es","11":"tag-espana","12":"tag-spain"},"share_on_mastodon":{"url":"https:\/\/pubeurope.com\/@es\/115823680476963608","error":""},"_links":{"self":[{"href":"https:\/\/www.europesays.com\/es\/wp-json\/wp\/v2\/posts\/318504","targetHints":{"allow":["GET"]}}],"collection":[{"href":"https:\/\/www.europesays.com\/es\/wp-json\/wp\/v2\/posts"}],"about":[{"href":"https:\/\/www.europesays.com\/es\/wp-json\/wp\/v2\/types\/post"}],"author":[{"embeddable":true,"href":"https:\/\/www.europesays.com\/es\/wp-json\/wp\/v2\/users\/2"}],"replies":[{"embeddable":true,"href":"https:\/\/www.europesays.com\/es\/wp-json\/wp\/v2\/comments?post=318504"}],"version-history":[{"count":0,"href":"https:\/\/www.europesays.com\/es\/wp-json\/wp\/v2\/posts\/318504\/revisions"}],"wp:featuredmedia":[{"embeddable":true,"href":"https:\/\/www.europesays.com\/es\/wp-json\/wp\/v2\/media\/318505"}],"wp:attachment":[{"href":"https:\/\/www.europesays.com\/es\/wp-json\/wp\/v2\/media?parent=318504"}],"wp:term":[{"taxonomy":"category","embeddable":true,"href":"https:\/\/www.europesays.com\/es\/wp-json\/wp\/v2\/categories?post=318504"},{"taxonomy":"post_tag","embeddable":true,"href":"https:\/\/www.europesays.com\/es\/wp-json\/wp\/v2\/tags?post=318504"}],"curies":[{"name":"wp","href":"https:\/\/api.w.org\/{rel}","templated":true}]}}