{"id":318509,"date":"2026-01-02T04:46:14","date_gmt":"2026-01-02T04:46:14","guid":{"rendered":"https:\/\/www.europesays.com\/es\/318509\/"},"modified":"2026-01-02T04:46:14","modified_gmt":"2026-01-02T04:46:14","slug":"video-de-dron-derribado-en-supuesto-ataque-a-casa-de-putin-dw-31-12-2025","status":"publish","type":"post","link":"https:\/\/www.europesays.com\/es\/318509\/","title":{"rendered":"Video de dron derribado en supuesto ataque a casa de Putin \u2013 DW \u2013 31\/12\/2025"},"content":{"rendered":"<p>El Ministerio de Defensa de <a class=\"internal-link\" href=\"https:\/\/www.dw.com\/es\/rusia\/t-17410119\" rel=\"nofollow noopener\" target=\"_blank\">Rusia<\/a> public\u00f3 este mi\u00e9rcoles (31.12.2025) un video de un <a class=\"internal-link\" href=\"https:\/\/www.dw.com\/es\/dron\/t-37125699\" rel=\"nofollow noopener\" target=\"_blank\">dron<\/a> derribado durante el <a class=\"internal-link\" href=\"https:\/\/www.dw.com\/es\/ministro-ruso-lavrov-acusa-a-kiev-de-atacar-residencia-de-putin\/a-75334099\" rel=\"nofollow noopener\" target=\"_blank\">supuesto ataque ucraniano de esta semana<\/a> contra una residencia del presidente Vladimir Putin, que Kiev desmiente y tilda de \u00abmentira\u00bb. Las autoridades rusas aseguran que fue un ataque \u00abterrorista\u00bb y \u00abpersonal\u00bb contra el mandatario y advirtieron que van a endurecer su postura en las negociaciones para poner fin a la guerra.<\/p>\n<p>Dirigentes ucranianos <a class=\"internal-link\" href=\"https:\/\/www.dw.com\/es\/ucrania-desmiente-supuesto-ataque-a-una-de-las-residencias-de-putin\/a-75343791\" rel=\"nofollow noopener\" target=\"_blank\">lo denunciaron como una acusaci\u00f3n \u00abinventada\u00bb<\/a> para entorpecer los esfuerzos de paz y reclamaron a Mosc\u00fa presentar pruebas del ataque. En el video publicado por Mosc\u00fa, se ve un dron da\u00f1ado encima de la nieve en una zona boscosa. El Ministerio asegura que el ataque fue \u00abdirigido, cuidadosamente planificado y realizado en fases\u00bb.<\/p>\n<p>Un ataque \u00abcuidadosamente planificado\u00bb<\/p>\n<p>\u00abEntre el 28 y el 29 de diciembre de 2025, el r\u00e9gimen de Kiev intent\u00f3 un ataque terrorista con veh\u00edculos a\u00e9reos no tripulados de largo alcance contra la residencia del presidente de la Federaci\u00f3n Rusa en la regi\u00f3n de Novgorod\u00bb, inform\u00f3 el general responsable de las defensas antia\u00e9reas del Ej\u00e9rcito ruso, Alexander Romanenkov. Es la primera vez que Mosc\u00fa denuncia un ataque que podr\u00eda dirigirse contra el l\u00edder ruso, quien desde el inicio del conflicto ha blindado su seguridad.<\/p>\n<p>El ataque habr\u00eda empezado a las 19:00 locales del 28 de diciembre con un lanzamiento \u00abmasivo\u00bb de drones que volaron a baja altura y partieron de las regiones ucranianas de Sumi y Chern\u00edgov. Las autoridades rusas no precisaron si el presidente se encontraba all\u00ed en ese momento, pero apuntaron que la casa no sufri\u00f3 da\u00f1os. El Ministerio tambi\u00e9n public\u00f3 el video de un supuesto testigo del ataque, un habitante de una aldea cercana a esa residencia.<\/p>\n<p>\u00abLa formaci\u00f3n de ataque, el n\u00famero de medios desplegados y sus acciones coordinadas desde el sur, suroeste y oeste dirigidos directamente hacia la residencia del presidente ruso en la regi\u00f3n de N\u00f3vgorod confirman claramente que el ataque terrorista del r\u00e9gimen de Kiev fue selectivo y cuidadosamente planificado\u00bb, asegur\u00f3 Romanenkov.<\/p>\n<p>lgc (afp, efe)<\/p>\n<p><img data-format=\"MASTER_LANDSCAPE\" data-id=\"75348830\" data-url=\"https:\/\/static.dw.com\/image\/75348830_${formatId}.jpg\" data-aspect-ratio=\"16\/9\" alt=\"Un dron de ala fija con los cables por fuera sobre la nieve.\" style=\"padding-bottom: 56.25%; height: 0; max-height: 0;\"\/>Detalle del dron derribado en el video distribuido por el Ministerio de Defensa ruso.Imagen: Russian Defense Ministry\/Anadolu\/picture alliance<\/p>\n","protected":false},"excerpt":{"rendered":"El Ministerio de Defensa de Rusia public\u00f3 este mi\u00e9rcoles (31.12.2025) un video de un dron derribado durante el&hellip;\n","protected":false},"author":2,"featured_media":318510,"comment_status":"","ping_status":"","sticky":false,"template":"","format":"standard","meta":{"footnotes":""},"categories":[42],"tags":[17,18,13,14,11,61,62,63,64,19,20,9,10,15,16,12,21,22,65,66,67],"class_list":{"0":"post-318509","1":"post","2":"type-post","3":"status-publish","4":"format-standard","5":"has-post-thumbnail","7":"category-internacional","8":"tag-breaking-news","9":"tag-breakingnews","10":"tag-featured-news","11":"tag-featurednews","12":"tag-headlines","13":"tag-internacional","14":"tag-international","15":"tag-international-news","16":"tag-internationalnews","17":"tag-latest-news","18":"tag-latestnews","19":"tag-news","20":"tag-noticias","21":"tag-noticias-destacadas","22":"tag-noticiasdestacadas","23":"tag-titulares","24":"tag-ultimas-noticias","25":"tag-ultimasnoticias","26":"tag-world","27":"tag-world-news","28":"tag-worldnews"},"share_on_mastodon":{"url":"https:\/\/pubeurope.com\/@es\/115823691926064373","error":""},"_links":{"self":[{"href":"https:\/\/www.europesays.com\/es\/wp-json\/wp\/v2\/posts\/318509","targetHints":{"allow":["GET"]}}],"collection":[{"href":"https:\/\/www.europesays.com\/es\/wp-json\/wp\/v2\/posts"}],"about":[{"href":"https:\/\/www.europesays.com\/es\/wp-json\/wp\/v2\/types\/post"}],"author":[{"embeddable":true,"href":"https:\/\/www.europesays.com\/es\/wp-json\/wp\/v2\/users\/2"}],"replies":[{"embeddable":true,"href":"https:\/\/www.europesays.com\/es\/wp-json\/wp\/v2\/comments?post=318509"}],"version-history":[{"count":0,"href":"https:\/\/www.europesays.com\/es\/wp-json\/wp\/v2\/posts\/318509\/revisions"}],"wp:featuredmedia":[{"embeddable":true,"href":"https:\/\/www.europesays.com\/es\/wp-json\/wp\/v2\/media\/318510"}],"wp:attachment":[{"href":"https:\/\/www.europesays.com\/es\/wp-json\/wp\/v2\/media?parent=318509"}],"wp:term":[{"taxonomy":"category","embeddable":true,"href":"https:\/\/www.europesays.com\/es\/wp-json\/wp\/v2\/categories?post=318509"},{"taxonomy":"post_tag","embeddable":true,"href":"https:\/\/www.europesays.com\/es\/wp-json\/wp\/v2\/tags?post=318509"}],"curies":[{"name":"wp","href":"https:\/\/api.w.org\/{rel}","templated":true}]}}