{"id":318511,"date":"2026-01-02T04:47:08","date_gmt":"2026-01-02T04:47:08","guid":{"rendered":"https:\/\/www.europesays.com\/es\/318511\/"},"modified":"2026-01-02T04:47:08","modified_gmt":"2026-01-02T04:47:08","slug":"el-tiempo-hoy-viernes-2-de-enero-suben-las-temperaturas","status":"publish","type":"post","link":"https:\/\/www.europesays.com\/es\/318511\/","title":{"rendered":"El tiempo hoy viernes, 2 de enero: suben las temperaturas"},"content":{"rendered":"<p>La <strong>borrasca Francis<\/strong> contin\u00faa marcando el ritmo meteorol\u00f3gico en este inicio de a\u00f1o. Para este <strong>viernes, 2 de enero<\/strong>, la Agencia Estatal de Meteorolog\u00eda (AEMET) prev\u00e9 un cambio significativo en los <strong>term\u00f3metros de la Pen\u00ednsula y Baleares<\/strong>, donde se registrar\u00e1 un <strong>ascenso generalizado de las temperaturas<\/strong>. <\/p>\n<p>\u00a0RTVE.es<\/p>\n<p>Este incremento ser\u00e1 especialmente notable en las m\u00e1ximas de las <strong>zonas centrales de ambas mesetas<\/strong> y en las m\u00ednimas de las \u00e1reas altas de la mitad oeste, lo que provocar\u00e1 que las heladas queden restringidas casi exclusivamente a los Pirineos y puntos aislados de monta\u00f1a del norte.<\/p>\n<p>Cielos cubiertos y aumento de las m\u00ednimas<\/p>\n<p>Sin embargo, la estabilidad no ser\u00e1 completa. La proximidad de Francis al oeste peninsular mantendr\u00e1 los <strong>cielos cubiertos<\/strong> en gran parte del territorio. Durante la tarde, las precipitaciones se extender\u00e1n desde el oeste hacia el Cant\u00e1brico, la meseta Norte, el alto Ebro y los Pirineos occidentales. <\/p>\n<p>Las <strong>lluvias<\/strong> ser\u00e1n m\u00e1s persistentes en el sistema Central occidental y en el noroeste, mientras que la <strong>cota de nieve <\/strong>en los Pirineos subir\u00e1 r\u00e1pidamente desde los 1.100 metros iniciales hasta situarse entre los<strong> 1.600 y 2.000 metros<\/strong> al final de la jornada.<\/p>\n<p>Alerta por viento y lluvia en el archipi\u00e9lago<\/p>\n<p>La situaci\u00f3n ser\u00e1 <strong>m\u00e1s complicada en Canarias<\/strong>, donde la borrasca dejar\u00e1 sentir su fuerza. Se espera que las precipitaciones sean localmente fuertes en <strong>Lanzarote y Fuerteventura<\/strong>, especialmente durante la madrugada y en las \u00faltimas horas del d\u00eda. Adem\u00e1s del agua, <strong>el viento ser\u00e1 el gran protagonista<\/strong> en las islas: soplar\u00e1 moderado a fuerte del oeste y suroeste, con rachas muy fuertes en las zonas altas y \u00e1reas expuestas de las islas con mayor relieve.<\/p>\n<p>En el resto del pa\u00eds, las<strong> nieblas matinales<\/strong> podr\u00edan dificultar la visibilidad en las zonas altas de la mitad norte y el tercio este, as\u00ed como en los <strong>litorales de Galicia y el Cant\u00e1brico<\/strong> debido a brumas frontales. En cuanto al viento peninsular, predominar\u00e1 la componente sur y sureste, con intervalos de fuerte en el litoral atl\u00e1ntico, el Estrecho y el oeste del Cant\u00e1brico, mientras que el \u00e1rea mediterr\u00e1nea disfrutar\u00e1 de vientos m\u00e1s flojos.<\/p>\n<p>*Sigue las \u00faltimas noticias sobre El tiempo y la previsi\u00f3n meteorol\u00f3gica en <a href=\"https:\/\/www.rtve.es\/eltiempo\/\" rel=\"nofollow noopener\" target=\"_blank\">RTVE.es<\/a><\/p>\n","protected":false},"excerpt":{"rendered":"La borrasca Francis contin\u00faa marcando el ritmo meteorol\u00f3gico en este inicio de a\u00f1o. Para este viernes, 2 de&hellip;\n","protected":false},"author":2,"featured_media":318512,"comment_status":"","ping_status":"","sticky":false,"template":"","format":"standard","meta":{"footnotes":""},"categories":[8],"tags":[17,18,25,24,13,14,11,19,20,9,10,15,16,23,12,21,22],"class_list":{"0":"post-318511","1":"post","2":"type-post","3":"status-publish","4":"format-standard","5":"has-post-thumbnail","7":"category-espana","8":"tag-breaking-news","9":"tag-breakingnews","10":"tag-es","11":"tag-espana","12":"tag-featured-news","13":"tag-featurednews","14":"tag-headlines","15":"tag-latest-news","16":"tag-latestnews","17":"tag-news","18":"tag-noticias","19":"tag-noticias-destacadas","20":"tag-noticiasdestacadas","21":"tag-spain","22":"tag-titulares","23":"tag-ultimas-noticias","24":"tag-ultimasnoticias"},"share_on_mastodon":{"url":"https:\/\/pubeurope.com\/@es\/115823695869281545","error":""},"_links":{"self":[{"href":"https:\/\/www.europesays.com\/es\/wp-json\/wp\/v2\/posts\/318511","targetHints":{"allow":["GET"]}}],"collection":[{"href":"https:\/\/www.europesays.com\/es\/wp-json\/wp\/v2\/posts"}],"about":[{"href":"https:\/\/www.europesays.com\/es\/wp-json\/wp\/v2\/types\/post"}],"author":[{"embeddable":true,"href":"https:\/\/www.europesays.com\/es\/wp-json\/wp\/v2\/users\/2"}],"replies":[{"embeddable":true,"href":"https:\/\/www.europesays.com\/es\/wp-json\/wp\/v2\/comments?post=318511"}],"version-history":[{"count":0,"href":"https:\/\/www.europesays.com\/es\/wp-json\/wp\/v2\/posts\/318511\/revisions"}],"wp:featuredmedia":[{"embeddable":true,"href":"https:\/\/www.europesays.com\/es\/wp-json\/wp\/v2\/media\/318512"}],"wp:attachment":[{"href":"https:\/\/www.europesays.com\/es\/wp-json\/wp\/v2\/media?parent=318511"}],"wp:term":[{"taxonomy":"category","embeddable":true,"href":"https:\/\/www.europesays.com\/es\/wp-json\/wp\/v2\/categories?post=318511"},{"taxonomy":"post_tag","embeddable":true,"href":"https:\/\/www.europesays.com\/es\/wp-json\/wp\/v2\/tags?post=318511"}],"curies":[{"name":"wp","href":"https:\/\/api.w.org\/{rel}","templated":true}]}}