{"id":318517,"date":"2026-01-02T04:57:07","date_gmt":"2026-01-02T04:57:07","guid":{"rendered":"https:\/\/www.europesays.com\/es\/318517\/"},"modified":"2026-01-02T04:57:07","modified_gmt":"2026-01-02T04:57:07","slug":"la-ud-las-palmas-ingresara-85-millones-por-los-1-250-pisos-del-barrio-amarillo-de-almatriche","status":"publish","type":"post","link":"https:\/\/www.europesays.com\/es\/318517\/","title":{"rendered":"La UD Las Palmas ingresar\u00e1 85 millones por los 1.250 pisos del barrio amarillo de Almatriche"},"content":{"rendered":"<p class=\"ft-text ft-helper-closenews\"><a class=\"ft-link ft-link--decoration\" href=\"https:\/\/www.laprovincia.es\/ud-las-palmas\/2025\/12\/30\/ramirez-desvela-plan-almatriche-construir-125266344.html\" rel=\"nofollow noopener\" target=\"_blank\">Ochenta y cinco millones de ingresos por el barrio UD Las Palmas<\/a>. La entidad p\u00edo p\u00edo hace cuentas y <a class=\"ft-link ft-link--decoration\" href=\"https:\/\/www.laprovincia.es\/ud-las-palmas\/2025\/12\/31\/adios-ano-ud-palmas-forbes-125272067.html\" rel=\"nofollow noopener\" target=\"_blank\">prev\u00e9 ingresar algo m\u00e1s de ochenta millones por la <\/a><a class=\"ft-link ft-link--decoration\" href=\"https:\/\/www.laprovincia.es\/ud-las-palmas\/2025\/12\/31\/adios-ano-ud-palmas-forbes-125272067.html\" rel=\"nofollow noopener\" target=\"_blank\"><strong>construcci\u00f3n y venta de las 1.250 viviendas en los dos solares de Almatriche<\/strong><\/a><strong> <\/strong>-adquiridos por el club-. A la espera de conocer las bases del concurso para la explotaci\u00f3n del nuevo Gran Canaria -que estar\u00e1 terminado en julio de 2029-, la UD activa su plan estrat\u00e9gico. Sin desvelar la fecha del inicio de la construcci\u00f3n del parque residencial, desde la entidad grancanaria confirman que se dotar\u00e1 a la zona de servicios como cafeter\u00edas, restaurantes y gimnasios. El dato de la plusval\u00eda (85) dobla el presupuesto actual del segundo clasificado en Segunda Divisi\u00f3n, que es de 46,6 millones para la edici\u00f3n liguera 25-26.<\/p>\n<p class=\"ft-text\">La adquisici\u00f3n de las dos parcelas en Almatriche,<strong> a 1,7 kil\u00f3metros del Estadio de Gran Canaria<\/strong>, conforma un movimiento estrat\u00e9gico por parte de la UD y con vistas a la revalorizaci\u00f3n del barrio con la disputa del Mundial 2030. Siete Palmas como pulm\u00f3n deportivo y residencial de la capital. Con un precio de salida de 70.000 euros por inmueble, el super\u00e1vit por la venta de las 1.250 casas es de 87,5 millones. El valor del plantel de Luis Garc\u00eda Fern\u00e1ndez es de 39,4 y lo que se abon\u00f3 por la reconstrucci\u00f3n de Barranco Seco fueron 22 kilos -inaugurada en 2019-.<\/p>\n<p class=\"ft-text\">La mayor venta en la historia del club amarillo fue la de Jonathan Viera al Beijing de la Superliga de China por 27 millones. La segunda mayor operaci\u00f3n fue la salida de Pedri al Bar\u00e7a, que abon\u00f3 25 kilos dentro de una f\u00f3rmula de pago por rendimiento. Los 85 millones del negocio de la venta de pisos es como si se vendiesen tres Vieras o tres Pedris. Invertir en el mercado inmobiliario es una vieja pretensi\u00f3n del consejo de administraci\u00f3n de la UD, que comanda Miguel \u00c1ngel Ram\u00edrez. En septiembre, el club amarillo se hizo con el <strong>palacete de Eufemiano Fuentes en de Las Meleguinas (Santa Br\u00edgida)<\/strong> para convertirlo en residencia y hotel. El gasto total asciende a ocho millones y tambi\u00e9n tiene como finalidad acoger a los equipos que disputen la fase de grupos en la Copa del Mundo de Gran Canaria. De forma paralela, Barranco Seco est\u00e1 pendiente de los \u00faltimos permisos burocr\u00e1ticos para edificar la segunda fase. Ser\u00e1 un emplazamiento para la pernoctaci\u00f3n y concentraci\u00f3n de la UD y filiales.<\/p>\n<p class=\"ft-text\">Ram\u00edrez avanz\u00f3 el pasado 30 de diciembre, en la cena de Fin de A\u00f1o con el plantel, el reto de construir \u00abel barrio de la UD Las Palmas\u00bb como punto clave de su nuevo plan estrat\u00e9gico. \u00abEl terreno est\u00e1 previsto para hacer 1.250 viviendas. Haremos el<strong> barrio de la UD <\/strong>y estaremos a la espera\u00bb.<\/p>\n<p>Candidatos para la gesti\u00f3n <\/p>\n<p class=\"ft-text\">El Cabildo se gastar\u00e1 en la obra del nuevo Gran Canaria -que tiene el sobrenombre de La Nube- <strong>algo m\u00e1s de cien millones<\/strong>. El concurso de la explotaci\u00f3n del recinto futurista est\u00e1 en el horizonte y la UD lo reclama desde su gesti\u00f3n m\u00e1s all\u00e1 del bal\u00f3n. El Real Zaragoza, rival de los amarillos el domingo en el Ibercaja Estadio (17.30 horas, TVC) abonar\u00e1 200 millones en 75 a\u00f1os. El pago de un canon anual (2,66) le convierte en el explotador \u00fanico.<\/p>\n<p class=\"ft-text\">Zaragoza tambi\u00e9n ser\u00e1 sede del Mundial 2030, un evento que lo cambia todo. El Estado invertir\u00e1 1.430 millones en infraestructuras para una cita que generar\u00e1 cinco mil millones, as\u00ed como la creaci\u00f3n de <strong>80.000 puestos de empleo<\/strong> -son datos de la RFEF y FIFA-. La inversi\u00f3n total para reformar los estadios espa\u00f1oles es de 540 kilos. Mientras el Gran Canaria se prepara para cambiar de look, la UD se mueve a toda velocidad. Generar dividendos para huir del mecenazgo. El club paga un alquiler por usar el recinto de Siete Palmas (435.000) y recibe 1,6 millones del ente cabildicio de patrocinio hasta 2027. El pr\u00f3ximo a\u00f1o, se firma el nuevo convenio. El CB Gran Canaria recibe cuatro millones al a\u00f1o del erario p\u00fablico.<\/p>\n<p data-close=\"closedContent\" class=\"subscribeHideForDisplay\">Suscr\u00edbete para seguir leyendo<\/p>\n","protected":false},"excerpt":{"rendered":"Ochenta y cinco millones de ingresos por el barrio UD Las Palmas. La entidad p\u00edo p\u00edo hace cuentas&hellip;\n","protected":false},"author":2,"featured_media":318518,"comment_status":"","ping_status":"","sticky":false,"template":"","format":"standard","meta":{"footnotes":""},"categories":[268],"tags":[58360,72902,168,25,24,280,282,1897,74314,4724,556,6777,281,23,167,4407,4406],"class_list":{"0":"post-318517","1":"post","2":"type-post","3":"status-publish","4":"format-standard","5":"has-post-thumbnail","7":"category-futbol","8":"tag-58360","9":"tag-almatriche","10":"tag-deportes","11":"tag-es","12":"tag-espana","13":"tag-football","14":"tag-futbol","15":"tag-gran-canaria","16":"tag-ingresara","17":"tag-millones","18":"tag-palmas","19":"tag-pisos","20":"tag-soccer","21":"tag-spain","22":"tag-sports","23":"tag-ud","24":"tag-ud-las-palmas"},"share_on_mastodon":{"url":"https:\/\/pubeurope.com\/@es\/115823735334336463","error":""},"_links":{"self":[{"href":"https:\/\/www.europesays.com\/es\/wp-json\/wp\/v2\/posts\/318517","targetHints":{"allow":["GET"]}}],"collection":[{"href":"https:\/\/www.europesays.com\/es\/wp-json\/wp\/v2\/posts"}],"about":[{"href":"https:\/\/www.europesays.com\/es\/wp-json\/wp\/v2\/types\/post"}],"author":[{"embeddable":true,"href":"https:\/\/www.europesays.com\/es\/wp-json\/wp\/v2\/users\/2"}],"replies":[{"embeddable":true,"href":"https:\/\/www.europesays.com\/es\/wp-json\/wp\/v2\/comments?post=318517"}],"version-history":[{"count":0,"href":"https:\/\/www.europesays.com\/es\/wp-json\/wp\/v2\/posts\/318517\/revisions"}],"wp:featuredmedia":[{"embeddable":true,"href":"https:\/\/www.europesays.com\/es\/wp-json\/wp\/v2\/media\/318518"}],"wp:attachment":[{"href":"https:\/\/www.europesays.com\/es\/wp-json\/wp\/v2\/media?parent=318517"}],"wp:term":[{"taxonomy":"category","embeddable":true,"href":"https:\/\/www.europesays.com\/es\/wp-json\/wp\/v2\/categories?post=318517"},{"taxonomy":"post_tag","embeddable":true,"href":"https:\/\/www.europesays.com\/es\/wp-json\/wp\/v2\/tags?post=318517"}],"curies":[{"name":"wp","href":"https:\/\/api.w.org\/{rel}","templated":true}]}}