{"id":318527,"date":"2026-01-02T05:03:13","date_gmt":"2026-01-02T05:03:13","guid":{"rendered":"https:\/\/www.europesays.com\/es\/318527\/"},"modified":"2026-01-02T05:03:13","modified_gmt":"2026-01-02T05:03:13","slug":"cuales-fueron-las-5-peores-peliculas-del-2025-segun-los-criticos-de-the-washington-post","status":"publish","type":"post","link":"https:\/\/www.europesays.com\/es\/318527\/","title":{"rendered":"Cu\u00e1les fueron las 5 peores pel\u00edculas del 2025, seg\u00fan los cr\u00edticos de The Washington Post"},"content":{"rendered":"<p class=\"article-body__paragraph\">Como repaso del a\u00f1o, distintos cr\u00edticos de medios de comunicaci\u00f3n elaboran el t\u00edpico listado de \u201clo mejor del cine\u201d para reconocer esas <a href=\"https:\/\/www.latercera.com\/etiqueta\/peliculas\" rel=\"nofollow noopener\" target=\"_blank\"><b>pel\u00edculas<\/b><\/a> que valen la pena ver. No obstante, el <a href=\"https:\/\/www.washingtonpost.com\/\" rel=\"nofollow noopener\" target=\"_blank\">Washington Post<\/a> dio un paso m\u00e1s all\u00e1 y public\u00f3 un balance un poco menos amable: su ranking de las peores pel\u00edculas del 2025.<\/p>\n<p class=\"article-body__paragraph\">Estrenos que decepcionaron, cr\u00edticas duras y calificaciones bajas. Estos fueron los criterios que utilizaron en las pel\u00edculas que se lanzaron este a\u00f1o pasado. Muchas de ellas fueron grandes apuestas de Hollywood o proyectos esperados que, al final, quedaron en nada.<\/p>\n<p class=\"article-body__paragraph\">Es \u201cel mont\u00f3n de pel\u00edculas tan malas que no lograron m\u00e1s que una estrella y media de nuestros cr\u00edticos\u201d, explicaron desde el medio. Estas fueron las pel\u00edculas elegidas.<\/p>\n<p><b>1. El Contador 2<\/b><img alt=\"\" class=\"global-image\" decoding=\"async\"  src=\"https:\/\/www.europesays.com\/es\/wp-content\/uploads\/2026\/01\/X6QXR7AHZRDV7PZI73IEQ65QWI.jpg\"  fetchpriority=\"low\" loading=\"lazy\"\/>Cu\u00e1les fueron las 5 peores pel\u00edculas del 2025, seg\u00fan los cr\u00edticos de The Washington Post <\/p>\n<p class=\"article-body__paragraph\">Protagonizada por Ben Affleck, esta secuela retoma la historia de un protagonista en un mundo criminal con violencia operaciones clandestinas. La pel\u00edcula se apoya principalmente en escenas de acci\u00f3n, combates cuerpo a cuerpo y tiroteos. <\/p>\n<p class=\"article-body__paragraph\">Para <b>Ann Hornaday<\/b>, cr\u00edtica de The Washington Post, la pel\u00edcula recurre a recursos demasiado evidentes para atraer al p\u00fablico, como bromas sentimentales y secuencias llamativas, pero termina siendo poco m\u00e1s que una excusa para encadenar \u201cpeleas con cuchillos geniales, peleas a pu\u00f1etazos realmente impresionantes y, por supuesto, tiroteos con los que se puede sobrevivir m\u00e1gicamente\u201d.<\/p>\n<p><b>2. The Alto Knights: Mafia y Poder<\/b><img alt=\"\" class=\"global-image\" decoding=\"async\"  src=\"https:\/\/www.europesays.com\/es\/wp-content\/uploads\/2026\/01\/D7XXQ2JTNRACFM7FKPEMF5KK6A.jpg\"  fetchpriority=\"low\" loading=\"lazy\"\/>Cu\u00e1les fueron las 5 peores pel\u00edculas del 2025, seg\u00fan los cr\u00edticos de The Washington Post <\/p>\n<p class=\"article-body__paragraph\">Inspirada en hechos reales, la pel\u00edcula sigue a dos de los jefes del crimen m\u00e1s notorios de Nueva York, Frank Costello y Vito Genovese. La estructura trata de parecerse a las de otros proyectos de cl\u00e1sicos de la mafia.<\/p>\n<p class=\"article-body__paragraph\">Sin embargo, <b>Michael O\u2019Sullivan<\/b> sostiene en The Washington Post que la historia avanza sin verdadero suspenso y con un ritmo pesado, parecido a \u201cun documental de televisi\u00f3n por cable sobre una pelea entre miembros de una banda de heavy metal\u201d.<\/p>\n<p><b>3. Americana<\/b><img alt=\"\" class=\"global-image\" decoding=\"async\"  src=\"https:\/\/www.europesays.com\/es\/wp-content\/uploads\/2026\/01\/QULZE6CJUJHCRAQPMKNKLE7O3U.jpg\"  fetchpriority=\"low\" loading=\"lazy\"\/>Cu\u00e1les fueron las 5 peores pel\u00edculas del 2025, seg\u00fan los cr\u00edticos de The Washington Post <\/p>\n<p class=\"article-body__paragraph\">Con Sydney Sweeney como protagonista, esta pel\u00edcula es una especie de western moderno donde distintos personajes luchan por la adquisici\u00f3n de un artefacto nativoamericano raro. Una mezcla del sue\u00f1o americano, crimen, violencia y cultura.<\/p>\n<p class=\"article-body__paragraph\">Pero <b>Ty Burr<\/b>, cr\u00edtico del Post, asegur\u00f3 que se trata de \u201cuna imitaci\u00f3n de Fargo, con un toque de Tarantino (&#8230;) Un gui\u00f3n que exprime al m\u00e1ximo la iron\u00eda de los di\u00e1logos, hasta casi exprimirla por completo\u201d. <\/p>\n<p><b>4. Anaconda<\/b><img alt=\"\" class=\"global-image\" decoding=\"async\"  src=\"https:\/\/www.europesays.com\/es\/wp-content\/uploads\/2026\/01\/VJU26HWFERA6DAOCNAJS6YAJCY.jpg\"  fetchpriority=\"low\" loading=\"lazy\"\/>Cu\u00e1les fueron las 5 peores pel\u00edculas del 2025, seg\u00fan los cr\u00edticos de The Washington Post <\/p>\n<p class=\"article-body__paragraph\">Aunque se cre\u00eda que la combinaci\u00f3n de Jack Black y Paul Rudd no pod\u00eda fallar, la comedia inspirada en el cl\u00e1sico Anaconda tuvo malas cr\u00edticas. Los dos personajes se adentran en el Amazonas en medio de una crisis de la mediana edad, pero se encuentran con una anaconda real. <\/p>\n<p class=\"article-body__paragraph\">El cr\u00edtico <b>Chris Klimek <\/b>se fue contra los guionistas de la pel\u00edcula, Tom Gormican y Kevin Etten: repas\u00f3 sus anteriores pel\u00edculas y dijo que \u201ctienen mucha experiencia creando cosas que deber\u00edan ser mucho m\u00e1s divertidas de lo que son\u201d. <\/p>\n<p><b>5. An\u00e9mona<\/b><img alt=\"\" class=\"global-image\" decoding=\"async\"  src=\"https:\/\/www.europesays.com\/es\/wp-content\/uploads\/2026\/01\/MTARR65QYFDHNKSDLHMZHZDLH4.jpg\"  fetchpriority=\"low\" loading=\"lazy\"\/>Cu\u00e1les fueron las 5 peores pel\u00edculas del 2025, seg\u00fan los cr\u00edticos de The Washington Post <\/p>\n<p class=\"article-body__paragraph\">Esta pel\u00edcula de drama se enfoca en los lazos familiares entre hermanos, hijos y padres. Los cr\u00edticos dicen que es una \u201chistoria sencilla con mucha sustancia\u201d, sin embargo, muy pesada de ver.<\/p>\n<p class=\"article-body__paragraph\"><b>Ty Burr <\/b>del Post declar\u00f3 entonces que \u201cla pel\u00edcula est\u00e1 hecha con una direcci\u00f3n portentosa y torpe, una insistencia en un significado mayor que, al no estar respaldada por nada, le resta vitalidad (&#8230;) Con dos horas completas, la pesadez se vuelve insoportable\u201d.<\/p>\n<p class=\"article-body__paragraph\">Puedes ver las 18 cr\u00edticas completas haciendo click <a href=\"https:\/\/www.washingtonpost.com\/dc-md-va\/2025\/12\/31\/worst-movies-2025\/\" rel=\"nofollow noopener\" target=\"_blank\">aqu\u00ed<\/a>.<\/p>\n","protected":false},"excerpt":{"rendered":"Como repaso del a\u00f1o, distintos cr\u00edticos de medios de comunicaci\u00f3n elaboran el t\u00edpico listado de \u201clo mejor del&hellip;\n","protected":false},"author":2,"featured_media":318528,"comment_status":"","ping_status":"","sticky":false,"template":"","format":"standard","meta":{"footnotes":""},"categories":[169],"tags":[177,74318,146,147,25,24,176,66787,35760,175,24406,753,74317,74315,74316,8188,6817,74320,74319,23,14277,74321],"class_list":{"0":"post-318527","1":"post","2":"type-post","3":"status-publish","4":"format-standard","5":"has-post-thumbnail","7":"category-cine","8":"tag-cine","9":"tag-cine-2025","10":"tag-entertainment","11":"tag-entretenimiento","12":"tag-es","13":"tag-espana","14":"tag-film","15":"tag-jack-black","16":"tag-la-tercera","17":"tag-movies","18":"tag-paul-rudd","19":"tag-peliculas","20":"tag-peliculas-2025","21":"tag-peores-peliculas","22":"tag-peores-peliculas-del-2025","23":"tag-que-ver","24":"tag-ranking","25":"tag-ranking-peores-peliculas","26":"tag-ranking-peores-peliculas-2025","27":"tag-spain","28":"tag-sydney-sweeney","29":"tag-washington-post"},"share_on_mastodon":{"url":"https:\/\/pubeurope.com\/@es\/115823759157569015","error":""},"_links":{"self":[{"href":"https:\/\/www.europesays.com\/es\/wp-json\/wp\/v2\/posts\/318527","targetHints":{"allow":["GET"]}}],"collection":[{"href":"https:\/\/www.europesays.com\/es\/wp-json\/wp\/v2\/posts"}],"about":[{"href":"https:\/\/www.europesays.com\/es\/wp-json\/wp\/v2\/types\/post"}],"author":[{"embeddable":true,"href":"https:\/\/www.europesays.com\/es\/wp-json\/wp\/v2\/users\/2"}],"replies":[{"embeddable":true,"href":"https:\/\/www.europesays.com\/es\/wp-json\/wp\/v2\/comments?post=318527"}],"version-history":[{"count":0,"href":"https:\/\/www.europesays.com\/es\/wp-json\/wp\/v2\/posts\/318527\/revisions"}],"wp:featuredmedia":[{"embeddable":true,"href":"https:\/\/www.europesays.com\/es\/wp-json\/wp\/v2\/media\/318528"}],"wp:attachment":[{"href":"https:\/\/www.europesays.com\/es\/wp-json\/wp\/v2\/media?parent=318527"}],"wp:term":[{"taxonomy":"category","embeddable":true,"href":"https:\/\/www.europesays.com\/es\/wp-json\/wp\/v2\/categories?post=318527"},{"taxonomy":"post_tag","embeddable":true,"href":"https:\/\/www.europesays.com\/es\/wp-json\/wp\/v2\/tags?post=318527"}],"curies":[{"name":"wp","href":"https:\/\/api.w.org\/{rel}","templated":true}]}}