{"id":318551,"date":"2026-01-02T05:22:13","date_gmt":"2026-01-02T05:22:13","guid":{"rendered":"https:\/\/www.europesays.com\/es\/318551\/"},"modified":"2026-01-02T05:22:13","modified_gmt":"2026-01-02T05:22:13","slug":"a-los-65-anos-la-casa-no-tiene-por-que-parecer-una-residencia-geriatrica-uno-puede-envejecer-con-estilo","status":"publish","type":"post","link":"https:\/\/www.europesays.com\/es\/318551\/","title":{"rendered":"A los 65 a\u00f1os, la casa no tiene por qu\u00e9 parecer una residencia geri\u00e1trica; uno puede envejecer con estilo"},"content":{"rendered":"<p>A diferencia de lo que se suele pensar, una reforma o una vivienda no tiene por qu\u00e9 responder a una necesidad urgente del presente. Dise\u00f1ar un hogar a largo plazo puede ahorrarnos muchos dolores de cabeza. Sin embargo, postergar las decisiones importantes puede hacernos evadir nuestro proyecto de vivienda. La casa que habitamos a partir de los 65 a\u00f1os no es una soluci\u00f3n temporal. Es, en muchos casos, el lugar donde viviremos nuestra jubilaci\u00f3n, nuevas rutinas, tiempo con hijos y nietos, incluso nuevos pasatiempos. Para reflexionar sobre c\u00f3mo deber\u00eda ser el hogar donde hacernos mayores, hablamos con el <strong>interiorista Carlos Rubio, director de <a href=\"https:\/\/www.insenia.org\/\" rel=\"nofollow noopener\" target=\"_blank\">Insenia <\/a>(@<a href=\"https:\/\/www.instagram.com\/insenia_design_school_madrid\/?hl=es\" rel=\"nofollow noopener\" target=\"_blank\">insenia_design_school_madrid<\/a>)<\/strong>. Desde una mirada personal y profesional, el experto nos explica que envejecer en casa no significa renunciar al estilo ni a la continuaci\u00f3n de la vida, sino dise\u00f1ar espacios que nos devuelvan autonom\u00eda, placer y tranquilidad cuando m\u00e1s lo necesitamos.<\/p>\n<p>La casa ideal para una nueva etapa<img loading=\"lazy\" decoding=\"async\" src=\"https:\/\/www.europesays.com\/es\/wp-content\/uploads\/2026\/01\/bano-con-ducha-moderna_61baf85f_00568078_251221222930_1000x1228.webp.webp\" alt=\"bano con ducha moderna\" class=\"lazyload\" width=\"1000\" height=\"1228\" data-aspectratio=\"1000\/1228\"\/>&#13;El Mueble<\/p>\n<p>Qu\u00e9 mejor experto para contarnos c\u00f3mo es la casa ideal a los 65 a\u00f1os que Carlos Rubio. Y es que, justamente, el director de Insenia ha dise\u00f1ado recientemente su hogar para el paso de los a\u00f1os. \u00ab<strong>No tengo que imaginarme mi casa del futuro, la verdad. Me la acabo de hacer<\/strong>\u00ab, nos cuenta. \u00abY no pensando en el &#8216;por ahora&#8217;, sino en el &#8216;para siempre&#8217;. Porque la casa ideal a los 65 no es provisional: es la casa en la que te apetece estar, vivirla, cuidarla\u2026 y dejar que te cuide un poco tambi\u00e9n\u00bb, explica.\u00a0<\/p>\n<p>&#13;<img decoding=\"async\" src=\"https:\/\/www.europesays.com\/es\/wp-content\/uploads\/2026\/01\/cocina-abierta-suelo-continuo-madera-00535963-00000000-04ab268b-230111210707_d640a392_251218140452_6.webp\" alt=\"cocina abierta suelo continuo madera 00535963 00000000 04ab268b 230111210707\" class=\"image lazyload\"\/><\/p>\n<p class=\"epigraph\">\u00bfOpinas igual?<\/p>\n<p><a href=\"https:\/\/www.elmueble.com\/estancias\/cinco-interioristas-coinciden-cocinas-abiertas-estan-moda-pero-este-2026-veremos-cerramientos-cristal-cocinas-semiabiertas_63210\" rel=\"nofollow noopener\" target=\"_blank\">Cocinas con cerramientos de cristal, lo \u00faltimo para 2026<\/a><\/p>\n<p>A nivel pr\u00e1ctico, Carlos nos cuenta que est\u00e1 todo en una planta, sin trampas ni escaleras encubiertas: algo fundamental si pensamos en seguridad y accesibilidad. \u00ab<strong>Cuenta con <a href=\"https:\/\/www.elmueble.com\/estancias\/tendencias-platos-ducha-fotos-ideas-diferentes-que-aportan-belleza-confort-amplitud_42205\" rel=\"nofollow noopener\" target=\"_blank\">ducha a ras de suelo,<\/a> muebles bien dispuestos, sin esquinas maliciosas ni pasillos innecesarios<\/strong>\u00ab, afirma. Ahora bien, el paso del tiempo no significa que la casa deba perder estilo. \u00abMi casa no es una casa \u00abde mayor\u00bb en el sentido cl\u00e1sico. Los 70 de ahora son los 50 de antes. No tiene por qu\u00e9 parecer una residencia geri\u00e1trica. Uno puede envejecer con estilo, faltar\u00eda m\u00e1s\u00bb, subraya.\u00a0<\/p>\n<p><img loading=\"lazy\" decoding=\"async\" src=\"https:\/\/www.europesays.com\/es\/wp-content\/uploads\/2026\/01\/comedor-exterior-con-lamparas-grandes-00565095_b955c843_251221222751_1000x894.webp.webp\" alt=\"comedor exterior con la\u0301mparas grandes 00565095\" class=\"lazyload\" width=\"1000\" height=\"894\" data-aspectratio=\"1000\/894\"\/>&#13;El Mueble<\/p>\n<p>Durante el proyecto, el interiorista hizo hincapi\u00e9 en\u00a0<a href=\"https:\/\/www.elmueble.com\/decoracion\/domotica-persianas-iluminacion-cocina-todo-que-necesitas-saber-para-tener-hogar-inteligente_49403\" rel=\"nofollow noopener\" target=\"_blank\">contar con un buen sistema dom\u00f3tico<\/a> \u00aba discreci\u00f3n\u00bb, se\u00f1ala. \u00ab<strong>Que le puedas decir &#8216;enciende las luces del dormitorio&#8217; o &#8216;apaga la calefacci\u00f3n&#8217; y que la casa obedezca. Porque una cosa es cumplir a\u00f1os y otra renunciar a la comodidad (y al gusto por los gadgets)<\/strong>\u00ab, reflexiona Carlos.\u00a0<\/p>\n<p>Por \u00faltimo, se trata de una casa pensada para reunir a familiares y amigos. \u00abEl <strong>jard\u00edn <\/strong>para m\u00ed es fundamental: peque\u00f1o, cuidado, con tiestos, tumbonas al sol y <a href=\"https:\/\/www.elmueble.com\/estancias\/comedores-exterior-el-mueble-ideas-decorativas-inspiracion_40710\" rel=\"nofollow noopener\" target=\"_blank\">un comedor de verano<\/a> para doce.<strong> Que la casa tambi\u00e9n est\u00e1 pensada para abrirla, para llenarla de gente y de vida<\/strong>\u00ab, comenta.\u00a0<\/p>\n<p>Claves de experto para una casa c\u00f3moda y segura<img loading=\"lazy\" decoding=\"async\" src=\"https:\/\/www.europesays.com\/es\/wp-content\/uploads\/2026\/01\/00495429_00000000_34b85244_251221223256_1000x1500.webp.webp\" alt=\"00495429\" class=\"lazyload\" width=\"1000\" height=\"1500\" data-aspectratio=\"1000\/1500\"\/>&#13;El Mueble<\/p>\n<p>Es sumamente importante que el hogar sea<strong> seguro y f\u00e1cil de mantener<\/strong>. Muchas veces, a medida que pasan los a\u00f1os, vamos perdiendo movilidad. \u00abLo primero es tener una casa que no te d\u00e9 trabajo.\u00a0A cierta edad, lo c\u00f3modo no es el sof\u00e1 mullido, sino no tener que estar pendiente de que se rompa algo cada semana\u00bb, explica Carlos.<\/p>\n<p>\u00ab<strong>Para que una casa sea c\u00f3moda de verdad, no puede esclavizarte ni f\u00edsica ni econ\u00f3micamente.<\/strong> Tiene que ser f\u00e1cil de limpiar, f\u00e1cil de calentar en invierno y de refrescar en verano, y no dejarte temblando cada vez que llega la factura de la luz\u00bb, afirma.\u00a0<\/p>\n<p><img loading=\"lazy\" decoding=\"async\" src=\"https:\/\/www.europesays.com\/es\/wp-content\/uploads\/2026\/01\/00528727_00000000_38c7ab7f_251221223747_1000x1366.webp.webp\" alt=\"00528727\" class=\"lazyload\" width=\"1000\" height=\"1366\" data-aspectratio=\"1000\/1366\"\/>&#13;El Mueble<\/p>\n<p>Para el interiorista, es clave contar con materiales nobles, pero tambi\u00e9n resistentes. \u00abLos textiles deben ser agradables al tacto, pero lavables. Prefiero acabados que envejecen bien, luces LED regulables, electrodom\u00e9sticos con sentido com\u00fan, y <a href=\"https:\/\/www.elmueble.com\/decoracion\/aislar-tu-casa-nuevos-materiales-e-ideas-decorativas-que-debes-saber-y-quiza-no-te-han-contado-para-aislar-bien-tu-casa_49742\" rel=\"nofollow noopener\" target=\"_blank\"><strong>mucho aislamiento <\/strong>de verdad<\/a>\u00ab, aconseja. Nos recuerda que, a esa edad, \u00abuno no est\u00e1 para andar poni\u00e9ndose el forro polar dentro de casa\u00bb.<\/p>\n<p>&#13;<img decoding=\"async\" src=\"https:\/\/www.europesays.com\/es\/wp-content\/uploads\/2026\/01\/dormitorio-00596734_475ea4ff_00596734_251001160901_600x600.webp.webp\" alt=\"dormitorio 00596734\" class=\"image lazyload\"\/><\/p>\n<p class=\"epigraph\">EN TENDENCIA<\/p>\n<p><a href=\"https:\/\/www.elmueble.com\/decoracion\/cada-vez-hay-mas-parejas-que-me-piden-habitaciones-separadas_61983\" rel=\"nofollow noopener\" target=\"_blank\">Carlos Rubio: \u00abCada vez hay m\u00e1s parejas que me piden habitaciones separadas\u00bb<\/a><\/p>\n<p>Una buena inversi\u00f3n es <a href=\"https:\/\/www.elmueble.com\/decoracion\/placas-solares-todo-que-debes-saber-sobre-su-instalacion-para-autoconsumo_49276\" rel=\"nofollow noopener\" target=\"_blank\">instalar placas solares<\/a> y bater\u00edas. \u00abTe olvidas del recibo de la luz durante muchos meses al a\u00f1o\u00bb, subraya Carlos. \u00abY lo mismo con la calefacci\u00f3n. Instalar aerotermia mientras a\u00fan est\u00e1s en activo te permite tener la casa calentita por la mitad de dinero cuando te jubiles\u00bb, aconseja. El experto advierte algo de lo que poco se habla: \u00ab<strong>S\u00ed, los 70 de ahora son los 50 de antes, pero con menos ingresos. Y eso tambi\u00e9n hay que dise\u00f1arlo<\/strong>\u00ab.<\/p>\n<p>Un hogar con memoria<img loading=\"lazy\" decoding=\"async\" src=\"https:\/\/www.europesays.com\/es\/wp-content\/uploads\/2026\/01\/00545167-comedor-clasico-con-mesa-y-sillas-redondas_00000000_5463ac52_251221223934_1000x1334.webp.webp\" alt=\"00545167 Comedor cl\u00e1sico con mesa y sillas redondas\" class=\"lazyload\" width=\"1000\" height=\"1334\" data-aspectratio=\"1000\/1334\"\/>&#13;El Mueble<\/p>\n<p><a href=\"https:\/\/www.elmueble.com\/promocion\/5-cosas-que-tienes-que-saber-antes-reformar-tu-piso-o-casa_59775\" rel=\"nofollow noopener\" target=\"_blank\">Reformar el hogar<\/a> pensando en el futuro no consiste en cambiar absolutamente todo. \u00abPodemos mantener la calidez con cabeza y con cari\u00f1o, porque la memoria est\u00e1 en los objetos, s\u00ed, pero tambi\u00e9n en c\u00f3mo los colocas, en qu\u00e9 decides guardar y qu\u00e9 dejas ir\u00bb, reflexiona Carlos.<\/p>\n<p>\u00ab<strong>A estas alturas, uno ya ha acumulado muchas cosas, muchas historias\u2026 pero no todo tiene que estar a la vista. No se trata de vivir en un altar de uno mismo, sino de convivir con lo que de verdad te hace sentir bien<\/strong>\u00ab, explica el interiorista.<\/p>\n<p>&#13;<img decoding=\"async\" src=\"https:\/\/www.europesays.com\/es\/wp-content\/uploads\/2026\/01\/premia-de-mar-01-salon-comedor-cocina-proyecto-montse-morales-fotografia-jordi-folch_d3d0622a_251113.webp\" alt=\"Premi\u00e0 de Mar 01 salon comedor cocina Proyecto Montse Morales Fotograf\u00eda Jordi Folch\" class=\"image lazyload\"\/><\/p>\n<p class=\"epigraph\">Te la ense\u00f1amos<\/p>\n<p><a href=\"https:\/\/www.elmueble.com\/decoracion\/casa-para-empezar-nuevo-reforma-para-etapa-jubilacion-que-pareja-ha-redescubierto-su-hogar_62673\" rel=\"nofollow noopener\" target=\"_blank\">La reforma para la etapa de jubilaci\u00f3n con la que una pareja ha redescubierto su hogar<\/a><\/p>\n<p>Desde su punto de vista, deber\u00edamos mantener aquellos elementos realmente significativos: \u00ab<strong>Yo soy partidario de conservar piezas especiales<\/strong>: <a href=\"https:\/\/www.elmueble.com\/decoracion\/paula-duarte-si-tienes-mueble-herdedado-tu-abuela-asi-debes-decorarlo-para-que-no-desfase-tu-decoracion_60986\" rel=\"nofollow noopener\" target=\"_blank\">una butaca heredada<\/a>, una vajilla antigua, ese cuadro que te pint\u00f3 un amigo hace treinta a\u00f1os. Pero rodearlos de espacio, de calma, de aire. Para que respiren y t\u00fa tambi\u00e9n. Es un error pensar que m\u00e1s cosas significan m\u00e1s calidez. A veces, lo contrario\u00bb, resalta.<\/p>\n<p><img loading=\"lazy\" decoding=\"async\" src=\"https:\/\/www.europesays.com\/es\/wp-content\/uploads\/2026\/01\/recibidores-vintage-00435536_00000000_667c5869_251221224240_1000x1250.webp.webp\" alt=\"recibidores-vintage-00435536\" class=\"lazyload\" width=\"1000\" height=\"1250\" data-aspectratio=\"1000\/1250\"\/>&#13;El Mueble<\/p>\n<p>Asimismo, Carlos nos invita a mirar este refugio llamado hogar con perspectiva. \u00ab<strong>Seamos realistas: con 65 a\u00f1os y un poco de buena salud, todav\u00eda te queda mucha vida por delante<\/strong>\u00ab, advierte. \u00abNo puedes vivir con la mirada puesta exclusivamente en el pasado, como si ya se hubiera acabado todo lo bueno. Porque no. Esa casa tiene que seguir teniendo sitio para lo que est\u00e1 por venir \u2014que puede ser mucho y muy bueno\u2014. <strong>Dejemos memoria, s\u00ed, pero tambi\u00e9n hueco para nuevas historias<\/strong>\u00ab, aconseja el experto.<\/p>\n<p>M\u00e1s que nunca, el hogar como refugio<img loading=\"lazy\" decoding=\"async\" src=\"https:\/\/www.europesays.com\/es\/wp-content\/uploads\/2026\/01\/vitrina-comedor-00604115_da3fc204_00604115_251221224334_1000x1500.webp.webp\" alt=\"vitrina comedor 00604115\" class=\"lazyload\" width=\"1000\" height=\"1500\" data-aspectratio=\"1000\/1500\"\/>&#13;El Mueble<\/p>\n<p>\u00a0<\/p>\n<p>\u00ab<strong>La casa siempre ha sido un refugio, pero a partir de cierta edad lo es m\u00e1s que nunca<\/strong>\u00ab, reflexiona el experto. \u00bfPor qu\u00e9? B\u00e1sicamente porque nuestros v\u00ednculos profesionales se van modificando. \u00ab<strong>Vas perdiendo redes: ya no est\u00e1n los padres, los hijos se han ido, y la red profesional, que antes estructuraba tu d\u00eda a d\u00eda, se afloja o desaparece<\/strong>\u00ab, comenta el interiorista. \u00abEntonces la casa se convierte en ese lugar donde te recoges, donde te reencuentras contigo, donde sigues proyectando cosas, aunque sea a otro ritmo\u00bb, aclara.\u00a0<\/p>\n<p>&#13;<img decoding=\"async\" src=\"https:\/\/www.europesays.com\/es\/wp-content\/uploads\/2026\/01\/sofa-con-comoda-detras-00584162_3c65b455_00584162_251007114603_600x600.webp.webp\" alt=\"sofa con comoda detras 00584162\" class=\"image lazyload\"\/><\/p>\n<p class=\"epigraph\">EXPERTAS <\/p>\n<p><a href=\"https:\/\/www.elmueble.com\/decoracion\/arquitecta-interiorista-coinciden-65-anos-primero-que-elegiriamos-seria-vivienda-techos-altos-buena-orientacion_62054\" rel=\"nofollow noopener\" target=\"_blank\">Lo que una arquitecta y una interiorista elegir\u00edan para su hogar a los 65 a\u00f1os<\/a><\/p>\n<p>Por esta raz\u00f3n, es fundamental que el hogar sea seguro, c\u00f3modo y flexible. En palabras de Carlos, \u00ab<strong>es importante que la casa no se vuelva una trampa<\/strong>\u00ab. Por eso, \u00absi duele subir las escaleras, si mantenerla cuesta m\u00e1s que tu pensi\u00f3n, <a href=\"https:\/\/www.elmueble.com\/orden-limpieza-ahorro\/como-ahorrar-calefaccion_44335\" rel=\"nofollow noopener\" target=\"_blank\">si la calefacci\u00f3n no te la puedes permitir<\/a>\u2026 entonces deja de ser un refugio y <strong>pasa a ser una carga<\/strong>\u00ab, explica, lo cual no solo impacta a nivel f\u00edsico, sino tambi\u00e9n emocional. \u00abLo triste es que, a veces, no queda m\u00e1s remedio que irse. Y cuando te ves obligado a abandonar tu casa no por deseo, sino por necesidad, duele mucho m\u00e1s\u00bb, dice el experto.\u00a0<\/p>\n<p>En este sentido, la planificaci\u00f3n es clave. \u00abCuanto antes pensemos en c\u00f3mo queremos vivir esa etapa, mejor. Para que ese refugio siga si\u00e9ndolo. Para que no tengas que irte de tu casa justo cuando m\u00e1s la necesitas. Porque jubilarse puede ser empezar otra vida, y ojal\u00e1 que la casa est\u00e9 lista para acompa\u00f1arla\u00bb, concluye Carlos Rubio.\u00a0<\/p>\n<p><script async src=\"\/\/www.instagram.com\/embed.js\"><\/script><\/p>\n","protected":false},"excerpt":{"rendered":"A diferencia de lo que se suele pensar, una reforma o una vivienda no tiene por qu\u00e9 responder&hellip;\n","protected":false},"author":2,"featured_media":318552,"comment_status":"","ping_status":"","sticky":false,"template":"","format":"standard","meta":{"footnotes":""},"categories":[173],"tags":[229,233,231,230,232,234,146,147,25,24,23],"class_list":{"0":"post-318551","1":"post","2":"type-post","3":"status-publish","4":"format-standard","5":"has-post-thumbnail","7":"category-arte-y-diseno","8":"tag-arte","9":"tag-arte-y-diseno","10":"tag-arts","11":"tag-arts-and-design","12":"tag-design","13":"tag-diseno","14":"tag-entertainment","15":"tag-entretenimiento","16":"tag-es","17":"tag-espana","18":"tag-spain"},"share_on_mastodon":{"url":"https:\/\/pubeurope.com\/@es\/115823833746079436","error":""},"_links":{"self":[{"href":"https:\/\/www.europesays.com\/es\/wp-json\/wp\/v2\/posts\/318551","targetHints":{"allow":["GET"]}}],"collection":[{"href":"https:\/\/www.europesays.com\/es\/wp-json\/wp\/v2\/posts"}],"about":[{"href":"https:\/\/www.europesays.com\/es\/wp-json\/wp\/v2\/types\/post"}],"author":[{"embeddable":true,"href":"https:\/\/www.europesays.com\/es\/wp-json\/wp\/v2\/users\/2"}],"replies":[{"embeddable":true,"href":"https:\/\/www.europesays.com\/es\/wp-json\/wp\/v2\/comments?post=318551"}],"version-history":[{"count":0,"href":"https:\/\/www.europesays.com\/es\/wp-json\/wp\/v2\/posts\/318551\/revisions"}],"wp:featuredmedia":[{"embeddable":true,"href":"https:\/\/www.europesays.com\/es\/wp-json\/wp\/v2\/media\/318552"}],"wp:attachment":[{"href":"https:\/\/www.europesays.com\/es\/wp-json\/wp\/v2\/media?parent=318551"}],"wp:term":[{"taxonomy":"category","embeddable":true,"href":"https:\/\/www.europesays.com\/es\/wp-json\/wp\/v2\/categories?post=318551"},{"taxonomy":"post_tag","embeddable":true,"href":"https:\/\/www.europesays.com\/es\/wp-json\/wp\/v2\/tags?post=318551"}],"curies":[{"name":"wp","href":"https:\/\/api.w.org\/{rel}","templated":true}]}}