{"id":31857,"date":"2025-08-07T15:27:11","date_gmt":"2025-08-07T15:27:11","guid":{"rendered":"https:\/\/www.europesays.com\/es\/31857\/"},"modified":"2025-08-07T15:27:11","modified_gmt":"2025-08-07T15:27:11","slug":"laura-pamplona-alicia-en-aqui-no-hay-quien-viva-sobre-la-situacion-de-salud-de-jose-luis-gil-es-muy-triste-el-mundo","status":"publish","type":"post","link":"https:\/\/www.europesays.com\/es\/31857\/","title":{"rendered":"Laura Pamplona, Alicia en Aqu\u00ed no hay quien viva, sobre la situaci\u00f3n de salud de Jos\u00e9 Luis Gil: &quot;Es muy triste&quot; &#8211; El Mundo"},"content":{"rendered":"<ol>\n<li><a href=\"https:\/\/news.google.com\/rss\/articles\/CBMidkFVX3lxTE9NRTFTdE1tZU5yRGloc0d4UF9hVzR2dWxLa0RXUXlTa3ExOFJPNDZidzZpRDZiNS1FNlRLSXdXVFZQN2RtTzJYUl84UEpRMUJWVUh5bjBBalh3d1U1T0M5OWt3REg0M1BOUnFGMEMzSUtYQnpQdnfSAXZBVV95cUxNb3MyVmo1d0lLbFRLNHhwemtuTW1WYnFydVVfLUt4eE02SklDYzl4TDFzdS0tUmdkSjBKNmpOeU5FUHV3WGZNSnBnY3ROX2p1amdaZHJ2ZENscWMwbjRaZUFYTTZtQ2MyTnJ3WWFNSkUxWWRKS0dB?oc=5\" target=\"_blank\" rel=\"nofollow noopener\">Laura Pamplona, Alicia en Aqu\u00ed no hay quien viva, sobre la situaci\u00f3n de salud de Jos\u00e9 Luis Gil: \u00abEs muy triste\u00bb<\/a>&nbsp;&nbsp;El Mundo<\/li>\n<li><a href=\"https:\/\/news.google.com\/rss\/articles\/CBMi8AFBVV95cUxOSlhXMFZ4NzlUVGk4d2RCSnBiTTRqX3RKdXV4bGx0ZjBqTWI5cEJpc1VzQV80bVBPbmhJZTYtV3pNSEtLQTFqUzJxSXRkb3RJS0czbWZyT1NfTzJrbFR4cURlbGRkSWZFRmxvTDEwa3JjcS12N2hjTUNFR1doNzFRaHFEYzVONFVKSFlsWkIxS25TaXJrbVpfLUdRZEN5azdoNl96LUdzRXU3NlVnb2haNXhoMWhzbDRwMlpCRGhQOFZzQ3ZtM1RPalQwQUNqZkhQaDZheXl4d1FoV0huQ0NwYVBGQVloYkhVM3RLYjlmSC0?oc=5\" target=\"_blank\" rel=\"nofollow noopener\">Laura Pamplona habla del lado amargo de \u2018Aqu\u00ed no hay quien viva\u2019: \u201cEra fuerte la manera de grabar. Nos pas\u00f3 factura a todos\u201d<\/a>&nbsp;&nbsp;EL PA\u00cdS<\/li>\n<li><a href=\"https:\/\/news.google.com\/rss\/articles\/CBMi8AFBVV95cUxNT09XYkJaWFJCZEQ5ckd4cjNWbzNFTk8xcFF1NlZYNk1sVWxmZkN6WnYtVXRkYWY2bmYzb2wyTHl2a2NhQW91b3liblNUN2xzdUZUZGxtREJ5d1ZMZDBZUUpFTDZOWWh0M19xc1hzTDhYOXczVzhyYkljUUdZazJSdGhlZk1JZ2ZraW41R0Z1ZTU0YjllVkxhQlJMMEJBWTk1d1dwNE5wQ29LV0xmTXVHZ3V3VW5wUXJMN0czMXRrQ2I0WUozUDBiNm5IajhYV1JfT19CNmdSd2dtcjdaeFNTdnRsQy1DdUpFNUE5TEZ2WHPSAfABQVVfeXFMTThqRVJvVkZYWTdOZmhVVUFnbHVaSmJ6QXgxaTR1SGJtNmIxRGdKTjlIb0lJaExJWTh4andIV250dWtQbG8wdnMzMlJYVlAwUWt2N3NOcmZmWmc0Yi03U3lmWUtPVURHcENyVnBVNFVjT3hjREF0bmdpZ0xiQmt0cjY5TWFSVGk3Q25TMUZfUGU4dmJSUlBSRGNyLXY1cXQzemtaYUppUVlBZnAzUEtNT2xLUG5ycE5NRkxQUndraURVc2xEOEdDa0FGYzg1ZXQzYTBUTU0xel9pUWxuUjJYQzJvTWMxQVF5WDYyT2pIZzJP?oc=5\" target=\"_blank\" rel=\"nofollow noopener\">Laura Pamplona recuerda que \u00abnos pas\u00f3 factura\u00bb el rodaje de &#8216;Aqu\u00ed no hay quien viva&#8217; y desvela lo que sabe de la enfermedad de Jos\u00e9 Luis Gil<\/a>&nbsp;&nbsp;El Peri\u00f3dico<\/li>\n<li><a href=\"https:\/\/news.google.com\/rss\/articles\/CBMilgJBVV95cUxNSFhfYmo1alphV3VNMWRpRW5yaXlzRjVHLWQzLW1EWmxta2V3Ni03ZDFqZGR6UldDa2F2bWJnYlB2ZW01NWIxZGV2S2wxZldUaXdKRDR4Wm9NbVpsSVRfN1o4NUwyTjM4VEdfVjRadlB5OVllX0ZqcDQ3WURXaHp5U2RzcFFFUjlRNVZyM0RlRk5DYm5VWVZsX0VXSTV5ZDdfVE1oTFFqdEdoRTBrZ1kzbHRyVTgtbm5jajZINkRtbXhOT1dRNEczcmtpLUYzOUlwLTlaWEhuWU5EZDNBRm1UWlJDc2kyWFctUzVzU2VtVVJWVEZ5czI1WHdiRVNjSngxYk12WFJOaUZYbWpiRnpya0h6ZXdKZ9IBlgJBVV95cUxNSl9tdkk1cER5eUNibGV6S3B4Qm1NaHRFR0ZTTzZOSnpvZUhnX2ZLalplYkNibEo3a3NXWFRYSC0yd0ZuSEw1cTkzN2MzXzZlTUdPd2Z5QlBFZFQ4REtaREJDbTNPcUFVbGVfUnp6SU1sTWJ4d1BKelRlSng2Q0xJNmwxblhJUVY1Um8yVkJERE5vSmtyWFltQ25iaEtTbGZjdm9iR0V1WXhnMVVCdDYxeHNGcGhPc3Y1TEsyNlJBLUZnQVZxaWY0N25kU0FmUURQNFBsQ0VvUm5KdVE2N3B5UmJkNHNENkpDT2I2S1pIRXlJQjdnVEhXTHhvbkdGbGtUZk43T0lqRnExYXNBemlCSURLbDNiQQ?oc=5\" target=\"_blank\" rel=\"nofollow noopener\">Laura Pamplona y las maratonianas jornadas de grabaci\u00f3n en Aqu\u00ed no hay quien viva: \u00abLlego un momento que<\/a>&nbsp;&nbsp;Antena 3<\/li>\n<li><a href=\"https:\/\/news.google.com\/rss\/articles\/CBMizAFBVV95cUxPbnJwaW9RNXItdDdqZ1UxT0E4YlhWLVlxMDl5MjhURUhUUENSVXpoU3dSRXJaSGtxQzVTMk1xQ0pSX2RfS3VYQ3VqRHd2cklUVzZ4RVF4RlY1S3RrOXRVNGloSGtFMWdCRWV5emZJSTdWUUs3V0t2c2NpU0lhVGJvcndXZDVyWWRKaEM0VVVpaUNPRjZnM3l1V2k4d2o1ODlJczNocEc5Y3V5eWhEYTBTbWY1NkdaM1VxMHh6eGI0NENOT251eXJzWG9vQnbSAeABQVVfeXFMT2k3V21RS0NzTUZwWk9LbUt2RGdGeGdYU2lpVnR4WTBBeXRGeUYwYkZXMm5Zd3ktQzFKNlpoaDFzWjl0dlBCMzdmVS1fZlcxcng0SFQzeUp6c2ZBOF9iUDhkVm0tZnpfWVBxb1NneE53QmxWSlFqMFBPaDJkeTVRenU0bkljbkVJWWZFRzROMEd0eklfX3R2QTEtd05TQ29PSlU4YTF1NWktVzhiOFRuRFE1QVJTUFhhczVUeUR2SzJBNUhjaGdQSHYtQnl0Vml0V19UNlFfRHI2WDJyR2xiREs?oc=5\" target=\"_blank\" rel=\"nofollow noopener\">Laura Pamplona, de \u2018Aqu\u00ed no hay quien viva\u2019, sobre el estado de salud de Jos\u00e9 Luis Gil: \u201cEs muy triste\u201d<\/a>&nbsp;&nbsp;Diario AS<\/li>\n<\/ol>\n","protected":false},"excerpt":{"rendered":"Laura Pamplona, Alicia en Aqu\u00ed no hay quien viva, sobre la situaci\u00f3n de salud de Jos\u00e9 Luis Gil:&hellip;\n","protected":false},"author":2,"featured_media":31858,"comment_status":"","ping_status":"","sticky":false,"template":"","format":"standard","meta":{"footnotes":""},"categories":[91],"tags":[4040,151,146,147,25,24,721,805,23,807,6761,16537],"class_list":{"0":"post-31857","1":"post","2":"type-post","3":"status-publish","4":"format-standard","5":"has-post-thumbnail","7":"category-entretenimiento","8":"tag-antena-3","9":"tag-atresmedia","10":"tag-entertainment","11":"tag-entretenimiento","12":"tag-es","13":"tag-espana","14":"tag-loc","15":"tag-series","16":"tag-spain","17":"tag-television","18":"tag-tresb","19":"tag-y-ahora-sonsoles"},"share_on_mastodon":{"url":"","error":""},"_links":{"self":[{"href":"https:\/\/www.europesays.com\/es\/wp-json\/wp\/v2\/posts\/31857","targetHints":{"allow":["GET"]}}],"collection":[{"href":"https:\/\/www.europesays.com\/es\/wp-json\/wp\/v2\/posts"}],"about":[{"href":"https:\/\/www.europesays.com\/es\/wp-json\/wp\/v2\/types\/post"}],"author":[{"embeddable":true,"href":"https:\/\/www.europesays.com\/es\/wp-json\/wp\/v2\/users\/2"}],"replies":[{"embeddable":true,"href":"https:\/\/www.europesays.com\/es\/wp-json\/wp\/v2\/comments?post=31857"}],"version-history":[{"count":0,"href":"https:\/\/www.europesays.com\/es\/wp-json\/wp\/v2\/posts\/31857\/revisions"}],"wp:featuredmedia":[{"embeddable":true,"href":"https:\/\/www.europesays.com\/es\/wp-json\/wp\/v2\/media\/31858"}],"wp:attachment":[{"href":"https:\/\/www.europesays.com\/es\/wp-json\/wp\/v2\/media?parent=31857"}],"wp:term":[{"taxonomy":"category","embeddable":true,"href":"https:\/\/www.europesays.com\/es\/wp-json\/wp\/v2\/categories?post=31857"},{"taxonomy":"post_tag","embeddable":true,"href":"https:\/\/www.europesays.com\/es\/wp-json\/wp\/v2\/tags?post=31857"}],"curies":[{"name":"wp","href":"https:\/\/api.w.org\/{rel}","templated":true}]}}