{"id":318571,"date":"2026-01-02T05:35:07","date_gmt":"2026-01-02T05:35:07","guid":{"rendered":"https:\/\/www.europesays.com\/es\/318571\/"},"modified":"2026-01-02T05:35:07","modified_gmt":"2026-01-02T05:35:07","slug":"concurso-de-disfraces-del-carnaval-2026-8-700-euros-en-ayudas-y-2-400-en-premios","status":"publish","type":"post","link":"https:\/\/www.europesays.com\/es\/318571\/","title":{"rendered":"Concurso de disfraces del carnaval 2026: 8.700 euros en ayudas y 2.400 en premios"},"content":{"rendered":"<ul>\n<li><strong>Inscripciones y solicitudes de ayuda (hasta 500 euros por grupo), <a href=\"https:\/\/sede-electronica.rivasciudad.es\/tramite\/inscripcion-de-participantes-y-solicitud-se-subvencion-para-el-concurso-de-disfraces-fiestas-de-carnaval\/\" rel=\"nofollow noopener\" target=\"_blank\">en este enlace<\/a>.<\/strong><\/li>\n<\/ul>\n<p>Se acerca el tiempo del disfraz, el despiporre y la fiesta colectiva. Rivas vivir\u00e1 su carnaval 2026 del viernes 13 al mi\u00e9rcoles 18 de febrero. Pero es en enero cuando la Concejal\u00eda de Cultura y Fiestas abre el plazo de inscripciones y solicitud de ayudas p\u00fablicas para el concurso de disfraces colectivo, que se celebrar\u00e1 el s\u00e1bado 14 por las calles de la ciudad para acabar la jornada con el tradicional concierto baile festivo.<\/p>\n<p>El carnaval tambi\u00e9n incluye en su programaci\u00f3n la muestra musical de chirigotas (viernes 13 de febrero); la noche joven (s\u00e1bado 14 de febrero); el aperitivo chirigotero (mediod\u00eda del domingo 15); el espect\u00e1culo infantil \u2018Yo, Tarz\u00e1n\u2019, de la compa\u00f1\u00eda Festuc Teatre (domingo 15, 18.00, auditorio, 3 euros, entradas a la venta a partir del 15 de enero); y el entierro de la sardina (mi\u00e9rcoles 18 de febrero).<\/p>\n<p>Los grupos y entidades que quieran concurrir al desfile y solicitar ayuda deben presentar la documentaci\u00f3n necesaria, antes del 19 de enero, en la <a href=\"https:\/\/sede-electronica.rivasciudad.es\/tramite\/inscripcion-de-participantes-y-solicitud-se-subvencion-para-el-concurso-de-disfraces-fiestas-de-carnaval\/\" rel=\"nofollow noopener\" target=\"_blank\">sede electr\u00f3nica del Ayuntamiento<\/a>.<\/p>\n<p>El Consistorio conceder\u00e1 este a\u00f1o hasta 8.700 euros en ayudas, que se repartir\u00e1n seg\u00fan el n\u00famero de participantes de cada grupo o entidad, que recibir\u00e1n entre 175 y 500 euros. Tambi\u00e9n se entregan 2.400 euros en premios (mejor disfraz, mejor cr\u00edtica actual, mejor puesta en escena y premio joven al mejor disfraz).<\/p>\n<p><strong>DOCUMENTACI\u00d3N A PRESENTAR:<\/strong><br \/>\u2013 Rellenar el formulario electr\u00f3nico de inscripci\u00f3n y el formulario de solicitud de subvenci\u00f3n, en caso de solicitarla.<\/p>\n<p>\u2013 Si se solicita subvenci\u00f3n, tanto en el caso de las asociaciones como en el caso de la persona representante de un grupo informal, deber\u00e1n presentar certificado de titularidad bancaria firmado digitalmente por la entidad bancaria donde se ingresar\u00e1 la subvenci\u00f3n.<\/p>\n<p><strong>PREMIOS:<\/strong><br \/>PREMIO AL MEJOR DISFRAZ: 600 euros. Mejor combinaci\u00f3n de todos los elementos: idea, elaboraci\u00f3n, dise\u00f1o, puesta en escena y originalidad.<\/p>\n<p>PREMIO AL MEJOR DISFRAZ DE CR\u00cdTICA ACTUAL: 450 euros. Por el mejor disfraz que represente un tema de actualidad con una visi\u00f3n cr\u00edtica o reivindicativa.<\/p>\n<p>PREMIO AL DISFRAZ M\u00c1S CREATIVO: 450 euros. Por la mejor idea, elaboraci\u00f3n y dise\u00f1o.<\/p>\n<p>PREMIO AL DISFRAZ CON MEJOR PUESTA EN ESCENA: 450 euros. Por la mejor coreograf\u00eda, expresividad y animaci\u00f3n.<\/p>\n<p>PREMIO JOVEN AL MEJOR DISFRAZ: 450 euros. Mejor combinaci\u00f3n de todos los elementos: idea, elaboraci\u00f3n, dise\u00f1o, puesta en escena y originalidad y cuyo grupo est\u00e9 formado por personas con edades comprendidas entre los 14 y 25 a\u00f1os en un 80%.<\/p>\n","protected":false},"excerpt":{"rendered":"Inscripciones y solicitudes de ayuda (hasta 500 euros por grupo), en este enlace. Se acerca el tiempo del&hellip;\n","protected":false},"author":2,"featured_media":318572,"comment_status":"","ping_status":"","sticky":false,"template":"","format":"standard","meta":{"footnotes":""},"categories":[5],"tags":[17,18,25,24,13,14,11,19,20,9,10,15,16,23,12,21,22],"class_list":{"0":"post-318571","1":"post","2":"type-post","3":"status-publish","4":"format-standard","5":"has-post-thumbnail","7":"category-titulares","8":"tag-breaking-news","9":"tag-breakingnews","10":"tag-es","11":"tag-espana","12":"tag-featured-news","13":"tag-featurednews","14":"tag-headlines","15":"tag-latest-news","16":"tag-latestnews","17":"tag-news","18":"tag-noticias","19":"tag-noticias-destacadas","20":"tag-noticiasdestacadas","21":"tag-spain","22":"tag-titulares","23":"tag-ultimas-noticias","24":"tag-ultimasnoticias"},"share_on_mastodon":{"url":"https:\/\/pubeurope.com\/@es\/115823884585594432","error":""},"_links":{"self":[{"href":"https:\/\/www.europesays.com\/es\/wp-json\/wp\/v2\/posts\/318571","targetHints":{"allow":["GET"]}}],"collection":[{"href":"https:\/\/www.europesays.com\/es\/wp-json\/wp\/v2\/posts"}],"about":[{"href":"https:\/\/www.europesays.com\/es\/wp-json\/wp\/v2\/types\/post"}],"author":[{"embeddable":true,"href":"https:\/\/www.europesays.com\/es\/wp-json\/wp\/v2\/users\/2"}],"replies":[{"embeddable":true,"href":"https:\/\/www.europesays.com\/es\/wp-json\/wp\/v2\/comments?post=318571"}],"version-history":[{"count":0,"href":"https:\/\/www.europesays.com\/es\/wp-json\/wp\/v2\/posts\/318571\/revisions"}],"wp:featuredmedia":[{"embeddable":true,"href":"https:\/\/www.europesays.com\/es\/wp-json\/wp\/v2\/media\/318572"}],"wp:attachment":[{"href":"https:\/\/www.europesays.com\/es\/wp-json\/wp\/v2\/media?parent=318571"}],"wp:term":[{"taxonomy":"category","embeddable":true,"href":"https:\/\/www.europesays.com\/es\/wp-json\/wp\/v2\/categories?post=318571"},{"taxonomy":"post_tag","embeddable":true,"href":"https:\/\/www.europesays.com\/es\/wp-json\/wp\/v2\/tags?post=318571"}],"curies":[{"name":"wp","href":"https:\/\/api.w.org\/{rel}","templated":true}]}}