{"id":318595,"date":"2026-01-02T05:57:11","date_gmt":"2026-01-02T05:57:11","guid":{"rendered":"https:\/\/www.europesays.com\/es\/318595\/"},"modified":"2026-01-02T05:57:11","modified_gmt":"2026-01-02T05:57:11","slug":"encuentro-con-el-paje-real-manana-sabado-en-la-casa-de-cultura-de-lalfas-ayuntamiento-de-lalfas-del-pi","status":"publish","type":"post","link":"https:\/\/www.europesays.com\/es\/318595\/","title":{"rendered":"Encuentro con el Paje Real ma\u00f1ana s\u00e1bado en la Casa de Cultura de l\u2019Alf\u00e0s &#8211; Ayuntamiento de l&#8217;Alf\u00e0s del Pi"},"content":{"rendered":"<p class=\"post-meta\">viernes, 2 enero 2026 , 06:42<\/p>\n<p><img loading=\"lazy\" decoding=\"async\" src=\"https:\/\/www.europesays.com\/es\/wp-content\/uploads\/2026\/01\/cartel-encuentro-paje-1080x675.jpg\" alt=\"\" class=\"\" width=\"1080\" height=\"675\"  \/><\/p>\n<p align=\"justify\">La concejala de Fiestas y Patrimonio del Ayuntamiento de l\u2019Alf\u00e0s del Pi, Sandra G\u00f3mez, hace un llamamiento a la poblaci\u00f3n, especialmente al p\u00fablico infantil para que acuda ma\u00f1ana s\u00e1bado al encuentro con el Paje Real en la Casa de Cultura a las 16:00 horas, acto organizado por los Mayorales del Cristo 2026.<\/p>\n<p align=\"justify\">Encuentro previo a la Cabalgata de Reyes del 5 de enero, en el que todos los ni\u00f1os y ni\u00f1as tendr\u00e1n la oportunidad de entregar al Paje Real sus cartas en mano, y hacer sus peticiones de \u00faltima hora.<\/p>\n<p align=\"justify\">Los Mayorales recuerdan que van a estar en la Abad\u00eda de la Iglesia para la recogida de regalos, hoy viernes y el domingo d\u00eda 4, en horario de ma\u00f1ana de 11:00 a 14:00 horas y por la tarde de 17:30 a 20:00 horas.<\/p>\n<p align=\"justify\"><img loading=\"lazy\" decoding=\"async\" class=\"alignnone size-full wp-image-116557\" src=\"https:\/\/www.europesays.com\/es\/wp-content\/uploads\/2026\/01\/cartel-recogida-juguetes.jpg\" alt=\"\" width=\"1132\" height=\"1600\"  \/><\/p>\n<p align=\"justify\">La llegada de Sus Majestades los Reyes Magos de Oriente est\u00e1 prevista el viernes 5 de enero. Melchor, Gaspar y Baltasar recorrer\u00e1n las calles del Albir desde las 17:00 horas y a las 18:00 horas ofrecer\u00e1n una Recepci\u00f3n Real en la Explanada de la Casa de Cultura. La comitiva real partir\u00e1 primero hasta la Iglesia, donde se celebrar\u00e1 la ofrenda de sus Majestades, y a continuaci\u00f3n se acercar\u00e1n a la carpa municipal, donde tendr\u00e1 lugar la entrega de regalos, con ayuda de los Mayorales.<\/p>\n<p align=\"justify\"><img loading=\"lazy\" decoding=\"async\" class=\"alignnone size-full wp-image-116577\" src=\"https:\/\/www.europesays.com\/es\/wp-content\/uploads\/2026\/01\/cartel-cabalgata.jpg\" alt=\"\" width=\"1414\" height=\"2000\"  \/><\/p>\n<p align=\"justify\">La concejala titular, Sandra G\u00f3mez, ha agradecido una vez m\u00e1s a los Mayorales del Cristo 2026 su colaboraci\u00f3n en estos actos tan especiales, que permiten llevar la magia y la ilusi\u00f3n a los m\u00e1s peque\u00f1os de casa. <\/p>\n","protected":false},"excerpt":{"rendered":"viernes, 2 enero 2026 , 06:42 La concejala de Fiestas y Patrimonio del Ayuntamiento de l\u2019Alf\u00e0s del Pi,&hellip;\n","protected":false},"author":2,"featured_media":318596,"comment_status":"","ping_status":"","sticky":false,"template":"","format":"standard","meta":{"footnotes":""},"categories":[8],"tags":[17,18,25,24,13,14,11,19,20,9,10,15,16,23,12,21,22],"class_list":{"0":"post-318595","1":"post","2":"type-post","3":"status-publish","4":"format-standard","5":"has-post-thumbnail","7":"category-espana","8":"tag-breaking-news","9":"tag-breakingnews","10":"tag-es","11":"tag-espana","12":"tag-featured-news","13":"tag-featurednews","14":"tag-headlines","15":"tag-latest-news","16":"tag-latestnews","17":"tag-news","18":"tag-noticias","19":"tag-noticias-destacadas","20":"tag-noticiasdestacadas","21":"tag-spain","22":"tag-titulares","23":"tag-ultimas-noticias","24":"tag-ultimasnoticias"},"share_on_mastodon":{"url":"https:\/\/pubeurope.com\/@es\/115823971290178755","error":""},"_links":{"self":[{"href":"https:\/\/www.europesays.com\/es\/wp-json\/wp\/v2\/posts\/318595","targetHints":{"allow":["GET"]}}],"collection":[{"href":"https:\/\/www.europesays.com\/es\/wp-json\/wp\/v2\/posts"}],"about":[{"href":"https:\/\/www.europesays.com\/es\/wp-json\/wp\/v2\/types\/post"}],"author":[{"embeddable":true,"href":"https:\/\/www.europesays.com\/es\/wp-json\/wp\/v2\/users\/2"}],"replies":[{"embeddable":true,"href":"https:\/\/www.europesays.com\/es\/wp-json\/wp\/v2\/comments?post=318595"}],"version-history":[{"count":0,"href":"https:\/\/www.europesays.com\/es\/wp-json\/wp\/v2\/posts\/318595\/revisions"}],"wp:featuredmedia":[{"embeddable":true,"href":"https:\/\/www.europesays.com\/es\/wp-json\/wp\/v2\/media\/318596"}],"wp:attachment":[{"href":"https:\/\/www.europesays.com\/es\/wp-json\/wp\/v2\/media?parent=318595"}],"wp:term":[{"taxonomy":"category","embeddable":true,"href":"https:\/\/www.europesays.com\/es\/wp-json\/wp\/v2\/categories?post=318595"},{"taxonomy":"post_tag","embeddable":true,"href":"https:\/\/www.europesays.com\/es\/wp-json\/wp\/v2\/tags?post=318595"}],"curies":[{"name":"wp","href":"https:\/\/api.w.org\/{rel}","templated":true}]}}