{"id":318603,"date":"2026-01-02T06:07:08","date_gmt":"2026-01-02T06:07:08","guid":{"rendered":"https:\/\/www.europesays.com\/es\/318603\/"},"modified":"2026-01-02T06:07:08","modified_gmt":"2026-01-02T06:07:08","slug":"la-meritoria-champions-de-pellegrini-e-isco","status":"publish","type":"post","link":"https:\/\/www.europesays.com\/es\/318603\/","title":{"rendered":"La meritoria Champions de Pellegrini e Isco"},"content":{"rendered":"<p>S\u00f3lo Lamine Yamal dio m\u00e1s asistencias (en un 60% m\u00e1s de partidos) que el costasole\u00f1o, mientras que Flick, Marcelino y Simeone fueron los \u00fanicos t\u00e9cnicos con mayor puntuaci\u00f3n en LaLiga que el de Santiago<\/p>\n<p class=\"parrafo\"><strong>Isco Alarc\u00f3n<\/strong>, pese a las lesiones de peron\u00e9 y tobillo que le han hecho perderse de manera obligada hasta <strong>17 jornadas<\/strong>, termin\u00f3 el a\u00f1o <strong>2025<\/strong> como segundo mejor asistente espa\u00f1ol de <strong>LaLiga<\/strong>, con nueve pases a sus compa\u00f1eros que terminaron en diana, los mismos que el madridista <strong>Vin\u00edcius J\u00fanior<\/strong> y solamente dos menos que el barcelonista <strong>Lamine Yamal<\/strong>, aunque con <strong>14<\/strong> y <strong>13 partidos menos<\/strong> que ellos, respectivamente. Y es que el costasole\u00f1o, que puso en la testa de <strong>Valent\u00edn G\u00f3mez<\/strong> el 1-1 definitivo ante el <strong>Girona<\/strong> a los pocos minutos de ingresar al terreno de juego y durante los \u00fanicos <strong>30 minutos<\/strong> del presente ejercicio en la competici\u00f3n dom\u00e9stica, aguantando menos incluso (<strong>nueve minutos<\/strong>) ante el <strong>FC Utrecht<\/strong> en su debut en <strong>Europa League<\/strong>. Con s\u00f3lo <strong>20 apariciones<\/strong>, por las <strong>33 <\/strong>del cul\u00e9 y las <strong>34<\/strong> del merengue, disfruta el &#8217;22&#8217; verdiblanco de la <strong>Champions League<\/strong> en este apartado dentro del a\u00f1o regular que ahora expir\u00f3.<\/p>\n<p class=\"parrafo\">Igualmente, como desgrana @LaLigaenDirecto, <strong\/><a href=\"https:\/\/www.estadiodeportivo.com\/futbol\/betis\/pellegrini-feliz-por-renovacion-con-betis-ambicioso-vamos-con-ilusion-poder-seguir-haciendo-crecer-betis-20251128-521914.html\" target=\"_blank\" class=\"intext-link\" rel=\"nofollow noopener\">Manuel Pellegrini fue el cuarto entrenador de Primera divisi\u00f3n que m\u00e1s puntos sum\u00f3<\/a> con su equipo en <strong>2025<\/strong>, con <strong>63 unidades<\/strong>, \u00fanicamente por detr\u00e1s de los <strong>72<\/strong> de <strong>Diego Pablo Simeone<\/strong> con el <strong>Atl\u00e9tico de Madrid<\/strong>, los <strong>75<\/strong> de <strong>Marcelino Garc\u00eda Toral <\/strong>con el <strong>Villarreal CF<\/strong> y los incontestables <strong>96 puntos<\/strong> de <strong>Hansi Flick<\/strong> con el <strong>FC Barcelona<\/strong>. De no haber cambiado de entrenador, el <strong>Real Madrid<\/strong> ser\u00eda el segundo de la lista, con <strong>86 unidades<\/strong>, sumando las <strong>44<\/strong> de <strong>Carlo Ancelotti<\/strong> en la segunda mitad del ejercicio y los <strong>42<\/strong> de <strong>Xabi Alonso<\/strong> hasta la fecha.<\/p>\n<p><a class=\"elementos-rel-t2\" href=\"https:\/\/www.estadiodeportivo.com\/futbol\/betis\/doctor-ripoll-pone-plazos-lesion-isco-alarcon-dos-tres-meses-vuelve-entrenar-sera-pronostico-excelente-20251230-525180.html\" title=\"El doctor Ripoll pone plazos a la lesi\u00f3n de Isco Alarc\u00f3n: &quot;Si en dos o tres meses vuelve a entrenar ser\u00e1 un pron\u00f3stico excelente&quot; \" rel=\"nofollow noopener\" target=\"_blank\"><\/p>\n<p class=\"titular titulo-4\">El doctor Ripoll pone plazos a la lesi\u00f3n de Isco Alarc\u00f3n: \u00abSi en dos o tres meses vuelve a entrenar ser\u00e1 un pron\u00f3stico excelente\u00bb <\/p>\n<p><img decoding=\"async\" src=\"https:\/\/www.europesays.com\/es\/wp-content\/uploads\/2026\/01\/70ec731a-375c-4309-ace3-f1469623a168_320x180.jpeg\" alt=\"El doctor Ripoll pone plazos a la lesi\u00f3n de Isco Alarc\u00f3n: &quot;Si en dos o tres meses vuelve a entrenar ser\u00e1 un pron\u00f3stico excelente&quot; \"\/><\/a><a class=\"elementos-rel-t2\" href=\"https:\/\/www.estadiodeportivo.com\/futbol\/betis\/quique-setien-senala-pellegrini-camino-para-romper-sequia-santiago-bernabeu-como-tecnico-del-betis-20260101-525374.html\" title=\"Quique Seti\u00e9n se\u00f1ala a Pellegrini el camino para romper su sequ\u00eda en el Santiago Bernab\u00e9u como t\u00e9cnico del Betis \" rel=\"nofollow noopener\" target=\"_blank\"><\/p>\n<p class=\"titular titulo-4\">Quique Seti\u00e9n se\u00f1ala a Pellegrini el camino para romper su sequ\u00eda en el Santiago Bernab\u00e9u como t\u00e9cnico del Betis <\/p>\n<p><img decoding=\"async\" src=\"https:\/\/www.europesays.com\/es\/wp-content\/uploads\/2026\/01\/7a9fefaa-c980-40ab-ad00-76f7df9e490b_320x180.jpeg\" alt=\"Quique Seti\u00e9n se\u00f1ala a Pellegrini el camino para romper su sequ\u00eda en el Santiago Bernab\u00e9u como t\u00e9cnico del Betis \"\/><\/a>El extraordinario arranque de la 25\/26 de otro nombre propio: Pablo Fornals<\/p>\n<p class=\"parrafo\">Otro gran nombre propio en verdiblanco del a\u00f1o <strong>2025<\/strong>, sobre todo de su recta final, ha sido <strong>Pablo Fornals<\/strong>, que ha arrancado la presente temporada en modo apisonadora, volvi\u00e9ndose imprescindible para <strong>Manuel Pellegrini<\/strong> en el doble pivote y convirti\u00e9ndose en el mejor sustituto posible para <strong>Isco Alarc\u00f3n<\/strong> en la media punta. El castellonense, <a href=\"https:\/\/www.estadiodeportivo.com\/futbol\/betis\/mejor-fornals-esperemos-que-que-aun-este-por-venir-que-sea-aqui-20251008-515647.html\" target=\"_blank\" class=\"intext-link\" rel=\"nofollow noopener\">que no se cansa de decir que ojal\u00e1 no est\u00e9 a\u00fan en su &#8216;prime&#8217;<\/a>, volvi\u00f3 cuatro despu\u00e9s a la selecci\u00f3n espa\u00f1ola. No en vano, como recuerda el bueno de Fran Mart\u00ednez, es el tercer mejor jugador de <strong>LaLiga<\/strong> en pases progresivos, acciones de tiro creadas, acciones de gol generadas y balones filtrados, as\u00ed como el cuarto en pases clave y en haber anotado cuatro o m\u00e1s goles y otras tantas asistencias. Se trata del efectivo m\u00e1s productivo del plantel verdiblanco (<strong>4+5<\/strong>, un pase definitivo en <strong>UEL<\/strong> y el resto, en el torneo regular).<\/p>\n","protected":false},"excerpt":{"rendered":"S\u00f3lo Lamine Yamal dio m\u00e1s asistencias (en un 60% m\u00e1s de partidos) que el costasole\u00f1o, mientras que Flick,&hellip;\n","protected":false},"author":2,"featured_media":318604,"comment_status":"","ping_status":"","sticky":false,"template":"","format":"standard","meta":{"footnotes":""},"categories":[268],"tags":[168,25,24,284,280,282,18554,2048,52428,286,281,23,167],"class_list":{"0":"post-318603","1":"post","2":"type-post","3":"status-publish","4":"format-standard","5":"has-post-thumbnail","7":"category-futbol","8":"tag-deportes","9":"tag-es","10":"tag-espana","11":"tag-estadio-deportivo","12":"tag-football","13":"tag-futbol","14":"tag-isco-alarcon","15":"tag-manuel-pellegrini","16":"tag-pablo-fornals","17":"tag-real-betis-balompie","18":"tag-soccer","19":"tag-spain","20":"tag-sports"},"share_on_mastodon":{"url":"https:\/\/pubeurope.com\/@es\/115824010465300893","error":""},"_links":{"self":[{"href":"https:\/\/www.europesays.com\/es\/wp-json\/wp\/v2\/posts\/318603","targetHints":{"allow":["GET"]}}],"collection":[{"href":"https:\/\/www.europesays.com\/es\/wp-json\/wp\/v2\/posts"}],"about":[{"href":"https:\/\/www.europesays.com\/es\/wp-json\/wp\/v2\/types\/post"}],"author":[{"embeddable":true,"href":"https:\/\/www.europesays.com\/es\/wp-json\/wp\/v2\/users\/2"}],"replies":[{"embeddable":true,"href":"https:\/\/www.europesays.com\/es\/wp-json\/wp\/v2\/comments?post=318603"}],"version-history":[{"count":0,"href":"https:\/\/www.europesays.com\/es\/wp-json\/wp\/v2\/posts\/318603\/revisions"}],"wp:featuredmedia":[{"embeddable":true,"href":"https:\/\/www.europesays.com\/es\/wp-json\/wp\/v2\/media\/318604"}],"wp:attachment":[{"href":"https:\/\/www.europesays.com\/es\/wp-json\/wp\/v2\/media?parent=318603"}],"wp:term":[{"taxonomy":"category","embeddable":true,"href":"https:\/\/www.europesays.com\/es\/wp-json\/wp\/v2\/categories?post=318603"},{"taxonomy":"post_tag","embeddable":true,"href":"https:\/\/www.europesays.com\/es\/wp-json\/wp\/v2\/tags?post=318603"}],"curies":[{"name":"wp","href":"https:\/\/api.w.org\/{rel}","templated":true}]}}