{"id":318607,"date":"2026-01-02T06:09:14","date_gmt":"2026-01-02T06:09:14","guid":{"rendered":"https:\/\/www.europesays.com\/es\/318607\/"},"modified":"2026-01-02T06:09:14","modified_gmt":"2026-01-02T06:09:14","slug":"2026-el-ano-en-que-se-cumplira-el-sueno-de-un-genio-gaudi","status":"publish","type":"post","link":"https:\/\/www.europesays.com\/es\/318607\/","title":{"rendered":"2026, el a\u00f1o en que se cumplir\u00e1 el sue\u00f1o de un genio, Gaud\u00ed"},"content":{"rendered":"<p style=\"\">Hay un nombre que eclipsar\u00e1 a todos en el mundo del arte este 2026: <a href=\"https:\/\/www.abc.es\/cultura\/congreso-internacional-gran-exposicion-obra-inedita-abren-20251030124933-nt.html\" target=\"_self\" data-voc-vtm-id=\"in-text-traffic\" title=\"Antoni Gaud\u00ed\" rel=\"nofollow noopener\">Antoni Gaud\u00ed<\/a>. El 10 de junio se conmemorar\u00e1 e<strong>l centenario de la muerte<\/strong> del genial arquitecto catal\u00e1n. <strong>Muri\u00f3 tras ser atropellado por un tranv\u00eda<\/strong>. El cortejo f\u00fanebre, que  &#8230; recorri\u00f3 gran parte de Barcelona hasta la <a href=\"https:\/\/www.abc.es\/cultura\/congreso-internacional-gran-exposicion-obra-inedita-abren-20251030124933-nt.html\" target=\"_self\" data-voc-vtm-id=\"in-text-traffic\" title=\"Sagrada Familia\" rel=\"nofollow noopener\">Sagrada Familia<\/a>, fue un gran acontecimiento multitudinario. Fue enterrado en la capilla de la Virgen del Carmen, en la cripta del templo.<\/p>\n<p class=\"voc-p\" style=\"\">El <a href=\"https:\/\/www.abc.es\/opinion\/sevilla\/pablo-borrallo-gaudi-camino-altares-20250509231419-nts.html\" target=\"_self\" data-voc-vtm-id=\"in-text-traffic\" title=\"A\u00f1o Gaud\u00ed\" rel=\"nofollow noopener\">A\u00f1o Gaud\u00ed<\/a> ha sido declarado acontecimiento de <strong>excepcional inter\u00e9s p\u00fablico<\/strong>. Bajo el lema &#8216;Sagrada Familia 2026. El sue\u00f1o de un genio&#8217;, se ha programado un amplio programa de actividades para celebrar la efem\u00e9ride: una misa solemne, publicaciones, exposiciones, un concierto del Orfe\u00f3n Catal\u00e1n, un congreso mundial de arquitectura&#8230; Se ha invitado a <a href=\"https:\/\/www.abc.es\/sociedad\/pedro-sanchez-llama-papa-leon-xiv-hablar-20250611192600-nt.html\" target=\"_self\" data-voc-vtm-id=\"in-text-traffic\" title=\"Le\u00f3n XIV\" rel=\"nofollow noopener\">Le\u00f3n XIV<\/a>, quien dijo que es \u00abprobable\u00bb que viaje a Espa\u00f1a.<\/p>\n<p class=\"voc-p\" style=\"\">Nacido en Reus el 25 de junio de 1852, Gaud\u00ed fue un hombre de profunda fe. El 14 de abril de 2025 fue <a href=\"https:\/\/www.abc.es\/sociedad\/papa-primer-paso-beatificacion-gaudi-tras-reconocer-20250414170304-nt.html\" target=\"_self\" data-voc-vtm-id=\"in-text-traffic\" title=\"declarado venerable por el Papa Francisco\" rel=\"nofollow noopener\">declarado venerable por el Papa Francisco<\/a>. Su obra magna, la Sagrada Familia de Barcelona, que comenz\u00f3 a alzarse en 1882 y dej\u00f3 inacabada (la torre de Bernab\u00e9 fue la \u00fanica que vio terminada en vida), recibe unos cinco millones de visitas al a\u00f1o. Este 2026 acaparar\u00e1 todas las miradas. Por un lado, el templo llegar\u00e1 a los 172 metros de altura con la culminaci\u00f3n de <strong>la Torre de Jesucristo<\/strong>. Adem\u00e1s, la entidad que gestiona su construcci\u00f3n pidi\u00f3 a tres reconocidos artistas un proyecto para completar <strong>la Fachada de la Gloria<\/strong>, cuya puerta central es obra de Josep Mar\u00eda Subirachs. Los espa\u00f1oles <a href=\"https:\/\/www.abc.es\/cultura\/arte\/fghdfghdfghdfhdfghdfghdfhdfghdfhdf-20251216183116-nt.html\" target=\"_self\" data-voc-vtm-id=\"in-text-traffic\" title=\"Miquel Barcel\u00f3\" data-mrf-link=\"www.abc.es\" rel=\"nofollow noopener\">Miquel Barcel\u00f3<\/a> y <strong>Cristina Iglesias<\/strong> y el mexicano <strong>Javier Mar\u00edn<\/strong> han presentado ya sus propuestas y se espera que en las pr\u00f3ximas semanas se elija uno de los tres proyectos. De momento, durante todo el a\u00f1o, los residentes en Barcelona tendr\u00e1n un descuento del 50% para entrar al monumento. <\/p>\n<p><img decoding=\"async\" loading=\"lazy\" src=\"https:\/\/www.europesays.com\/es\/wp-content\/uploads\/2026\/01\/caye_20251230165744-U48470384626Gpk-760x1027@diario_abc.jpg\" class=\"voc-img\" width=\"760\" height=\"1027\" alt=\"Cayetana Fitz-James Stuart, XVIII duquesa de Alba, en su viaje de novios en Estados Unidos. Autor an\u00f3nimo, 1947\" data-voc-vtm-id=\"in-text-traffic\"\/><\/p>\n<p>Cayetana Fitz-James Stuart, XVIII duquesa de Alba, en su viaje de novios en Estados Unidos. Autor an\u00f3nimo, 1947<\/p>\n<p>Cortes\u00eda Fundaci\u00f3n Casa de Alba<\/p>\n<p class=\"voc-p\" style=\"\">Siguiendo con los aniversarios, este a\u00f1o se celebrar\u00e1 el <a href=\"https:\/\/www.abc.es\/cultura\/arte\/exposicion-palacio-duenas-sevilla-conmemorara-centenario-nacimiento-20251229152544-nt.html\" target=\"_self\" data-voc-vtm-id=\"in-text-traffic\" title=\"centenario del nacimiento de Cayetana de Alba\" rel=\"nofollow noopener\">centenario del nacimiento de Cayetana de Alba<\/a> con una exposici\u00f3n en su residencia favorita, el<strong> Palacio de Las Due\u00f1as de Sevilla<\/strong>. &#8216;Cayetana. Grande de Espa\u00f1a&#8217;, comisariada por su hija, <strong>Eugenia Mart\u00ednez de Irujo<\/strong>, y Cristina Carrillo de Albornoz, recordar\u00e1 a la querida duquesa de Alba reuniendo dos centenares de piezas: pinturas y esculturas, vestidos de alta costura, fotograf\u00edas, objetos y correspondencia personal. Con esta muestra, que abrir\u00e1 a principios de marzo, se inaugura en el palacio sevillano un espacio para exposiciones temporales (la Sala del Patio del Aceite), al igual que ya hiciera hace unos a\u00f1os el Palacio de Liria de Madrid. <\/p>\n<p class=\"voc-p\" style=\"\">Tambi\u00e9n cien a\u00f1os cumple el edificio que es sede del<strong> C\u00edrculo de Bellas Artes en Madrid<\/strong>, obra del arquitecto Antonio Palacios, s\u00edmbolo de modernidad. La instituci\u00f3n lo celebrar\u00e1 con numerosas actividades. De celebraci\u00f3n estar\u00e1, asimismo, la<strong> Catedral de Toledo<\/strong>, que este 2026 conmemora su <strong>octavo centenario<\/strong>. Lo har\u00e1 con la exposici\u00f3n &#8216;Primada&#8217;, que reunir\u00e1, a partir del 25 de mayo, 350 obras maestras que recorrer\u00e1n ocho siglos de arte, fe y patrimonio. <\/p>\n<p><img decoding=\"async\" loading=\"lazy\" src=\"https:\/\/www.europesays.com\/es\/wp-content\/uploads\/2026\/01\/calder-U58022261270ICo-760x427@diario_abc.jpg\" class=\"voc-img\" width=\"760\" height=\"427\" alt=\"Obras de Calder en el Centro Bot\u00edn de Santander\" data-voc-vtm-id=\"in-text-traffic\"\/><\/p>\n<p>Obras de Calder en el Centro Bot\u00edn de Santander<\/p>\n<p>Bel\u00e9n de Benito<\/p>\n<p class=\"voc-p\" style=\"\">Cincuenta a\u00f1os despu\u00e9s de la muerte de <a href=\"https:\/\/www.abc.es\/cultura\/arte\/abci-renzo-piano-calder-forma-parte-bagaje-emocional-y-artistico-201906290036_noticia.html\" target=\"_self\" data-voc-vtm-id=\"in-text-traffic\" title=\"Alexander Calder\" data-mrf-link=\"www.abc.es\" rel=\"nofollow noopener\">Alexander Calder<\/a>, el escultor norteamericano (c\u00e9lebre por sus m\u00f3viles) ser\u00e1 el protagonista de una exhaustiva retrospectiva en la <strong>Fundaci\u00f3n Vuitton de Par\u00eds<\/strong> (15 de abril-15 de agosto), con tres centenares de obras. Su t\u00edtulo, &#8216;Calder. So\u00f1ar en equilibrio&#8217;.<\/p>\n<p>\nAntiguos maestros\n<\/p>\n<p><img decoding=\"async\" loading=\"lazy\" src=\"https:\/\/www.europesays.com\/es\/wp-content\/uploads\/2026\/01\/Agnus Dei-U73141314615tMu-760x427@diario_abc.jpg\" class=\"voc-img\" width=\"760\" height=\"427\" alt=\"'Agnus Dei', de Zurbar\u00e1n\" data-voc-vtm-id=\"in-text-traffic\"\/><\/p>\n<p>&#8216;Agnus Dei&#8217;, de Zurbar\u00e1n<\/p>\n<p>Museo del Prado<\/p>\n<p class=\"voc-p\" style=\"\">Dejamos a un lado las efem\u00e9rides y nos centramos en algunos de los nombres propios del arte de los que hablaremos este 2026. Comenzamos con los antiguos maestros. Muy esperada, la exposici\u00f3n que la <strong>National Gallery de Londres<\/strong> dedicar\u00e1, a partir del 2 de mayo, a <strong>Zurbar\u00e1n<\/strong>, la primera en el Reino Unido. Organizada junto con el Louvre de Par\u00eds y el Art Institute de Chicago, colgar\u00e1n algunas de sus pinturas m\u00e1s destacadas de su carrera, junto con hermosos bodegones de su hijo, Juan de Zurbar\u00e1n. Meses despu\u00e9s, llegar\u00e1 a la pinacoteca brit\u00e1nica el genio de <strong>Van Eyck<\/strong>. A partir del 21 de noviembre reunir\u00e1 sus nueve retratos conocidos. <\/p>\n<p class=\"voc-p\" style=\"\"><a href=\"https:\/\/www.abc.es\/cultura\/arte\/abci-rafael-genio-inmortal-500-anos-despues-202004060051_noticia.html\" target=\"_self\" data-voc-vtm-id=\"in-text-traffic\" title=\"La &#039;poes\u00eda sublime&#039; de Rafael\" data-mrf-link=\"www.abc.es\" rel=\"nofollow noopener\">La &#8216;poes\u00eda sublime&#8217; de Rafael<\/a> inundar\u00e1 las salas del <strong>Metropolitan neoyorquino<\/strong> (29 de marzo-28 de junio). Es la exposici\u00f3n m\u00e1s completa del maestro italiano en Estados Unidos: re\u00fane m\u00e1s de 200 de sus obras maestras y tesoros poco vistos. <a href=\"https:\/\/www.abc.es\/cultura\/arte\/20141106\/abci-bernini-museo-prado-exposicion-201411061043.html\" target=\"_self\" data-voc-vtm-id=\"in-text-traffic\" title=\"Bernini\" data-mrf-link=\"www.abc.es\" rel=\"nofollow noopener\">Bernini<\/a> lucir\u00e1 por partida doble. Por un lado, &#8216;Bernini. Pintor y escultor&#8217; en el <strong>Kunsthistorisches Museum de Viena<\/strong> (2 de diciembre-4 de abril de 2027). Por otro, &#8216;Bernini y los Barberini&#8217;, en el <strong>Palacio Barberini de Roma<\/strong> (12 de febrero-14 de junio). Esta muestra explora la relaci\u00f3n con su principal mecenas, el Papa Urbano VIII. Se inscribe en los actos conmemorativos del cuarto centenario de la consagraci\u00f3n de la nueva bas\u00edlica de San Pedro. <\/p>\n<p><img decoding=\"async\" loading=\"lazy\" src=\"https:\/\/www.europesays.com\/es\/wp-content\/uploads\/2026\/01\/correggio_20251230171025-U80075728604yzk-760x1027@diario_abc.jpg\" class=\"voc-img\" width=\"760\" height=\"1027\" alt=\"'J\u00fapiter e \u00cdo', de Correggio. Detalle\" data-voc-vtm-id=\"in-text-traffic\"\/><\/p>\n<p>&#8216;J\u00fapiter e \u00cdo&#8217;, de Correggio. Detalle<\/p>\n<p>Kunsthistorisches Museum, Viena<\/p>\n<p class=\"voc-p\" style=\"\">Una de las exposiciones m\u00e1s esperadas del a\u00f1o es <strong>&#8216;Metamorfosis&#8217;<\/strong>, centrada en el c\u00e9lebre libro de Ovidio. Contar\u00e1 con dos se\u00f1eras sedes: el <strong>Rijksmuseum de \u00c1msterdam<\/strong> (6 de febrero-25 de mayo) y la <strong>Galer\u00eda Borghese de Roma<\/strong> (22 de junio-20 de septiembre). Ser\u00e1 un derroche de pasi\u00f3n, deseo, celos, lujuria y belleza a trav\u00e9s de 80 obras maestras de Tiziano, Correggio, Cellini, <a href=\"https:\/\/www.abc.es\/cultura\/arte\/abci-caravaggio-deseado-filo-noticia-202202141842_noticia.html\" target=\"_self\" data-voc-vtm-id=\"in-text-traffic\" title=\"Caravaggio\" data-mrf-link=\"www.abc.es\" rel=\"nofollow noopener\">Caravaggio<\/a>, <a href=\"https:\/\/www.abc.es\/cultura\/arte\/abci-rubens-alma-hecha-pintura-201804070151_noticia.html\" target=\"_self\" data-voc-vtm-id=\"in-text-traffic\" title=\"Rubens\" data-mrf-link=\"www.abc.es\" rel=\"nofollow noopener\">Rubens<\/a>, Rodin, <a href=\"https:\/\/www.abc.es\/cultura\/arte\/brancusi-padre-escultura-moderna-reina-paris-20240412121025-nt.html\" target=\"_self\" data-voc-vtm-id=\"in-text-traffic\" title=\"Brancusi\" data-mrf-link=\"www.abc.es\" rel=\"nofollow noopener\">Brancusi<\/a>&#8230;, quienes, en su \u00e9poca, rivalizaron con Ovidio, uno de los m\u00e1s grandes poetas de la Antig\u00fcedad, en poder imaginativo y visi\u00f3n art\u00edstica. En el Kunsthistorisches Museum de Viena se medir\u00e1n dos geniales vedutistas, <strong>Canaletto y Bellotto<\/strong>, a partir del 24 de marzo. <\/p>\n<p><img decoding=\"async\" loading=\"lazy\" src=\"https:\/\/www.europesays.com\/es\/wp-content\/uploads\/2026\/01\/rembrandt_20251230171215-U14557133233WCp-760x627@diario_abc.jpg\" class=\"voc-img\" width=\"760\" height=\"627\" alt=\"Dibujo de un le\u00f3n joven descansando, de Rembrandt\" data-voc-vtm-id=\"in-text-traffic\"\/><\/p>\n<p>Dibujo de un le\u00f3n joven descansando, de Rembrandt<\/p>\n<p>Sotheby&#8217;s<\/p>\n<p class=\"voc-p\" style=\"\">Dos dibujos de sendos maestros antiguos protagonizar\u00e1n las primeras subastas del a\u00f1o. Por un lado, un<a href=\"https:\/\/www.abc.es\/cultura\/arte\/hallan-boceto-desconocido-miguel-angel-capilla-sixtina-20251125134522-nt.html\" target=\"_self\" data-voc-vtm-id=\"in-text-traffic\" title=\" boceto desconocido de Miguel \u00c1ngel para la Capilla Sixtina\" data-mrf-link=\"www.abc.es\" rel=\"nofollow noopener\"> boceto desconocido de Miguel \u00c1ngel para la Capilla Sixtina<\/a>. Se trata de un estudio en sanguina para el pie de la Sibila Libia, que saldr\u00e1 a subasta el 5 de febrero en Christie&#8217;s de Nueva York. Su precio estimado, entre 1,5 y 2 millones de d\u00f3lares. Un d\u00eda antes, el <strong>dibujo de un le\u00f3n joven descansando, obra de Rembrandt<\/strong>, se ofrecer\u00e1 en subasta en la sala Sotheby&#8217;s de Nueva York. Procedente de la Colecci\u00f3n Leiden, su estimaci\u00f3n oscila entre 15 y 20 millones de d\u00f3lares. Es el dibujo m\u00e1s importante del artista en subasta en medio siglo.<\/p>\n<p>\nNombres propios\n<\/p>\n<p class=\"voc-p\" style=\"\">Dejando a un lado a los antiguos maestros, son muchos los nombres propios del arte moderno y contempor\u00e1neo de los que se hablar\u00e1 en 2026: doble cita con <strong>Renoir<\/strong> en el Museo d&#8217;Orsay de Par\u00eds (habr\u00e1 una muestra centrada en el amor y otra de sus dibujos), <strong>C\u00e9zanne<\/strong> en la Fundaci\u00f3n Beyeler de Basilea (25 de enero-25 de mayo), <a href=\"https:\/\/www.abc.es\/cultura\/arte\/vida-bella-segun-matisse-20251028180435-nt.html\" target=\"_self\" data-voc-vtm-id=\"in-text-traffic\" title=\"Matisse\" data-mrf-link=\"www.abc.es\" rel=\"nofollow noopener\">Matisse<\/a> en el Grand Palais de Par\u00eds (24 de marzo-26 de julio), <strong>Whistler<\/strong> en la Tate Britain de Londres (21 de mayo-27 de septiembre), <strong>Rousseau el Aduanero<\/strong> en L&#8217;Orangerie de Par\u00eds (25 de marzo-20 de julio), <strong>Rothko<\/strong> en el Palazzo Strozzi de Florencia (14 de marzo-23 de agosto), <strong>Jasper Johns<\/strong> en el Museo Guggenheim Bilbao (29 de mayo-12 de octubre), <a href=\"https:\/\/www.abc.es\/cultura\/arte\/rauschenberg-fundacion-juan-march-pasion-imagen-20251001192514-nt.html\" target=\"_self\" data-voc-vtm-id=\"in-text-traffic\" title=\"Rauschenberg\" data-mrf-link=\"www.abc.es\" rel=\"nofollow noopener\">Rauschenberg<\/a> en el Museo Thyssen (3 de febrero-24 de mayo), <strong>Duchamp<\/strong> en el MoMA de Nueva York (12 de abril-22 de agosto), <strong>Anselm Kiefer<\/strong> en la Pedrera de Barcelona (12 de noviembre-4 de abril), los retratos de <a href=\"https:\/\/www.abc.es\/cultura\/arte\/tarde-estudio-lucian-freud-20221219192752-nt.html\" target=\"_self\" data-voc-vtm-id=\"in-text-traffic\" title=\"Lucian Freud\" data-mrf-link=\"www.abc.es\" rel=\"nofollow noopener\">Lucian Freud<\/a> en la National Portrait Gallery londinense (12 de febrero-4 de mayo)&#8230; <\/p>\n<p><img decoding=\"async\" loading=\"lazy\" src=\"https:\/\/www.europesays.com\/es\/wp-content\/uploads\/2026\/01\/felix-U25463243600VlC-760x927@diario_abc.jpg\" class=\"voc-img\" width=\"760\" height=\"927\" alt=\"F\u00e9lix Gonz\u00e1lez-Torres\" data-voc-vtm-id=\"in-text-traffic\"\/><\/p>\n<p>F\u00e9lix Gonz\u00e1lez-Torres<\/p>\n<p>ABC<\/p>\n<p class=\"voc-p\" style=\"\"><a href=\"https:\/\/www.abc.es\/cultura\/arte\/abci-abre-oslo-munch-mayor-museo-mundo-dedicado-solo-artista-mas-26700-obras-202110201610_noticia.html\" target=\"_self\" data-voc-vtm-id=\"in-text-traffic\" title=\"Munch\" data-mrf-link=\"www.abc.es\" rel=\"nofollow noopener\">Munch<\/a> se medir\u00e1 con <a href=\"https:\/\/www.abc.es\/cultura\/arte\/picasso-ghfdjsljksdkj-hldfhfddfkjfhdfghdf-20251113113150-nt.html\" target=\"_self\" data-voc-vtm-id=\"in-text-traffic\" title=\"Picasso\" data-mrf-link=\"www.abc.es\" rel=\"nofollow noopener\">Picasso<\/a> en el museo de este en M\u00e1laga, <strong>Steve McQueen<\/strong> (9 de octubre-17 de enero) y <strong>Dan Flavin<\/strong> (12 de noviembre-4 de abril) expondr\u00e1n en el Guggenheim Bilbao; el cubano <strong>F\u00e9lix Gonz\u00e1lez-Torres<\/strong> (27 de mayo-12 de octubre) y el argentino <strong>Alberto Greco<\/strong> (11 de febrero-8 de junio) recalar\u00e1n en el Reina Sof\u00eda. La obra del fot\u00f3grafo recientemente desaparecido <a href=\"https:\/\/www.abc.es\/cultura\/muere-anos-fotografo-martin-parr-conocido-retratos-20251207143317-nt.html\" target=\"_self\" data-voc-vtm-id=\"in-text-traffic\" title=\"Martin Parr\" data-mrf-link=\"www.abc.es\" rel=\"nofollow noopener\">Martin Parr<\/a> se ver\u00e1 en el Jeu de Paume de Par\u00eds (30 de enero-24 de mayo). El <strong>MNAC<\/strong> de Barcelona (enfrascado en una batalla por las pinturas murales de Sijena) mostrar\u00e1 los <strong>dep\u00f3sitos franquistas<\/strong> que se hallan en sus colecciones (19 de febrero-28 de junio). Y, tras el hurac\u00e1n Vasconcelos, llega <strong>Jos\u00e9 Mar\u00eda Sicilia<\/strong> al <strong>Palacio de Liria de Madrid<\/strong> con &#8216;Noches y d\u00edas&#8217; (19 de febrero-31 de mayo). Intervendr\u00e1 las estancias m\u00e1s emblem\u00e1ticas del palacio reuniendo obras recientes creadas ex profeso, as\u00ed como una instalaci\u00f3n &#8216;site-specific&#8217;.<\/p>\n<p>\nMujeres artistas\n<\/p>\n<p><img decoding=\"async\" loading=\"lazy\" src=\"https:\/\/www.europesays.com\/es\/wp-content\/uploads\/2026\/01\/ruth_20251230171416-U03842850323gWA-760x1027@diario_abc.jpg\" class=\"voc-img\" width=\"760\" height=\"1027\" alt=\"Ruth Asawa, con una de sus obras\" data-voc-vtm-id=\"in-text-traffic\"\/><\/p>\n<p>Ruth Asawa, con una de sus obras<\/p>\n<p>ABC<\/p>\n<p class=\"voc-p\" style=\"\">Por supuesto, las mujeres artistas seguir\u00e1n teniendo mucho que decir en este 2026. Ya viene siendo habitual verlas protagonizando las programaciones expositivas en museos de todo el mundo. Hay inter\u00e9s por admirar el trabajo de la norteamericana de origen japon\u00e9s <strong>Ruth Asawa<\/strong> y sus esculturas de alambre tejido, cuya cotizaci\u00f3n en el mercado sigue al alza. Una de sus obras fue vendida por 9,5 millones de d\u00f3lares. La primera retrospectiva tras su muerte en 2013, a los 87 a\u00f1os, tuvo lugar en el Museo de Arte Moderno de San Francisco. Viaj\u00f3 despu\u00e9s al MoMA. Llegar\u00e1 en marzo al <strong>Guggenheim de Bilbao<\/strong> y acabar\u00e1 la itinerancia en la Fundaci\u00f3n Beyeler. <\/p>\n<p><img decoding=\"async\" loading=\"lazy\" src=\"https:\/\/www.europesays.com\/es\/wp-content\/uploads\/2026\/01\/maria_20251230172938-U68277154671gey-760x627@diario_abc.jpg\" class=\"voc-img\" width=\"760\" height=\"627\" alt=\"Mar\u00eda Moreno y Antonio L\u00f3pez, en 2011 en el Museo Thyssen\" data-voc-vtm-id=\"in-text-traffic\"\/><\/p>\n<p>Mar\u00eda Moreno y Antonio L\u00f3pez, en 2011 en el Museo Thyssen<\/p>\n<p>Ernesto Agudo<\/p>\n<p class=\"voc-p\" style=\"\">La Tate Modern apuesta por tres mujeres de armas tomar: una gran retrospectiva de la &#8216;chica mala&#8217; <strong>Tracey Emin<\/strong> a partir del 27 de febrero, la incombustible <a href=\"https:\/\/www.abc.es\/cultura\/arte\/abci-frida-kahlo-artista-mas-alla-cliches-y-mito-personaje-202108260018_noticia.html\" target=\"_self\" data-voc-vtm-id=\"in-text-traffic\" title=\"Frida Kahlo\" data-mrf-link=\"www.abc.es\" rel=\"nofollow noopener\">Frida Kahlo<\/a> (se abordar\u00e1 la construcci\u00f3n de un icono del 25 de junio al 3 de enero de 2027) y la inquietante <strong>Ana Mendieta<\/strong> (15 de julio-17 de enero de 2027). <a href=\"https:\/\/www.abc.es\/cultura\/arte\/joana-vasconcelos-contemporanea-artista-barroca-20250207203854-nt.html\" target=\"_self\" data-voc-vtm-id=\"in-text-traffic\" title=\"La portuguesa Joana Vasconcelos\" rel=\"nofollow noopener\">La portuguesa Joana Vasconcelos<\/a> har\u00e1 doblete en el Museo Picasso M\u00e1laga y en el IVAM, lo mismo que <strong>Aur\u00e8lia Mu\u00f1oz<\/strong> (Macba y Reina Sof\u00eda). La pintora realista<strong> Mar\u00eda Moreno<\/strong> se reivindicar\u00e1 de la mano de su marido, <a href=\"https:\/\/www.abc.es\/cultura\/abci-antonio-lopez-inunda-magia-puerta-202107180024_video.html\" target=\"_self\" data-voc-vtm-id=\"in-text-traffic\" title=\"Antonio L\u00f3pez\" data-mrf-link=\"www.abc.es\" rel=\"nofollow noopener\">Antonio L\u00f3pez<\/a> (que, por cierto, el 6 de enero cumple los 90 y sigue en plena forma) con una exposici\u00f3n en oto\u00f1o en dos sedes en Sevilla: Santa Clara y la F\u00e1brica de Artiller\u00eda. El trabajo de otra excelente pintora realista,<a href=\"https:\/\/www.abc.es\/cultura\/cultural\/abci-carmen-laffon-no-quiero-famosa-quiero-pintora-202009200051_noticia.html\" target=\"_self\" data-voc-vtm-id=\"in-text-traffic\" title=\" Carmen Laff\u00f3n\" data-mrf-link=\"www.abc.es\" rel=\"nofollow noopener\"> Carmen Laff\u00f3n<\/a>, estar\u00e1 en el Thyssen a partir de junio. La Fundaci\u00f3n Mapfre exhibir\u00e1 en su sede de Madrid, a partir del 24 de septiembre la obra de las <strong>pintoras prerrafaelitas<\/strong>, mucho menos conocidas que sus colegas masculinos. <\/p>\n<p class=\"voc-p\" style=\"\">Y <strong>m\u00e1s mujeres<\/strong> en este 2026: Elena Asins (Museo Picasso M\u00e1laga), Marisol (Centro Bot\u00edn), Nan Goldin (Grand Palais de Par\u00eds). Cristina de Middel (IVAM), Pipilotti Rist (Guggenheim Bilbao), Lee Miller (Museo de Arte Moderno de Par\u00eds), Marina Abramovic (Museo Gropius-Bau de Berl\u00edn)&#8230; No faltar\u00e1 la moda, con Ana Locking (Sala Canal de Isabel II). <\/p>\n<p>\nEl arte que surgi\u00f3 del fr\u00edo\n<\/p>\n<p><img decoding=\"async\" loading=\"lazy\" src=\"https:\/\/www.europesays.com\/es\/wp-content\/uploads\/2026\/01\/hammer_20251230172423-U06538824878tIw-760x927@diario_abc.jpg\" class=\"voc-img\" width=\"760\" height=\"927\" alt=\"'Interior de la casa del artista' (1900), de Vilhelm Hammersh\u00f8i\" data-voc-vtm-id=\"in-text-traffic\"\/><\/p>\n<p>&#8216;Interior de la casa del artista&#8217; (1900), de Vilhelm Hammersh\u00f8i<\/p>\n<p>\u00a9 Finnish National Gallery \/ Hannu Aaltonen<\/p>\n<p class=\"voc-p\" style=\"\">El arte que surgi\u00f3 del fr\u00edo tiene tres citas importantes. La finlandesa <strong>Helene Schjerfbeck (1862-1946)<\/strong>, casi desconocida fuera de su pa\u00eds, expone en el Metropolitan neyorquino hasta el 5 de abril. Una muestra que reafirma su merecido lugar en la historia del arte moderno. El Museo Thyssen presenta la primera retrospectiva en Espa\u00f1a del artista dan\u00e9s <strong>Vilhelm Hammersh\u00f8i (1864-1916)<\/strong>, con casi un centenar de obras (17 de febrero al 31 de mayo). C\u00e9lebre por sus interiores fr\u00edos y silenciosos, cuenta con muchos adeptos. Y la Fundaci\u00f3n Mapfre abrir\u00e1 en Madrid el 19 de febrero una exposici\u00f3n del sueco <strong>Anders Zorn (1860-1920)<\/strong>, organizada en colaboraci\u00f3n con la Kunsthalle de Hamburgo. <\/p>\n<p>\nTres citas importantes\n<\/p>\n<p><img decoding=\"async\" loading=\"lazy\" src=\"https:\/\/www.europesays.com\/es\/wp-content\/uploads\/2026\/01\/agravitas-U02375706883VIX-760x427@diario_abc.jpg\" class=\"voc-img\" width=\"760\" height=\"427\" alt=\"'Agravitas'. Recreaci\u00f3n de la ampliaci\u00f3n del Museo de Bellas Artes de Bilbao\" data-voc-vtm-id=\"in-text-traffic\"\/><\/p>\n<p>&#8216;Agravitas&#8217;. Recreaci\u00f3n de la ampliaci\u00f3n del Museo de Bellas Artes de Bilbao<\/p>\n<p>UTE Foster\/Partners Ltd.\/ L. M. Uriarte Arkitectura S.L.P.<\/p>\n<p class=\"voc-p\" style=\"\">Para terminar, tres citas destacadas este a\u00f1o. Est\u00e1 previsto que en junio el <strong>Museo de Bellas Artes de Bilbao<\/strong> inaugure su ampliaci\u00f3n: &#8216;Agravitas&#8217;, el plan dise\u00f1ado por <a href=\"https:\/\/www.abc.es\/cultura\/arte\/abci-viaje-interior-mente-norman-foster-201705300057_noticia.html\" target=\"_self\" data-voc-vtm-id=\"in-text-traffic\" title=\"Norman Foster\" data-mrf-link=\"www.abc.es\" rel=\"nofollow noopener\">Norman Foster<\/a> y Luis Maria Uriarte \u2013algunos lo han bautizado como &#8216;la chapela&#8217;\u2013, que acoger\u00e1 una gran sala de exposiciones temporales y, como novedad, la colecci\u00f3n de dise\u00f1o y arquitectura. <strong>Del 4 al 8 de marzo<\/strong> se celebrar\u00e1 en Ifema la <strong>45 edici\u00f3n de ARCO<\/strong>. Hace unas semanas, los galeristas espa\u00f1oles se plantaban por la inacci\u00f3n del Gobierno en la bajada del IVA para el sector del arte: <a href=\"https:\/\/www.abc.es\/cultura\/arte\/sector-arte-planta-ante-gobierno-acabado-tiempo-20251210143029-nt.html\" target=\"_self\" data-voc-vtm-id=\"in-text-traffic\" title=\"\u00abSe nos ha acabado el tiempo\u00bb\" data-mrf-link=\"www.abc.es\" rel=\"nofollow noopener\">\u00abSe nos ha acabado el tiempo\u00bb<\/a>, se lamentaban. El a\u00f1o pasado se protest\u00f3 con un apag\u00f3n durante la feria. Veremos hasta d\u00f3nde est\u00e1n dispuestos a llegar este a\u00f1o. Y este 2026 toca <strong>Bienal de Venecia (9 de mayo-22 de noviembre)<\/strong>. La comisaria de la 61 edici\u00f3n, Koyo Kouoh, de origen camarun\u00e9s, falleci\u00f3 a los 57 a\u00f1os. Espa\u00f1a estar\u00e1 representada en su pabell\u00f3n por <a href=\"https:\/\/www.abc.es\/cultura\/cultural\/oriol-vilanova-carles-guerra-tandem-representara-espana-20250401093255-nt.html\" target=\"_self\" data-voc-vtm-id=\"in-text-traffic\" title=\"Oriol Vilanova y su proyecto &#039;Los restos&#039;.\" data-mrf-link=\"www.abc.es\" rel=\"nofollow noopener\">Oriol Vilanova y su proyecto &#8216;Los restos&#8217;.<\/a><\/p>\n","protected":false},"excerpt":{"rendered":"Hay un nombre que eclipsar\u00e1 a todos en el mundo del arte este 2026: Antoni Gaud\u00ed. El 10&hellip;\n","protected":false},"author":2,"featured_media":318608,"comment_status":"","ping_status":"","sticky":false,"template":"","format":"standard","meta":{"footnotes":""},"categories":[173],"tags":[3076,1611,229,233,231,230,50543,232,234,146,147,25,24,31791,560,23,3466],"class_list":{"0":"post-318607","1":"post","2":"type-post","3":"status-publish","4":"format-standard","5":"has-post-thumbnail","7":"category-arte-y-diseno","8":"tag-3076","9":"tag-ano","10":"tag-arte","11":"tag-arte-y-diseno","12":"tag-arts","13":"tag-arts-and-design","14":"tag-cumplira","15":"tag-design","16":"tag-diseno","17":"tag-entertainment","18":"tag-entretenimiento","19":"tag-es","20":"tag-espana","21":"tag-gaudi","22":"tag-genio","23":"tag-spain","24":"tag-sueno"},"share_on_mastodon":{"url":"https:\/\/pubeurope.com\/@es\/115824018433920897","error":""},"_links":{"self":[{"href":"https:\/\/www.europesays.com\/es\/wp-json\/wp\/v2\/posts\/318607","targetHints":{"allow":["GET"]}}],"collection":[{"href":"https:\/\/www.europesays.com\/es\/wp-json\/wp\/v2\/posts"}],"about":[{"href":"https:\/\/www.europesays.com\/es\/wp-json\/wp\/v2\/types\/post"}],"author":[{"embeddable":true,"href":"https:\/\/www.europesays.com\/es\/wp-json\/wp\/v2\/users\/2"}],"replies":[{"embeddable":true,"href":"https:\/\/www.europesays.com\/es\/wp-json\/wp\/v2\/comments?post=318607"}],"version-history":[{"count":0,"href":"https:\/\/www.europesays.com\/es\/wp-json\/wp\/v2\/posts\/318607\/revisions"}],"wp:featuredmedia":[{"embeddable":true,"href":"https:\/\/www.europesays.com\/es\/wp-json\/wp\/v2\/media\/318608"}],"wp:attachment":[{"href":"https:\/\/www.europesays.com\/es\/wp-json\/wp\/v2\/media?parent=318607"}],"wp:term":[{"taxonomy":"category","embeddable":true,"href":"https:\/\/www.europesays.com\/es\/wp-json\/wp\/v2\/categories?post=318607"},{"taxonomy":"post_tag","embeddable":true,"href":"https:\/\/www.europesays.com\/es\/wp-json\/wp\/v2\/tags?post=318607"}],"curies":[{"name":"wp","href":"https:\/\/api.w.org\/{rel}","templated":true}]}}