{"id":318611,"date":"2026-01-02T06:13:08","date_gmt":"2026-01-02T06:13:08","guid":{"rendered":"https:\/\/www.europesays.com\/es\/318611\/"},"modified":"2026-01-02T06:13:08","modified_gmt":"2026-01-02T06:13:08","slug":"bryce-dallas-howard-muestra-sus-ganas-dirigir-mas-proyectos-de-star-wars-sea-lo-que-sea-si-puedo-ser-util-a-lucasfilm-lo-hare","status":"publish","type":"post","link":"https:\/\/www.europesays.com\/es\/318611\/","title":{"rendered":"Bryce Dallas Howard muestra sus ganas dirigir m\u00e1s proyectos de Star Wars: \u201cSea lo que sea, si puedo ser \u00fatil a Lucasfilm, lo har\u00e9\u201d"},"content":{"rendered":"<p>Por:\u00a0\u00a0<a href=\"https:\/\/www.elheraldo.co\/author\/redaccion-tendencias-\" aria-label=\"Redacci\u00f3n  Tendencias \" rel=\"nofollow noopener\" target=\"_blank\">Redacci\u00f3n  Tendencias <\/a><\/p>\n<p class=\"elheraldo__StyledParagraph-sc-60z8lc-1 dEjMiD article-body__paragraph\">Los fan\u00e1ticos de<b> Star Wars<\/b> esperan con ansias el estreno de la temporada 2 de la serie <b>Ahsoka, <\/b>que cuenta con <b>Rosario Dawson<\/b>, en este 2026.<\/p>\n<p class=\"elheraldo__StyledParagraph-sc-60z8lc-1 dEjMiD article-body__paragraph\"><b>Leer tambi\u00e9n: <\/b><a href=\"https:\/\/www.elheraldo.co\/entretenimiento\/2026\/01\/01\/la-banda-de-k-pop-bts-regresara-el-20-de-marzo-con-un-nuevo-album-seguido-de-gira-mundial\/\" rel=\"nofollow noopener\" target=\"_blank\"><b>La banda de K-pop BTS regresar\u00e1 el 20 de marzo con un nuevo \u00e1lbum seguido de gira mundial<\/b><\/a><\/p>\n<p class=\"elheraldo__StyledParagraph-sc-60z8lc-1 dEjMiD article-body__paragraph\">Se trata de la vida de Ahsoka Tano mientras colabora con su antigua aprendiz, <b>Sabine Wren.<\/b> La idea es impedir que el Gran <b>Almirante Thrawn,<\/b> varado en el espacio, regrese y una a los restos del Imperio contra la naciente Nueva Rep\u00fablica.<\/p>\n<p class=\"elheraldo__StyledParagraph-sc-60z8lc-1 dEjMiD article-body__paragraph\">La primera temporada cerr\u00f3 con Ahsoka y Sabine atrapadas en Peridea tras escapar el gran almirante Thrawn de regreso a la galaxia conocida. All\u00ed espera restaurar el Imperio Gal\u00e1ctico con sus tropas zombificadas.<\/p>\n<p class=\"elheraldo__StyledParagraph-sc-60z8lc-1 dEjMiD article-body__paragraph\">Ya se conoci\u00f3 que en la segunda parte de la serie las protagonistas emprender\u00e1n un viaje relacionado con los misteriosos dioses de Mortis y se enfrentar\u00e1n al Jedi ca\u00eddo <b>Baylan Skoll<\/b>, mientras Thrawn lidera al Imperio contra la Nueva Rep\u00fablica.<\/p>\n<p class=\"elheraldo__StyledParagraph-sc-60z8lc-1 dEjMiD article-body__paragraph\">Bryce Dallas Howard quiere dirigir m\u00e1s proyectos de Star Wars tras Ahsoka<\/p>\n<p class=\"elheraldo__StyledParagraph-sc-60z8lc-1 dEjMiD article-body__paragraph\">El talento de la actriz <b>Bryce Dallas Howard<\/b> ha salido a relucir en las \u00faltimas series del universo de Star Wars en<b> Disney+<\/b>. Tambi\u00e9n ha estado en algunos episodios como The Mandalorian, El libro de Boba Fett y Tripulaci\u00f3n perdida, pero como directora.<\/p>\n<p class=\"elheraldo__StyledParagraph-sc-60z8lc-1 dEjMiD article-body__paragraph\">La cineasta ha estado dirigiendo a Rosario Dawson en dos episodios de la nueva temporada de Ahsoka. Vive un momento en el cual cuenta con m\u00e1s cr\u00e9ditos como directora de acci\u00f3n real de Star Wars que cualquier otro cineasta.<\/p>\n<p class=\"elheraldo__StyledParagraph-sc-60z8lc-1 dEjMiD article-body__paragraph\"><b>Importante: <\/b><a href=\"https:\/\/www.elheraldo.co\/entretenimiento\/2026\/01\/01\/peliculas-familiares-en-netflix-para-ver-este-1-de-enero-y-comenzar-el-ano-en-casa\/\" rel=\"nofollow noopener\" target=\"_blank\"><b>Pel\u00edculas familiares en Netflix para ver este 1 de enero y comenzar el a\u00f1o en casa<\/b><\/a><\/p>\n<p class=\"elheraldo__StyledParagraph-sc-60z8lc-1 dEjMiD article-body__paragraph\">En una entrevista con People, Howard se mostr\u00f3 feliz por participar en este universo de Star Wars y asegur\u00f3 que le gustar\u00eda seguir asumiendo el rol de directora. <\/p>\n<p class=\"elheraldo__StyledParagraph-sc-60z8lc-1 dEjMiD article-body__paragraph\">\u201cMe encanta much\u00edsimo. Anhelo seguir en este camino para poder estar en ese mundo, crecer,<b> aprender y desafiarme a m\u00ed misma\u2026<\/b> Pero adem\u00e1s, no se trata solo de m\u00ed. Se trata del medio. En mi caso, he dejado de desear o anhelar algo espec\u00edfico en t\u00e9rminos de resultados, como el cine, la animaci\u00f3n o el streaming. Sea lo que sea, si puedo ser \u00fatil a Lucasfilm, lo har\u00e9\u201d, declar\u00f3.<\/p>\n","protected":false},"excerpt":{"rendered":"Por:\u00a0\u00a0Redacci\u00f3n Tendencias Los fan\u00e1ticos de Star Wars esperan con ansias el estreno de la temporada 2 de la&hellip;\n","protected":false},"author":2,"featured_media":318612,"comment_status":"","ping_status":"","sticky":false,"template":"","format":"standard","meta":{"footnotes":""},"categories":[169],"tags":[74163,74329,177,1060,146,147,25,24,176,175,23,3186,214],"class_list":{"0":"post-318611","1":"post","2":"type-post","3":"status-publish","4":"format-standard","5":"has-post-thumbnail","7":"category-cine","8":"tag-ahsoka","9":"tag-bryce-dallas","10":"tag-cine","11":"tag-disney","12":"tag-entertainment","13":"tag-entretenimiento","14":"tag-es","15":"tag-espana","16":"tag-film","17":"tag-movies","18":"tag-spain","19":"tag-star-wars","20":"tag-tv"},"share_on_mastodon":{"url":"https:\/\/pubeurope.com\/@es\/115824034020151350","error":""},"_links":{"self":[{"href":"https:\/\/www.europesays.com\/es\/wp-json\/wp\/v2\/posts\/318611","targetHints":{"allow":["GET"]}}],"collection":[{"href":"https:\/\/www.europesays.com\/es\/wp-json\/wp\/v2\/posts"}],"about":[{"href":"https:\/\/www.europesays.com\/es\/wp-json\/wp\/v2\/types\/post"}],"author":[{"embeddable":true,"href":"https:\/\/www.europesays.com\/es\/wp-json\/wp\/v2\/users\/2"}],"replies":[{"embeddable":true,"href":"https:\/\/www.europesays.com\/es\/wp-json\/wp\/v2\/comments?post=318611"}],"version-history":[{"count":0,"href":"https:\/\/www.europesays.com\/es\/wp-json\/wp\/v2\/posts\/318611\/revisions"}],"wp:featuredmedia":[{"embeddable":true,"href":"https:\/\/www.europesays.com\/es\/wp-json\/wp\/v2\/media\/318612"}],"wp:attachment":[{"href":"https:\/\/www.europesays.com\/es\/wp-json\/wp\/v2\/media?parent=318611"}],"wp:term":[{"taxonomy":"category","embeddable":true,"href":"https:\/\/www.europesays.com\/es\/wp-json\/wp\/v2\/categories?post=318611"},{"taxonomy":"post_tag","embeddable":true,"href":"https:\/\/www.europesays.com\/es\/wp-json\/wp\/v2\/tags?post=318611"}],"curies":[{"name":"wp","href":"https:\/\/api.w.org\/{rel}","templated":true}]}}