{"id":31862,"date":"2025-08-07T15:30:07","date_gmt":"2025-08-07T15:30:07","guid":{"rendered":"https:\/\/www.europesays.com\/es\/31862\/"},"modified":"2025-08-07T15:30:07","modified_gmt":"2025-08-07T15:30:07","slug":"ultima-hora-del-conflicto-en-oriente-proximo-en-directo-netanyahu-confirma-que-israel-ocupara-gaza-pero-que-no-pretende-gobernarla-internacional","status":"publish","type":"post","link":"https:\/\/www.europesays.com\/es\/31862\/","title":{"rendered":"\u00daltima hora del conflicto en Oriente Pr\u00f3ximo, en directo | Netanyahu confirma que Israel ocupar\u00e1 Gaza, pero que \u201cno pretende gobernarla\u201d | Internacional"},"content":{"rendered":"<p class=\"ev-title\">Israel planea aprobar esta tarde la ocupaci\u00f3n total de la Franja, que empezar\u00eda con la expulsi\u00f3n de un mill\u00f3n de gazat\u00edes de Ciudad de Gaza, seg\u00fan prensa israel\u00ed\u00a0<\/p>\n<p><strong>Por Joan Cabas\u00e9s <\/strong>(Beirut).<b\/>El gabinete de seguridad de Israel tiene prevista una reuni\u00f3n la tarde del jueves en la que tomar\u00e1 una decisi\u00f3n sobre la toma del conjunto de la franja de Gaza.\u00a0La ampliaci\u00f3n de la ocupaci\u00f3n sobre el enclave, que llevar\u00eda las tropas israel\u00edes al 12% del territorio donde se concentran la mayor\u00eda de los gazat\u00edes, empezar\u00eda con el desplazamiento forzoso de alrededor de un mill\u00f3n de personas que se encuentran en Ciudad de Gaza, seg\u00fan informa prensa israel\u00ed la ma\u00f1ana del jueves. Se trata de la mitad de la poblaci\u00f3n del enclave.<\/p>\n<p>El plan prev\u00e9 vaciar ese territorio y empujar la poblaci\u00f3n hacia el sur para permitir el establecimiento de infraestructura civil en Ciudad de Gaza, incluyendo hospitales y campos de evacuados. Esta primera fase durar\u00eda semanas. As\u00ed lo informa la cadena de televisi\u00f3n israel\u00ed Canal 12, en unas informaciones replicadas por otros medios israel\u00edes.\u00a0<\/p>\n<p>En una segunda fase, mientras la poblaci\u00f3n sigue arrinconada en el sur, Israel lanzar\u00eda una ofensiva contra los territorios evacuados donde cree que Ham\u00e1s esconde los cautivos. De manera paralela, EE UU anunciar\u00eda los nuevos esfuerzos de la Casa Blanca para incrementar el flujo humanitario en coordinaci\u00f3n con Israel.<\/p>\n<p>Esta informaci\u00f3n encaja con las declaraciones que Mike Huckabee, embajador de EE UU en Israel, ofreci\u00f3 la noche del mi\u00e9rcoles en el medio estadounidense Bloomberg, donde afirm\u00f3 que Washington pretende incrementar las zonas de reparto de la Fundaci\u00f3n Humanitaria de Gaza de solo cuatro a 16. Un objetivo, a\u00f1adi\u00f3 el embajador, que quieren ver convertido en realidad durante los pr\u00f3ximos \u201cdos meses\u201d.<\/p>\n<p>La operaci\u00f3n, tambi\u00e9n seg\u00fan Canal 12, busca permitir que la ayuda llegue a los gazat\u00edes sin caer en las manos de Ham\u00e1s en una Ciudad de Gaza bajo control israel\u00ed. Otros medios de informaci\u00f3n en Israel apuntan a que la campa\u00f1a militar podr\u00eda alargarse durante cinco meses y que los mediadores Egipto y Qatar se oponen al plan. Tambi\u00e9n han sugerido que las autoridades israel\u00edes buscar\u00edan en alg\u00fan punto del desplazamiento de civiles hacia el sur la manera de impulsar la \u201cemigraci\u00f3n voluntaria\u201d, el t\u00e9rmino con el que la clase pol\u00edtica israel\u00ed se refiere a la deportaci\u00f3n de gazat\u00edes.<\/p>\n","protected":false},"excerpt":{"rendered":"Israel planea aprobar esta tarde la ocupaci\u00f3n total de la Franja, que empezar\u00eda con la expulsi\u00f3n de un&hellip;\n","protected":false},"author":2,"featured_media":31863,"comment_status":"","ping_status":"","sticky":false,"template":"","format":"standard","meta":{"footnotes":""},"categories":[42],"tags":[17,18,68,70,71,72,13,14,73,69,75,11,61,62,63,64,74,19,20,9,10,15,16,77,76,12,21,22,65,66,67],"class_list":{"0":"post-31862","1":"post","2":"type-post","3":"status-publish","4":"format-standard","5":"has-post-thumbnail","7":"category-internacional","8":"tag-breaking-news","9":"tag-breakingnews","10":"tag-conflicto-arabe-israeli","11":"tag-conflictos","12":"tag-conflictos-armados","13":"tag-conflictos-internacionales","14":"tag-featured-news","15":"tag-featurednews","16":"tag-franja-gaza","17":"tag-guerra","18":"tag-hamas","19":"tag-headlines","20":"tag-internacional","21":"tag-international","22":"tag-international-news","23":"tag-internationalnews","24":"tag-israel","25":"tag-latest-news","26":"tag-latestnews","27":"tag-news","28":"tag-noticias","29":"tag-noticias-destacadas","30":"tag-noticiasdestacadas","31":"tag-oriente-proximo","32":"tag-palestina","33":"tag-titulares","34":"tag-ultimas-noticias","35":"tag-ultimasnoticias","36":"tag-world","37":"tag-world-news","38":"tag-worldnews"},"share_on_mastodon":{"url":"","error":""},"_links":{"self":[{"href":"https:\/\/www.europesays.com\/es\/wp-json\/wp\/v2\/posts\/31862","targetHints":{"allow":["GET"]}}],"collection":[{"href":"https:\/\/www.europesays.com\/es\/wp-json\/wp\/v2\/posts"}],"about":[{"href":"https:\/\/www.europesays.com\/es\/wp-json\/wp\/v2\/types\/post"}],"author":[{"embeddable":true,"href":"https:\/\/www.europesays.com\/es\/wp-json\/wp\/v2\/users\/2"}],"replies":[{"embeddable":true,"href":"https:\/\/www.europesays.com\/es\/wp-json\/wp\/v2\/comments?post=31862"}],"version-history":[{"count":0,"href":"https:\/\/www.europesays.com\/es\/wp-json\/wp\/v2\/posts\/31862\/revisions"}],"wp:featuredmedia":[{"embeddable":true,"href":"https:\/\/www.europesays.com\/es\/wp-json\/wp\/v2\/media\/31863"}],"wp:attachment":[{"href":"https:\/\/www.europesays.com\/es\/wp-json\/wp\/v2\/media?parent=31862"}],"wp:term":[{"taxonomy":"category","embeddable":true,"href":"https:\/\/www.europesays.com\/es\/wp-json\/wp\/v2\/categories?post=31862"},{"taxonomy":"post_tag","embeddable":true,"href":"https:\/\/www.europesays.com\/es\/wp-json\/wp\/v2\/tags?post=31862"}],"curies":[{"name":"wp","href":"https:\/\/api.w.org\/{rel}","templated":true}]}}