{"id":318620,"date":"2026-01-02T06:18:14","date_gmt":"2026-01-02T06:18:14","guid":{"rendered":"https:\/\/www.europesays.com\/es\/318620\/"},"modified":"2026-01-02T06:18:14","modified_gmt":"2026-01-02T06:18:14","slug":"el-consorcio-vasco-incorpora-a-teknei-en-la-compra-de-ayesa-digital-por-480-millones-empresas","status":"publish","type":"post","link":"https:\/\/www.europesays.com\/es\/318620\/","title":{"rendered":"El consorcio vasco incorpora a Teknei en la compra de Ayesa Digital por 480 millones | Empresas"},"content":{"rendered":"<p class=\"\">En las \u00faltimas horas de 2025, el consorcio vasco integrado por el Ejecutivo de Vitoria, Kutxabank y BBK han firmado la opci\u00f3n de compra por Ayesa Digital por un importe de 480 millones. El l\u00edmite marcado para ejecutar la adquisici\u00f3n de la empresa, especializada en servicios digitales y soluciones avanzadas, y por la que se interesaron fondos internacionales como Blackstone, estaba fijado para el pasado el 31 de diciembre. A la operaci\u00f3n se ha unido como socio tecnol\u00f3gico Teknei, un grupo con sede en Euskadi y que prev\u00e9 facturar 300 millones en 2026 con m\u00e1s de 3.000 trabajadores. Tiene centros en Espa\u00f1a, Estados Unidos y M\u00e9xico. <\/p>\n<p class=\"\">El pasado diciembre, <a href=\"https:\/\/cincodias.elpais.com\/companias\/2025-12-02\/indra-vende-su-negocio-de-externalizacion-de-servicios-a-la-firma-vasca-teknei-por-966-millones.html\" target=\"_self\" rel=\"nofollow noopener\" title=\"https:\/\/cincodias.elpais.com\/companias\/2025-12-02\/indra-vende-su-negocio-de-externalizacion-de-servicios-a-la-firma-vasca-teknei-por-966-millones.html\">Teknei compr\u00f3 a Indra <\/a>su divisi\u00f3n de servicios externalizados por los clientes por 96,6 millones. La corporaci\u00f3n vasca est\u00e1 especializada en consultor\u00eda y desarrollo de software y trabaja en la transformaci\u00f3n digital de bancos aseguradoras y administraciones, entre otros \u00e1mbitos del mercado digital. <\/p>\n<p class=\"\"><a href=\"https:\/\/cincodias.elpais.com\/companias\/2025-12-04\/el-consorcio-vasco-de-inversiones-comprara-la-division-tecnologica-de-ayesa-por-500-millones.html\" target=\"_self\" rel=\"nofollow noopener\" title=\"https:\/\/cincodias.elpais.com\/companias\/2025-12-04\/el-consorcio-vasco-de-inversiones-comprara-la-division-tecnologica-de-ayesa-por-500-millones.html\">El consorcio que forman<\/a> el Gobierno vasco (a trav\u00e9s de su fondo Finkatuz), Kutxabank (por medio de su sociedad Indar Kartera), Teknei y BBK esperan en los pr\u00f3ximos meses la incorporaci\u00f3n de m\u00e1s socios. La Fundaci\u00f3n Vital, que es accionista de Kutxabank, como BBK, est\u00e1 estudiando esta opci\u00f3n. El otro inversor del banco vasco, Kutxa, ha decidido quedarse fuera de la ecuaci\u00f3n pese a que Ayesa naci\u00f3 como Iberm\u00e1tica en Gipuzkoa, el territorio en el que opera Kutxa.<\/p>\n<p class=\"\">Los 480 millones que desembolsar\u00e1n incluyen la asunci\u00f3n de deuda. BBK e Indar aportar\u00e1n 100 millones cada uno y Teknei otros 10 millones. El Gobierno vasco queda como comod\u00edn para asumir el resto del importe de la compra, a la espera de la incorporaci\u00f3n de nuevos socios como Vital. Los vendedores son el fondo A &amp; M Capital Europe y la familia Manzanares. <\/p>\n<p class=\"\">Los nuevos accionistas garantizan la continuidad del equipo directivo, con el consejero delegado Jos\u00e9 Luis Manzanares al frente. En su caso, \u201chasta culminar la transici\u00f3n\u201d. Los actuales ejecutivos han sido valorados como \u201cuno de los principales activos identificados en la negociaci\u00f3n\u201d, seg\u00fan fuentes del Gobierno vasco.<\/p>\n<p class=\"\">El consejero de Industria del Gobierno vasco, Mikel Jauregi, ha celebrado la compra de Ayesa Tecnol\u00f3gica \u201cporque vuelve a casa una empresa nacida aqu\u00ed, en Donosti [San Sebasti\u00e1n], y su centro de decisi\u00f3n vuelve a estar en Euskadi, donde se tomar\u00e1n las decisiones con una visi\u00f3n de estabilidad accionarial y de crecimiento industrial de futuro\u201d. Desde 2013, la direcci\u00f3n de la antigua Iberm\u00e1tica estaba fuera del Pa\u00eds Vasco.<\/p>\n<p class=\"\">Jauregi ha a\u00f1adido que la operaci\u00f3n \u201cda tranquilidad a los m\u00e1s de 2.000 trabajadores de Ayesa en Euskadi\u201d, sobre una plantilla de m\u00e1s de 11.000 personas. En su opini\u00f3n, \u201cestos son los puestos de trabajo de calidad que queremos crear para nuestros hijos e hijas\u201d. El consejero de Industria ha recordado que la operaci\u00f3n de Ayesa Digital se suma a las adquisiciones de Talgo y del grupo de distribuci\u00f3n Uvesco, en las que tambi\u00e9n ha participado el Gobierno vasco para garantizar el arraigo de empresas consideradas claves para el desarrollo de la econom\u00eda vasca.<\/p>\n<p class=\"\">El Consejero de Hacienda y Finanzas del Gobierno vasco, No\u00ebl d\u00b4Anjou, ha afirmado que la adquisici\u00f3n de Ayesa Digital \u201des otro ejemplo m\u00e1s de lo que la Alianza Financiera Vasca (AFV) puede conseguir uniendo nuestras fuerzas\u201d, en relaci\u00f3n a la fusi\u00f3n de los sectores p\u00fablico y privado en estas operaciones.<\/p>\n<p class=\"\">Por su parte, Jos\u00e9 Iturriaga, director general de Indar Kartera, ha explicado que \u201cel nuevo grupo tecnol\u00f3gico est\u00e1 llamado a jugar un papel determinante en la transformaci\u00f3n de la industria y el desarrollo de la nueva econom\u00eda\u201d. Y Joseba Lekube, CEO de Teknei, ha asegurado que \u201cla transformaci\u00f3n digital va a abrir oportunidades de colaboraci\u00f3n y desde Teknei queremos aportar nuestro conocimiento de la industria digital y tecnol\u00f3gica en un proyecto ilusionante\u201d.<\/p>\n<p class=\"\">Desde 2022, Ayesa Digital ha triplicado su facturaci\u00f3n, que supera los 569 millones de euros, y genera un Ebitda (beneficio bruto de explotaci\u00f3n) de casi 50 millones de euros. Sus operaciones se extienden desde Espa\u00f1a a mercados como Reino Unido, Estados Unidos, M\u00e9xico, Colombia, Per\u00fa y Chile.<\/p>\n<p class=\"\">JB Capital y Cuatrecasas han actuado como asesores financiero y legal, respectivamente, del consorcio vasco. Deloitte y Barrilero han sido los encargados de la realizaci\u00f3n de la due diligence. Por su parte, A&amp;M Capital Europe y la familia Manzanares han contado con Houlihan Lokey como asesor financiero, con P\u00e9rez-Llorca y Weil, Gotshal &amp; Manges como asesores legales, y con Alvarez &amp; Marsal como asesor operacional en la separaci\u00f3n corporativa.<\/p>\n","protected":false},"excerpt":{"rendered":"En las \u00faltimas horas de 2025, el consorcio vasco integrado por el Ejecutivo de Vitoria, Kutxabank y BBK&hellip;\n","protected":false},"author":2,"featured_media":270882,"comment_status":"","ping_status":"","sticky":false,"template":"","format":"standard","meta":{"footnotes":""},"categories":[80],"tags":[66479,82,41516,95,94,2308,25,24,12296,66536,11701,23],"class_list":{"0":"post-318620","1":"post","2":"type-post","3":"status-publish","4":"format-standard","5":"has-post-thumbnail","7":"category-economia","8":"tag-ayesa","9":"tag-business","10":"tag-digitalizacion-empresarial","11":"tag-economia","12":"tag-economy","13":"tag-empresas","14":"tag-es","15":"tag-espana","16":"tag-gobierno-vasco","17":"tag-ibermatica","18":"tag-kutxabank","19":"tag-spain"},"share_on_mastodon":{"url":"https:\/\/pubeurope.com\/@es\/115824053895329812","error":""},"_links":{"self":[{"href":"https:\/\/www.europesays.com\/es\/wp-json\/wp\/v2\/posts\/318620","targetHints":{"allow":["GET"]}}],"collection":[{"href":"https:\/\/www.europesays.com\/es\/wp-json\/wp\/v2\/posts"}],"about":[{"href":"https:\/\/www.europesays.com\/es\/wp-json\/wp\/v2\/types\/post"}],"author":[{"embeddable":true,"href":"https:\/\/www.europesays.com\/es\/wp-json\/wp\/v2\/users\/2"}],"replies":[{"embeddable":true,"href":"https:\/\/www.europesays.com\/es\/wp-json\/wp\/v2\/comments?post=318620"}],"version-history":[{"count":0,"href":"https:\/\/www.europesays.com\/es\/wp-json\/wp\/v2\/posts\/318620\/revisions"}],"wp:featuredmedia":[{"embeddable":true,"href":"https:\/\/www.europesays.com\/es\/wp-json\/wp\/v2\/media\/270882"}],"wp:attachment":[{"href":"https:\/\/www.europesays.com\/es\/wp-json\/wp\/v2\/media?parent=318620"}],"wp:term":[{"taxonomy":"category","embeddable":true,"href":"https:\/\/www.europesays.com\/es\/wp-json\/wp\/v2\/categories?post=318620"},{"taxonomy":"post_tag","embeddable":true,"href":"https:\/\/www.europesays.com\/es\/wp-json\/wp\/v2\/tags?post=318620"}],"curies":[{"name":"wp","href":"https:\/\/api.w.org\/{rel}","templated":true}]}}