{"id":318622,"date":"2026-01-02T06:20:10","date_gmt":"2026-01-02T06:20:10","guid":{"rendered":"https:\/\/www.europesays.com\/es\/318622\/"},"modified":"2026-01-02T06:20:10","modified_gmt":"2026-01-02T06:20:10","slug":"ayuso-bendice-un-campus-universitario-de-los-kikos-y-el-comite-olimpico-espanol-rechazado-en-cuatro-ciudades-espanolas-educacion","status":"publish","type":"post","link":"https:\/\/www.europesays.com\/es\/318622\/","title":{"rendered":"Ayuso bendice un campus universitario de los \u2018kikos\u2019 y el Comit\u00e9 Ol\u00edmpico Espa\u00f1ol rechazado en cuatro ciudades espa\u00f1olas | Educaci\u00f3n"},"content":{"rendered":"<p class=\"\"><a href=\"https:\/\/elpais.com\/educacion\/2024-07-08\/ayuso-traslada-su-batalla-ideologica-a-las-universidades-en-una-estela-trumpista.html\" rel=\"nofollow noopener\" target=\"_blank\">La presidenta Isabel D\u00edaz Ayuso fue franca en 2024<\/a>: \u201cAbrimos Madrid a todo proyecto de universidad, de todos los rincones de Espa\u00f1a, del mundo y especialmente de Hispanoam\u00e9rica, siempre que cumplan los requisitos de calidad y excelencia\u201d. <a href=\"https:\/\/elpais.com\/educacion\/2025-12-11\/madrid-aprueba-su-vigesima-universidad-y-la-red-privada-en-espana-ya-esta-a-dos-campus-de-empatar-en-numero-con-la-publica.html\" target=\"_self\" rel=\"nofollow noopener\" title=\"https:\/\/elpais.com\/educacion\/2025-12-11\/madrid-aprueba-su-vigesima-universidad-y-la-red-privada-en-espana-ya-esta-a-dos-campus-de-empatar-en-numero-con-la-publica.html\">Existen ya 14 universidades privadas<\/a> y otras<a href=\"https:\/\/elpais.com\/educacion\/2025-09-09\/el-gobierno-rechaza-tres-proyectos-de-universidades-privadas-y-deja-en-manos-de-madrid-y-baleares-su-fundacion.html\" target=\"_self\" rel=\"nofollow noopener\" title=\"https:\/\/elpais.com\/educacion\/2025-09-09\/el-gobierno-rechaza-tres-proyectos-de-universidades-privadas-y-deja-en-manos-de-madrid-y-baleares-su-fundacion.html\"> tres en proceso,<\/a> frente a seis p\u00fablicas, y su Ejecutivo ha encontrado un atajo para que se sigan inaugurando m\u00e1s sin tanto papeleo, como campus adscritos a universidades ya existentes. <a href=\"https:\/\/elpais.com\/educacion\/2024-07-13\/los-kikos-entran-en-la-educacion-superior-madrilena-a-traves-de-la-universidad-catolica-de-murcia.html\" target=\"_self\" rel=\"nofollow noopener\" title=\"https:\/\/elpais.com\/educacion\/2024-07-13\/los-kikos-entran-en-la-educacion-superior-madrilena-a-traves-de-la-universidad-catolica-de-murcia.html\">El \u00faltimo ejemplo es el Centro de Educaci\u00f3n Superior Alma Mater \u2015publicitado como UCAM-COE\u2015 inaugurado <\/a>recientemente en Torrej\u00f3n de Ardoz, aunque las clases empiezan el pr\u00f3ximo septiembre. Detr\u00e1s est\u00e1 la Universidad Cat\u00f3lica San Antonio de Murcia (UCAM), del movimiento religioso de los neocatec\u00famenos (m\u00e1s conocidos como los kikos), y el Comit\u00e9 Ol\u00edmpico Espa\u00f1ol (COE). Se ponen as\u00ed fin a 13 a\u00f1os de infructuoso peregrinar por Alicante, Le\u00f3n, M\u00e1laga y Alcorc\u00f3n.<\/p>\n<p class=\"\">Durante el acto de inauguraci\u00f3n en una carpa de pl\u00e1stico, Alejandro Blanco, presidente del COE, desvel\u00f3 \u2015con el permiso de Ayuso, presente en la sala\u2015 c\u00f3mo la presidenta regional les anim\u00f3 a saltarse la burocracia abriendo un centro adscrito, no una nueva universidad. Esta segunda opci\u00f3n supone pasar por muchos m\u00e1s tr\u00e1mites, entre ellos el informe de los t\u00e9cnicos del Ministerio de Ciencia, Innovaci\u00f3n y Universidades (no vinculante) y,<a href=\"https:\/\/elpais.com\/educacion\/2025-10-07\/la-criba-contra-las-universidades-chiringuito-entra-en-vigor-con-informes-de-calidad-obligatorios-y-un-minimo-de-4500-alumnos.html\" target=\"_self\" rel=\"nofollow noopener\" title=\"https:\/\/elpais.com\/educacion\/2025-10-07\/la-criba-contra-las-universidades-chiringuito-entra-en-vigor-con-informes-de-calidad-obligatorios-y-un-minimo-de-4500-alumnos.html\"> desde el pasado octubre, uno de la agencia nacional de evaluaci\u00f3n (Aneca) o sus delegaciones regionales<\/a>, que obligatoriamente hay que aprobar.<\/p>\n<p class=\"\">Seg\u00fan el relato del presidente del COE, el 5 de diciembre de 2021, \u00e9l y el fundador de la UCAM, Jos\u00e9 Luis Mendoza (su \u201chermano\u201d), visitaron el despacho de Ayuso, en el que tambi\u00e9n estaba presente el por entonces consejero de Educaci\u00f3n, Enrique Ossorio. Tras escuchar 25 minutos de una exhaustiva explicaci\u00f3n de Mendoza sobre el proyecto de universidad, Ayuso fue al grano. \u201cEn un momento me miraste, y le dijiste [a Mendoza]: \u2018No hemos venido aqu\u00ed a perder el tiempo. \u00bfUsted qu\u00e9 quiere hacer? \u00bfUna universidad? Podemos hacer una universidad, pero el plazo es muy largo. \u00bfUn centro adscrito? \u00bfEstamos de acuerdo? Estamos de acuerdo\u2019. Consejero, a las cinco, llame usted al se\u00f1or Mendoza y nos ponemos en marcha\u201c, prosigui\u00f3 Blanco su narraci\u00f3n. Desde hace 13 a\u00f1os el COE tiene un programa en la UCAM en Murcia para que deportistas de \u00e9lite \u2015Sa\u00fal Craviotto, Carolina Mar\u00edn o Mireia Belmonte\u2015 compaginen la carrera deportiva y acad\u00e9mica y la intenci\u00f3n es replicar la idea en Torrej\u00f3n.<\/p>\n<p><img decoding=\"auto\" class=\"_re lazyload a_m-h\" height=\"242\"  width=\"414\"  src=\"https:\/\/www.europesays.com\/es\/wp-content\/uploads\/2026\/01\/XXZCGWRNFUKTDSBJ36KJ24YNQQ.jpg\" loading=\"lazy\"\/>Colocaci\u00f3n de la primera piedra, en mayo de 2013, de la sede de la UCAM en San Juan, Alicante.<\/p>\n<p class=\"\">El Gobierno central ha abierto con la Ley Org\u00e1nica del Sistema Universitario (LOSU, 2023), sin pretenderlo, una nueva v\u00eda para que las universidades privadas se expandan. Mientras que la Ley Org\u00e1nica de Universidades (LOU, 2001) decretaba que \u201clos centros adscritos deber\u00e1n estar establecidos en el \u00e1mbito territorial de la correspondiente comunidad aut\u00f3noma, o contar, asimismo, con la aprobaci\u00f3n de aquella en la que estuvieran ubicados\u201d, la LOSU no exige ninguna autorizaci\u00f3n para la adscripci\u00f3n a las universidades privadas. S\u00ed en el caso de las p\u00fablicas. Por ese motivo el centro del Ilustre Colegio de Abogados de Madrid, adscrito a<a href=\"https:\/\/elpais.com\/educacion\/2025-12-09\/el-colegio-de-abogados-de-madrid-impartira-titulaciones-con-la-complutense-pese-a-serias-objeciones-de-instituciones-del-gobierno-de-ayuso.html\" target=\"_self\" rel=\"nofollow noopener\" title=\"https:\/\/elpais.com\/educacion\/2025-12-09\/el-colegio-de-abogados-de-madrid-impartira-titulaciones-con-la-complutense-pese-a-serias-objeciones-de-instituciones-del-gobierno-de-ayuso.html\"> la Complutense, ha necesitado la aprobaci\u00f3n del Gobierno de Ayuso<\/a>.<\/p>\n<p class=\"\">El ministerio, que no ten\u00eda intenci\u00f3n de dar facilidades a los promotores privados, pretendi\u00f3 enmendar su \u201cerror\u201d al modificar en 2025 el decreto que regula la creaci\u00f3n de universidades. El borrador preve\u00eda que los centros adscritos de una universidad en otra comunidad<a href=\"https:\/\/elpais.com\/educacion\/2025-04-01\/claves-de-la-ofensiva-del-gobierno-contra-la-privatizacion-sin-calidad-del-sistema-universitario.html\" target=\"_self\" rel=\"nofollow noopener\" title=\"https:\/\/elpais.com\/educacion\/2025-04-01\/claves-de-la-ofensiva-del-gobierno-contra-la-privatizacion-sin-calidad-del-sistema-universitario.html\"> necesitasen el informe favorable de la Conferencia General de Pol\u00edtica Universitaria <\/a>\u2015elaborado por el ministerio y ratificado por los consejeros auton\u00f3micos\u2015 y del Consejo Universitario. Pero el Consejo de Estado recomend\u00f3 en su dictamen no hacer ese cambio, que contradice la LOSU, y el Gobierno se pleg\u00f3.<\/p>\n<p><img decoding=\"auto\" class=\"_re lazyload a_m-h\" height=\"244\"  width=\"414\"  src=\"https:\/\/www.europesays.com\/es\/wp-content\/uploads\/2026\/01\/JDRTXC7JK6RMI4VMMDIESMZ4PM.jpg\" loading=\"lazy\"\/>La nadadora Mireia Belmonte, junto a Alejandro Blanco y Jos\u00e9 Luis Mendoza, en 2013.SANTI BURGOS<\/p>\n<p class=\"\">El centro va a ofertar cinco grados \u2015Enfermer\u00eda, Fisioterapia, Psicolog\u00eda, Nutrici\u00f3n y Diet\u00e9tica y Ciencia y Tecnolog\u00eda de los Alimentos\u2015, pero no hay que descartar la deseada Medicina. Cualquier universidad que aspira a ofertarla implanta antes carreras sanitarias, y aparec\u00eda en su plan para Alcorc\u00f3n. <a href=\"https:\/\/elpais.com\/educacion\/2024-09-06\/la-universidad-privada-consolida-en-madrid-su-dominio-en-medicina-el-51-de-los-nuevos-alumnos-abonara-mas-de-110000-euros-por-el-titulo.html\" target=\"_self\" rel=\"nofollow noopener\" title=\"https:\/\/elpais.com\/educacion\/2024-09-06\/la-universidad-privada-consolida-en-madrid-su-dominio-en-medicina-el-51-de-los-nuevos-alumnos-abonara-mas-de-110000-euros-por-el-titulo.html\">En Madrid ya hay m\u00e1s inscritos en primero de Medicina en un centro privado que en uno p\u00fablico.<\/a> Si se aprueba la ley de educaci\u00f3n superior madrile\u00f1a como prev\u00e9 ahora el borrador, la UCAM podr\u00eda ofertar hasta 10 grados en Madrid, no m\u00e1s,<a href=\"https:\/\/elpais.com\/educacion\/2025-12-09\/los-rectores-frustran-la-intencion-del-gobierno-de-ayuso-de-aprobar-pronto-su-ley-de-universidades.html\" target=\"_self\" rel=\"nofollow noopener\" title=\"https:\/\/elpais.com\/educacion\/2025-12-09\/los-rectores-frustran-la-intencion-del-gobierno-de-ayuso-de-aprobar-pronto-su-ley-de-universidades.html\"> porque la presi\u00f3n de los rectores de las universidades p\u00fablicas, que ven c\u00f3mo la privada avanza mientras ellos se desangran sin financiaci\u00f3n, ha tenido efecto. <\/a><\/p>\n<p class=\"\">Los inicios de la UCAM fueron pol\u00e9micos. El \u201cdecreto de erecci\u00f3n\u201d fue firmado en 1996 por el obispo de Cartagena, Javier Azagra, amparado por los Acuerdos con el Vaticano, de 1979, que eximen a la Iglesia de la autorizaci\u00f3n de la Administraci\u00f3n. Pero en realidad, el laico Mendoza cre\u00f3 la Fundaci\u00f3n San Antonio, germen de la universidad.<a href=\"https:\/\/elpais.com\/politica\/2012\/08\/17\/actualidad\/1345238140_825169.html\" target=\"_self\" rel=\"nofollow noopener\" title=\"https:\/\/elpais.com\/politica\/2012\/08\/17\/actualidad\/1345238140_825169.html\"> El exmisionero, que donaba millones al Vaticano, <\/a>falleci\u00f3 hace tres a\u00f1os, 13 meses despu\u00e9s de reunirse con Ayuso. En el acto se proyect\u00f3 un v\u00eddeo de apoyo al centro del papa Francisco.<\/p>\n<p class=\"\">La controversia ha sido una constante en el viacrucis de este proyecto de expansi\u00f3n. En 2013, Mendoza lleg\u00f3 a poner la primera piedra de un edificio en el municipio de San Juan, Alicante. Pretend\u00eda convertirse en la cuarta universidad privada de la Comunidad Valenciana. Pero la consejer\u00eda de Educaci\u00f3n (PP) <a href=\"https:\/\/elpais.com\/ccaa\/2015\/02\/03\/valencia\/1422966492_655771.html\" target=\"_self\" rel=\"nofollow noopener\" title=\"https:\/\/elpais.com\/ccaa\/2015\/02\/03\/valencia\/1422966492_655771.html\">paraliz\u00f3 en 2015 el procedimiento, <\/a>al considerar que la UCAM no hab\u00eda subsanado las deficiencias que le hab\u00eda reclamado en la organizaci\u00f3n, el funcionamiento y las instalaciones. <\/p>\n<p class=\"\">Entonces Mendoza decidi\u00f3 probar suerte en Le\u00f3n con una propuesta que no fue bien recibida por el entonces consejero de Educaci\u00f3n de Castilla y Le\u00f3n (PP), Fernando Rey. \u201cAqu\u00ed ya no cabe una universidad m\u00e1s. La comunidad cuenta ya con cinco universidades privadas, una de ellas online, y cuatro p\u00fablicas distribuidas en 11 campus\u201d, afirm\u00f3 en febrero de 2018 en El Mundo de Castilla y Le\u00f3n. Pese a su oposici\u00f3n, un grupo de empresarios trat\u00f3 de presionar a la Junta a trav\u00e9s de su entonces alcalde. Las conversaciones fueron grabadas y difundidas en el marco de la <a href=\"https:\/\/elpais.com\/politica\/2018\/07\/03\/actualidad\/1530598227_349529.html\" target=\"_self\" rel=\"nofollow noopener\" title=\"https:\/\/elpais.com\/politica\/2018\/07\/03\/actualidad\/1530598227_349529.html\">Operaci\u00f3n Enredadera contra el tr\u00e1fico de influencias en 44 municipios<\/a>. La parte leonesa termin\u00f3 archivada. <\/p>\n<p><img decoding=\"auto\" class=\"_re lazyload a_m-h\" height=\"241\"  width=\"414\"  src=\"https:\/\/www.europesays.com\/es\/wp-content\/uploads\/2026\/01\/2SNHEQE5DHTGYLJ5Q2PNGACQMY.jpg\" loading=\"lazy\"\/>El Centro de Creaci\u00f3n de las Artes de Alcorc\u00f3n, donde la UCAM pens\u00f3 en abrir una sede.LUIS SEVILLANO<\/p>\n<p class=\"\">Ese mismo 2018 probaron suerte en M\u00e1laga. Contaban con el total respaldo de su regidor, el conocido Francisco rede la Torre (PP), dispuesto a cederles terrenos con un canon casi gratuito. Pero Ciudadanos, que sali\u00f3 del gobierno municipal, forz\u00f3 a que fuese un concurso p\u00fablico y, finalmente, las universidades Alfonso X y Europea se quedaron en 2021 con los solares y el pasado <a href=\"https:\/\/elpais.com\/educacion\/2025-07-11\/la-apertura-de-dos-universidades-privadas-en-malaga-agrava-el-problema-del-alojamiento-la-mayoria-de-las-habitaciones-supera-los-500-euros.html\" target=\"_self\" rel=\"nofollow noopener\" title=\"https:\/\/elpais.com\/educacion\/2025-07-11\/la-apertura-de-dos-universidades-privadas-en-malaga-agrava-el-problema-del-alojamiento-la-mayoria-de-las-habitaciones-supera-los-500-euros.html\">septiembre han empezado las clases<\/a>.<\/p>\n<p class=\"\">Tambi\u00e9n en 2018, en octubre, la UCAM solicit\u00f3 formalmente ante el Ayuntamiento de Alcorc\u00f3n (PP) implantar la Universidad del Deporte junto al COE. La intenci\u00f3n era ocupar el Centro de Creaci\u00f3n de las Artes, <a href=\"https:\/\/elpais.com\/ccaa\/2015\/05\/10\/madrid\/1431285076_632794.html\" target=\"_self\" rel=\"nofollow noopener\" title=\"https:\/\/elpais.com\/ccaa\/2015\/05\/10\/madrid\/1431285076_632794.html\">un circo fara\u00f3nico y vac\u00edo levantado por el PSOE.<\/a> Pero su propuesta, con una inversi\u00f3n de 15 millones, no convenci\u00f3 al tribunal y el concurso qued\u00f3 desierto. <\/p>\n<p class=\"\">Las obras en Torrej\u00f3n comenzaron en 2024 y hoy son una realidad. El presidente del COE no disimula su sinton\u00eda con el PP, pese a su cargo p\u00fablico: \u201dNo me extra\u00f1a que Nacho [V\u00e1zquez Casavilla] fuese el alcalde m\u00e1s votado de Espa\u00f1a y t\u00fa, Alejandro [Navarro], tambi\u00e9n lo vas a ser\u00bb.<\/p>\n","protected":false},"excerpt":{"rendered":"La presidenta Isabel D\u00edaz Ayuso fue franca en 2024: \u201cAbrimos Madrid a todo proyecto de universidad, de todos&hellip;\n","protected":false},"author":2,"featured_media":318623,"comment_status":"","ping_status":"","sticky":false,"template":"","format":"standard","meta":{"footnotes":""},"categories":[8],"tags":[17,18,13960,1467,2026,25,24,13,14,11,3515,19,20,9,10,15,16,492,23,12,65845,9413,21,22,2845,8145],"class_list":{"0":"post-318622","1":"post","2":"type-post","3":"status-publish","4":"format-standard","5":"has-post-thumbnail","7":"category-espana","8":"tag-breaking-news","9":"tag-breakingnews","10":"tag-coe","11":"tag-comunidad-de-madrid","12":"tag-educacion","13":"tag-es","14":"tag-espana","15":"tag-featured-news","16":"tag-featurednews","17":"tag-headlines","18":"tag-isabel-diaz-ayuso","19":"tag-latest-news","20":"tag-latestnews","21":"tag-news","22":"tag-noticias","23":"tag-noticias-destacadas","24":"tag-noticiasdestacadas","25":"tag-sociedad","26":"tag-spain","27":"tag-titulares","28":"tag-torrejon-de-ardoz","29":"tag-ucam","30":"tag-ultimas-noticias","31":"tag-ultimasnoticias","32":"tag-universidad","33":"tag-universidades-privadas"},"share_on_mastodon":{"url":"https:\/\/pubeurope.com\/@es\/115824061563938305","error":""},"_links":{"self":[{"href":"https:\/\/www.europesays.com\/es\/wp-json\/wp\/v2\/posts\/318622","targetHints":{"allow":["GET"]}}],"collection":[{"href":"https:\/\/www.europesays.com\/es\/wp-json\/wp\/v2\/posts"}],"about":[{"href":"https:\/\/www.europesays.com\/es\/wp-json\/wp\/v2\/types\/post"}],"author":[{"embeddable":true,"href":"https:\/\/www.europesays.com\/es\/wp-json\/wp\/v2\/users\/2"}],"replies":[{"embeddable":true,"href":"https:\/\/www.europesays.com\/es\/wp-json\/wp\/v2\/comments?post=318622"}],"version-history":[{"count":0,"href":"https:\/\/www.europesays.com\/es\/wp-json\/wp\/v2\/posts\/318622\/revisions"}],"wp:featuredmedia":[{"embeddable":true,"href":"https:\/\/www.europesays.com\/es\/wp-json\/wp\/v2\/media\/318623"}],"wp:attachment":[{"href":"https:\/\/www.europesays.com\/es\/wp-json\/wp\/v2\/media?parent=318622"}],"wp:term":[{"taxonomy":"category","embeddable":true,"href":"https:\/\/www.europesays.com\/es\/wp-json\/wp\/v2\/categories?post=318622"},{"taxonomy":"post_tag","embeddable":true,"href":"https:\/\/www.europesays.com\/es\/wp-json\/wp\/v2\/tags?post=318622"}],"curies":[{"name":"wp","href":"https:\/\/api.w.org\/{rel}","templated":true}]}}