{"id":318671,"date":"2026-01-02T07:01:07","date_gmt":"2026-01-02T07:01:07","guid":{"rendered":"https:\/\/www.europesays.com\/es\/318671\/"},"modified":"2026-01-02T07:01:07","modified_gmt":"2026-01-02T07:01:07","slug":"avances-y-estrategias-contra-el-cancer-en-2026","status":"publish","type":"post","link":"https:\/\/www.europesays.com\/es\/318671\/","title":{"rendered":"Avances y estrategias contra el c\u00e1ncer en 2026"},"content":{"rendered":"<p>Prevenir es la principal estrategia contra el c\u00e1ncer, pero cuando la enfermedad aparece lo principal es detectarla cuanto antes para posibilitar su curaci\u00f3n, pero tambi\u00e9n para evitar la reca\u00edda y frenar la met\u00e1stasis. La investigaci\u00f3n seguir\u00e1 dando pasos en 2026 profundizando en los mecanismos de actuaci\u00f3n del c\u00e1ncer, definiendo la eficacia de las vacunas ARNmensajero o haciendo llegar las terapias innovadoras a nuevos tumores, entre otros avances.<\/p>\n<p>En Espa\u00f1a, los nuevos diagn\u00f3sticos de c\u00e1ncer en 2025 siguen en aumento hasta alcanzar los 296.103, un 3,29 % m\u00e1s que el a\u00f1o anterior, seg\u00fan el informe \u00abLas cifras del c\u00e1ncer en Espa\u00f1a\u00bb de la Sociedad Espa\u00f1ola de Oncolog\u00eda M\u00e9dica (SEOM), algo que se debe al aumento de la esperanza de vida y a la mayor detecci\u00f3n.<\/p>\n<p>Adem\u00e1s, el c\u00e1ncer es la principal causa de muerte en Espa\u00f1a en 2024, con 115.578 defunciones, el 26,5 % del total, seg\u00fan el Instituto Nacional de Estad\u00edstica (INE).<\/p>\n<p>Los avances contra el c\u00e1ncer no aparecen de un d\u00eda para otro, son fruto de muchos a\u00f1os de trabajo de la investigaci\u00f3n b\u00e1sica, en los laboratorios, y de la investigaci\u00f3n cl\u00ednica, en la que participan los pacientes.<\/p>\n<p>En 2026, se seguir\u00e1 profundizando en la forma de actuar del c\u00e1ncer para poder atajarlo con nuevas estrategias, se pondr\u00e1 el foco en c\u00e1nceres m\u00e1s agresivos y complicados de atacar, como el de p\u00e1ncreas, sin olvidar los que m\u00e1s afectan a la poblaci\u00f3n, como el colorrectal, el de mama o el pr\u00f3stata, adem\u00e1s del tumor de pulm\u00f3n, el de mayor \u00edndice de mortalidad.<\/p>\n<p>Y la llegada del c\u00e1ncer a personas <a href=\"https:\/\/efesalud.com\/cancer-pulmon-menores-50-anos-fumadores\/\" target=\"_blank\" rel=\"noreferrer noopener nofollow\" data-wpel-link=\"internal\">cada vez m\u00e1s j\u00f3venes<\/a> abre estudios para conocer la interacci\u00f3n del genoma con h\u00e1bitos de vida poco saludables, con los <a href=\"https:\/\/efesalud.com\/disruptores-endocrinos-cosmetica-productos-higiene-investigacion\/\" data-wpel-link=\"internal\" rel=\"nofollow noopener\" target=\"_blank\">disruptores endocrinos<\/a> y la contaminaci\u00f3n ambiental.<\/p>\n<p>Estos son algunos de los avances en c\u00e1ncer de los que se seguir\u00e1 hablando en el nuevo a\u00f1o.<\/p>\n<p>Anticuerpos conjugados, el caballo de Troya<\/p>\n<p>Los anticuerpos conjugados consisten en un anticuerpo monoclonal que se dirige contra una diana concreta del tumor y lleva una carga de quimioterapia que se libera dentro de la c\u00e9lula tumoral, actuando como un aut\u00e9ntico caballo de Troya.<\/p>\n<p>Su uso en algunos tumores metast\u00e1sicos abren nuevas v\u00edas terap\u00e9uticas en casos resistentes a otros tratamientos.<\/p>\n<p>\u201cEn c\u00e1ncer de mama metast\u00e1sico su uso est\u00e1 asentado, especialmente en tumores HER2 positivos, HER2-low y en algunos subgrupos de enfermedad triple negativa\u201d, explica a EFE Salud la <strong>onc\u00f3loga Rebeca Lozano, secretaria cient\u00edfica de SEOM.<\/strong><\/p>\n<p>Los siguientes pasos que se est\u00e1n viendo en los conjugados en <a href=\"https:\/\/efesalud.com\/cancer-mama-mujer-joven\/\" target=\"_blank\" rel=\"noreferrer noopener nofollow\" data-wpel-link=\"internal\">c\u00e1ncer de mama<\/a> son prescribirlos en fases m\u00e1s precoces de la enfermedad, tanto antes como despu\u00e9s de la cirug\u00eda.<\/p>\n<p>Adem\u00e1s, en pacientes con c\u00e1ncer de mama HER2 positivo con enfermedad residual tras quimioterapia, se ha demostrado que pueden reducir el riesgo de reca\u00edda.<\/p>\n<p>\u201cEl uso de anticuerpos conjugados es una realidad tambi\u00e9n en otros tipos de tumores, como el carcinoma urotelial o el c\u00e1ncer de pulm\u00f3n. Paralelamente, se est\u00e1n desarrollando anticuerpos conjugados de segunda y tercera generaci\u00f3n, con dise\u00f1os m\u00e1s estables, cargas citot\u00f3xicas optimizadas y nuevas dianas, para ampliar su aplicabilidad\u00bb, explica la doctora.<\/p>\n<p>\u201cEl reto ahora -a\u00f1ade la secretaria cient\u00edfica de SEOM- es manejar las toxicidades, como la neumonitis o la neuropat\u00eda, que pueden limitar su uso en etapas mas tempranas\u201d.<\/p>\n<p><img fetchpriority=\"high\" decoding=\"async\" width=\"600\" height=\"425\" data-attachment-id=\"217094\" data-permalink=\"https:\/\/efesalud.com\/mama-e1406902114797-5\/\" data-orig-file=\"https:\/\/www.europesays.com\/es\/wp-content\/uploads\/2026\/01\/mama-e1406902114797-4.jpg\" data-orig-size=\"600,425\" data-comments-opened=\"0\" data-image-meta=\"{&quot;aperture&quot;:&quot;0&quot;,&quot;credit&quot;:&quot;&quot;,&quot;camera&quot;:&quot;&quot;,&quot;caption&quot;:&quot;&quot;,&quot;created_timestamp&quot;:&quot;0&quot;,&quot;copyright&quot;:&quot;&quot;,&quot;focal_length&quot;:&quot;0&quot;,&quot;iso&quot;:&quot;0&quot;,&quot;shutter_speed&quot;:&quot;0&quot;,&quot;title&quot;:&quot;&quot;,&quot;orientation&quot;:&quot;0&quot;}\" data-image-title=\"mama, c\u00e1ncer de mama\" data-image-description=\"\" data-image-caption=\"&lt;p&gt;Foto cedida&lt;\/p&gt;&#10;\" data-medium-file=\"https:\/\/efesalud.com\/wp-content\/uploads\/2021\/10\/mama-e1406902114797-4-300x213.jpg\" data-large-file=\"https:\/\/www.europesays.com\/es\/wp-content\/uploads\/2026\/01\/mama-e1406902114797-4.jpg\" src=\"https:\/\/www.europesays.com\/es\/wp-content\/uploads\/2026\/01\/mama-e1406902114797-4.jpg\" alt=\"investigaci\u00f3n c\u00e1ncer mama\" class=\"wp-image-217094\" style=\"width:524px;height:auto\"  \/>Foto cedida<\/p>\n<p>Las CART-T y su futura llegada a los tumores s\u00f3lidos<\/p>\n<p>La terapia con c\u00e9lulas CART-T ha supuesto un cambio radical en tumores hematol\u00f3gicos (leucemias y linfomas), donde logran respuestas profundas y duraderas.<\/p>\n<p>Su mecanismo consiste en reprogramar los linfocitos T del propio paciente, sus defensas, para reconocer y destruir c\u00e9lulas tumorales, lo que ha demostrado una eficacia que no se hab\u00eda visto previamente en este tipo de c\u00e1nceres de la sangre que no responden a otros tratamientos.<\/p>\n<p>Pero todav\u00eda su aplicaci\u00f3n no ha llegado a los <a href=\"https:\/\/efesalud.com\/car-t-en-tumores-solidos-avances\/\" target=\"_blank\" rel=\"noreferrer noopener nofollow\" data-wpel-link=\"internal\">tumores s\u00f3lidos<\/a>: \u201cLa investigaci\u00f3n es muy activa pero todav\u00eda est\u00e1 en fases iniciales\u201d, se\u00f1ala la onc\u00f3loga del Hospital Universitario de Salamanca.<\/p>\n<p>\u201cPersisten barreras importantes como la heterogeneidad tumoral, la dificultad de las CAR-T para penetrar en el microambiente tumoral y el riesgo de toxicidad si la diana no se expresa exclusivamente en las c\u00e9lulas tumorales\u201d, menciona la doctora en relaci\u00f3n a algunas de las trabas que todav\u00eda intenta desentra\u00f1ar la investigaci\u00f3n.<\/p>\n<p>Las vacunas contra el c\u00e1ncer, como la de ARN mensajero<\/p>\n<p>En este momento, la gran mayor\u00eda de las vacunas contra el c\u00e1ncer est\u00e1n en fase experimental. Las que s\u00ed se utilizan de forma preventiva son las que sirven para frenar algunas infecciones que a largo plazo pueden causar c\u00e1ncer, como la del virus del papiloma humano o la hepatitis B.<\/p>\n<p>Entre esas vacunas en experimentaci\u00f3n est\u00e1 la del ARN mensajero, que utiliza la misma tecnolog\u00eda que las vacunas contra el coronavirus SARS-CoV-2, que en 2020 caus\u00f3 la <a href=\"https:\/\/efesalud.com\/covid-19-pandemia\/\" target=\"_blank\" rel=\"noreferrer noopener nofollow\" data-wpel-link=\"internal\">pandemia de covid,<\/a> y que han permitido salvar a la gran mayor\u00eda de la poblaci\u00f3n de enfermedad grave y muerte.<\/p>\n<p>El investigador Pedro Berraondo, del Cima Universidad de Navarra, en declaraciones a EFE, explica que estas vacunas terap\u00e9uticas \u2018ense\u00f1an\u2019 al sistema inmunitario a identificar y atacar las c\u00e9lulas cancerosas, a partir de los neoant\u00edgenos (prote\u00ednas espec\u00edficas de ese tumor en cada paciente) lo que permite que la vacuna sea personalizada.<\/p>\n<p>La aplicaci\u00f3n que m\u00e1s r\u00e1pido est\u00e1 avanzando es como adyuvante tras extirpar un tumor para evitar su recurrencia.<\/p>\n<p>Seguir\u00e1n los avances en 2026 en estas vacunas contra el c\u00e1ncer, con investigaciones m\u00e1s adelantadas en melanoma o p\u00e1ncreas y con ensayos en marcha para pulm\u00f3n o colon.<\/p>\n<p>\u00bfCu\u00e1nto nos queda por conocer de la gen\u00f3mica del tumor?<\/p>\n<p>La oncolog\u00eda de precisi\u00f3n ya est\u00e1 implantada en la pr\u00e1ctica cl\u00ednica. Se trata de conocer el perfil gen\u00f3mico de cada tumor para seleccionar el tratamiento m\u00e1s adecuado e individualizado para el paciente.<\/p>\n<p>Para la secretaria cient\u00edfica de SEOM, \u201caunque disponemos de m\u00faltiples dianas, mutaciones, amplificaciones, fusiones\u2026identificables mediante paneles de secuenciaci\u00f3n, todav\u00eda el mapa est\u00e1 lejos de estar completo\u201d.<\/p>\n<p>\u00bfQu\u00e9 falta?<\/p>\n<p>\u2022 Tumores como el c\u00e1ncer de p\u00e1ncreas o el glioblastoma siguen sin tener dianas realmente eficaces. <br \/>\u2022 En ocasiones identificamos alteraciones gen\u00f3micas para las que no existe a\u00fan un f\u00e1rmaco disponible.<br \/>\u2022 La heterogeniedad intratumoral contin\u00faa siendo un problema: un mismo tumor puede contener clones de perfiles gen\u00f3micos distintos que condicionan respuestas y resistencias.<\/p>\n<p>Progresos en el diagn\u00f3stico del c\u00e1ncer para 2026<\/p>\n<p>Si se detecta el c\u00e1ncer en fases iniciales es m\u00e1s f\u00e1cil combatirlo porque en la mayor\u00eda de los casos se logra la curaci\u00f3n al estar localizado.<\/p>\n<p>Contar con t\u00e9cnicas m\u00e1s eficaces y menos invasivas de diagn\u00f3stico es otro de los desaf\u00edos y una de ellas es la <a href=\"https:\/\/efesalud.com\/biopsia-liquida-que-es-diagnostico-evolucion-cancer\/\" target=\"_blank\" rel=\"noreferrer noopener nofollow\" data-wpel-link=\"internal\">biopsia l\u00edquida.<\/a><\/p>\n<p>\u201cLa biopsia l\u00edquida es una herramienta cl\u00ednica real, cuyo uso principal es orientar el pron\u00f3stico y ayudar en la toma de decisiones de tratamientos en pacientes con c\u00e1ncer mediante el an\u00e1lisis de ADN tumoral circulante (ctDNA)\u201d, indica la secretaria cient\u00edfica de SEOM.<\/p>\n<p>Ahora se aplica en el c\u00e1ncer de mama hormonodependiente o luminal, ya que el ADN del tumor circulante puede anticipar la progresi\u00f3n antes de que sea visible mediante pruebas de imagen, permitiendo el cambio de tratamiento de forma m\u00e1s precoz.<\/p>\n<p>Pero tambi\u00e9n es eficaz en el carcinoma urotelial m\u00fascuo-invasivo, donde la persistencia de ctDNA tras la cirug\u00eda ayuda a identificar a los pacientes de mayor riesgo, que podr\u00edan beneficiarse de un tratamiento con inmunoterapia tras la cirug\u00eda.<\/p>\n<p>\u201cLa implementaci\u00f3n cl\u00ednica a\u00fan tiene barreras \u2013estandarizaci\u00f3n de t\u00e9cnicas, acceso y financiaci\u00f3n- que habr\u00e1 que resolver para su adopci\u00f3n rutinaria\u201d, se\u00f1ala la especialista.<\/p>\n<p>Otras l\u00edneas de investigaci\u00f3n: la inteligencia artificial<\/p>\n<p>Los avances en c\u00e1ncer en 2026 seguir\u00e1n su curso en otros campos.<\/p>\n<p>Uno de ellos es la inteligencia artificial que est\u00e1 permitiendo analizar im\u00e1genes, datos cl\u00ednicos y gen\u00f3micos. Puede ayudar a detectar tumores antes, clasificar mejor los subtipos tumorales y predecir respuesta a tratamientos.<\/p>\n<blockquote class=\"wp-block-quote is-layout-flow wp-block-quote-is-layout-flow\">\n<p>\u201cEl potencial de la inteligencia artificial es enorme, pero requiere datos de calidad, transparencia y un uso responsable: no sustituye el criterio cl\u00ednico\u201d, asegura Rebeca Lozano.<\/p>\n<p><img loading=\"lazy\" decoding=\"async\" width=\"1024\" height=\"495\" data-attachment-id=\"339076\" data-permalink=\"https:\/\/efesalud.com\/inteligencia-artificial-oncologia-pronostico\/inteligencia-artificial-cancer-radioterapia\/\" data-orig-file=\"https:\/\/efesalud.com\/wp-content\/uploads\/2024\/01\/inteligencia-artificial-cancer-radioterapia.jpg\" data-orig-size=\"1621,783\" data-comments-opened=\"0\" data-image-meta=\"{&quot;aperture&quot;:&quot;0&quot;,&quot;credit&quot;:&quot;&quot;,&quot;camera&quot;:&quot;&quot;,&quot;caption&quot;:&quot;&quot;,&quot;created_timestamp&quot;:&quot;0&quot;,&quot;copyright&quot;:&quot;&quot;,&quot;focal_length&quot;:&quot;0&quot;,&quot;iso&quot;:&quot;0&quot;,&quot;shutter_speed&quot;:&quot;0&quot;,&quot;title&quot;:&quot;&quot;,&quot;orientation&quot;:&quot;0&quot;}\" data-image-title=\"inteligencia-artificial-cancer-radioterapia\" data-image-description=\"\" data-image-caption=\"&lt;p&gt;Fotograf\u00eda extra\u00edda de un v\u00eddeo sobre la presentaci\u00f3n de una radioterapia\u00a0respaldada por inteligencia artificial en el Departamento de Oncolog\u00eda Radioter\u00e1pica del\u00a0Hospital de la Charite de Berl\u00edn (Alemania). EPA\/Clemens Bilan\u00a0&lt;\/p&gt;&#10;\" data-medium-file=\"https:\/\/efesalud.com\/wp-content\/uploads\/2024\/01\/inteligencia-artificial-cancer-radioterapia-300x145.jpg\" data-large-file=\"https:\/\/www.europesays.com\/es\/wp-content\/uploads\/2026\/01\/inteligencia-artificial-cancer-radioterapia-1024x495.jpg\" src=\"https:\/\/www.europesays.com\/es\/wp-content\/uploads\/2026\/01\/inteligencia-artificial-cancer-radioterapia-1024x495.jpg\" alt=\"inteligencia artificial oncolog\u00eda\" class=\"wp-image-339076\" style=\"aspect-ratio:2.0687466234467857;width:718px;height:auto\"  \/>Fotograf\u00eda extra\u00edda de un v\u00eddeo sobre la presentaci\u00f3n de una radioterapia\u00a0respaldada por inteligencia artificial en el Departamento de Oncolog\u00eda Radioter\u00e1pica del\u00a0Hospital de la Charite de Berl\u00edn (Alemania). EPA\/Clemens Bilan\u00a0\n<\/p><\/blockquote>\n<p>Tambi\u00e9n se seguir\u00e1n dando pasos en la<strong> inmunoterapia,<\/strong> los f\u00e1rmacos que estimulan el sistema inmune del paciente, que ha ya supuesto un cambio de paradigma en tumores con estadios avanzados, especialmente en pulm\u00f3n o melanoma.<\/p>\n<p>\u00abLa inmunoterapia es uno de los grandes pilares del tratamiento de la enfermedad avanzada en muchos tipos tumorales, pero su uso en <strong>fases m\u00e1s temprana<\/strong>s est\u00e1 cambiando el curso de tumores con alto riesgo de reca\u00edda\u00bb, puntualiza.<\/p>\n<p>La onc\u00f3loga destaca que los avances en c\u00e1ncer para 2026 van m\u00e1s all\u00e1 de la ciencia, tambi\u00e9n se debe progresar en la vida integral del paciente y en su calidad de vida.<\/p>\n<p>El creciente n\u00famero de supervivientes sit\u00faa en primer plano la rehabilitaci\u00f3n, la salud mental, la actividad f\u00edsica y la reintegraci\u00f3n laboral, adem\u00e1s del seguimiento de los efectos secundarios, como la <a href=\"https:\/\/efesalud.com\/cardio-oncologia-salud-cardiovascular-paciente-cancer\/\" data-wpel-link=\"internal\" rel=\"nofollow noopener\" target=\"_blank\">cardiotoxicidad,<\/a> y el c\u00e1ncer en <a href=\"https:\/\/efesalud.com\/oncogeriatria-mayores-cancer-edad-tratamientos\/\" target=\"_blank\" rel=\"noreferrer noopener nofollow\" data-wpel-link=\"internal\">personas de edad avanzada<\/a>. <\/p>\n<p>\u201cTratar el c\u00e1ncer implica tambi\u00e9n acompa\u00f1ar al paciente en todo el proceso, minimizando secuelas f\u00edsicas y emocionales\u201d, concluye Rebeca Lozano, de <a href=\"https:\/\/seom.org\/\" data-wpel-link=\"external\" rel=\"nofollow noopener\" target=\"_blank\">SEOM<\/a>, como otro de los avances contra el c\u00e1ncer de cara a 2026.<\/p>\n","protected":false},"excerpt":{"rendered":"Prevenir es la principal estrategia contra el c\u00e1ncer, pero cuando la enfermedad aparece lo principal es detectarla cuanto&hellip;\n","protected":false},"author":2,"featured_media":318672,"comment_status":"","ping_status":"","sticky":false,"template":"","format":"standard","meta":{"footnotes":""},"categories":[92],"tags":[7291,25,24,165,1294,3613,166,23,7449],"class_list":{"0":"post-318671","1":"post","2":"type-post","3":"status-publish","4":"format-standard","5":"has-post-thumbnail","7":"category-salud","8":"tag-diagnostico","9":"tag-es","10":"tag-espana","11":"tag-health","12":"tag-investigacion","13":"tag-oncologia","14":"tag-salud","15":"tag-spain","16":"tag-tratamientos"},"share_on_mastodon":{"url":"https:\/\/pubeurope.com\/@es\/115824222717195900","error":""},"_links":{"self":[{"href":"https:\/\/www.europesays.com\/es\/wp-json\/wp\/v2\/posts\/318671","targetHints":{"allow":["GET"]}}],"collection":[{"href":"https:\/\/www.europesays.com\/es\/wp-json\/wp\/v2\/posts"}],"about":[{"href":"https:\/\/www.europesays.com\/es\/wp-json\/wp\/v2\/types\/post"}],"author":[{"embeddable":true,"href":"https:\/\/www.europesays.com\/es\/wp-json\/wp\/v2\/users\/2"}],"replies":[{"embeddable":true,"href":"https:\/\/www.europesays.com\/es\/wp-json\/wp\/v2\/comments?post=318671"}],"version-history":[{"count":0,"href":"https:\/\/www.europesays.com\/es\/wp-json\/wp\/v2\/posts\/318671\/revisions"}],"wp:featuredmedia":[{"embeddable":true,"href":"https:\/\/www.europesays.com\/es\/wp-json\/wp\/v2\/media\/318672"}],"wp:attachment":[{"href":"https:\/\/www.europesays.com\/es\/wp-json\/wp\/v2\/media?parent=318671"}],"wp:term":[{"taxonomy":"category","embeddable":true,"href":"https:\/\/www.europesays.com\/es\/wp-json\/wp\/v2\/categories?post=318671"},{"taxonomy":"post_tag","embeddable":true,"href":"https:\/\/www.europesays.com\/es\/wp-json\/wp\/v2\/tags?post=318671"}],"curies":[{"name":"wp","href":"https:\/\/api.w.org\/{rel}","templated":true}]}}