{"id":318678,"date":"2026-01-02T07:07:09","date_gmt":"2026-01-02T07:07:09","guid":{"rendered":"https:\/\/www.europesays.com\/es\/318678\/"},"modified":"2026-01-02T07:07:09","modified_gmt":"2026-01-02T07:07:09","slug":"choques-mortales-entre-manifestantes-y-las-fuerzas-de-seguridad-en-iran-tras-cinco-dias-de-protestas","status":"publish","type":"post","link":"https:\/\/www.europesays.com\/es\/318678\/","title":{"rendered":"Choques mortales entre manifestantes y las fuerzas de seguridad en Ir\u00e1n tras cinco d\u00edas de protestas"},"content":{"rendered":"<p><img fetchpriority=\"high\" decoding=\"async\" src=\"https:\/\/www.europesays.com\/es\/wp-content\/uploads\/2026\/01\/1b001130-e729-11f0-b497-893ee467f2f6.jpg.webp.webp\"   alt=\"Comerciantes y tenderos iran\u00edes protestan junto a una autopista en Teher\u00e1n el 29 de diciembre.\" loading=\"eager\" width=\"1000\" height=\"562\" style=\"aspect-ratio:1000 \/ 562\" class=\"css-1seqhu9\"\/><\/p>\n<p class=\"css-by8ykd\" role=\"text\">Fuente de la imagen, EPA<\/p>\n<p>Pie de foto, Las protestas se vienen sucediendo desde el domingo, comenzando en Teher\u00e1n (en la imagen).<strong id=\"article-byline\" aria-hidden=\"true\" class=\"css-2ozlq5\">Informaci\u00f3n del art\u00edculo<\/strong><\/p>\n<ul class=\"css-1dlgp3z\">\n<li class=\"css-1kx8vrb\">\n<ul role=\"list\" class=\"css-1micfon\">\n<li class=\"css-k1irjw\">Autor, Ghoncheh Habibiazad, <\/li>\n<li class=\"css-k1irjw\">T\u00edtulo del autor,  BBC Persa, <\/li>\n<\/ul>\n<ul role=\"list\" class=\"css-1micfon\">\n<li class=\"css-k1irjw\">Autor, Alys Davies, <\/li>\n<li class=\"css-k1irjw\">T\u00edtulo del autor,  BBC News<\/li>\n<\/ul>\n<\/li>\n<li>\n<p>4 horas<\/p>\n<\/li>\n<li>\n<p>Tiempo de lectura: 4 min<\/p>\n<\/li>\n<\/ul>\n<p dir=\"ltr\" class=\"css-s4cjt0 e1yuyadm0\"><b>Al menos seis personas murieron durante los crecientes disturbios en Ir\u00e1n, en el quinto d\u00eda de protestas por el aumento del costo de vida.<\/b><\/p>\n<p dir=\"ltr\" class=\"css-s4cjt0 e1yuyadm0\">Tanto la agencia de noticias semioficial Fars como el grupo de derechos humanos Hengaw informaron de muertes durante los enfrentamientos entre manifestantes y fuerzas de seguridad en la ciudad de Lordegan, en el suroeste de Ir\u00e1n. <\/p>\n<p dir=\"ltr\" class=\"css-s4cjt0 e1yuyadm0\">Otras tres personas murieron en Azna y una m\u00e1s en Kouhdasht, seg\u00fan inform\u00f3 Fars, todas en el oeste del pa\u00eds.<\/p>\n<p dir=\"ltr\" class=\"css-s4cjt0 e1yuyadm0\">El jueves, videos publicados en las redes sociales mostraron autom\u00f3viles incendiados durante los enfrentamientos entre manifestantes y las fuerzas del orden.<\/p>\n<p dir=\"ltr\" class=\"css-s4cjt0 e1yuyadm0\">Muchos manifestantes reclaman el fin del gobierno del l\u00edder supremo del pa\u00eds. <\/p>\n<p dir=\"ltr\" class=\"css-s4cjt0 e1yuyadm0\">Algunos tambi\u00e9n piden el restablecimiento de la monarqu\u00eda.<\/p>\n<p>Protestas en el territorio<\/p>\n<p><img decoding=\"async\" src=\"https:\/\/www.europesays.com\/es\/wp-content\/uploads\/2026\/01\/146d3e30-e77c-11f0-a8dc-93c15fe68710.jpg.webp.webp\"   alt=\"Humo en las calles de Teher\u00e1n mientras personas protestan con tapabocas por una ca\u00edda en el precio de la moneda iran\u00ed.\" loading=\"lazy\" width=\"5010\" height=\"3340\" style=\"aspect-ratio:5010 \/ 3340\" class=\"css-1seqhu9\"\/><\/p>\n<p class=\"css-by8ykd\" role=\"text\">Fuente de la imagen, EPA<\/p>\n<p>Pie de foto, Las protestas est\u00e1n relacionadas con la profunda devaluaci\u00f3n de la moneda iran\u00ed dadas las sanciones estadounidenses.<\/p>\n<p dir=\"ltr\" class=\"css-s4cjt0 e1yuyadm0\">A medida que avanzaba el d\u00eda, llegaron m\u00e1s informes de disturbios en todo el pa\u00eds, en el quinto d\u00eda de protestas, provocadas por el colapso de la moneda.<\/p>\n<p dir=\"ltr\" class=\"css-s4cjt0 e1yuyadm0\">Videos verificados por el Servicio Persa de la BBC muestran protestas que tuvieron lugar el jueves en la ciudad central de Lordegan, la capital, Teher\u00e1n, y Marvdasht, en la provincia sure\u00f1a de Fars.<\/p>\n<p dir=\"ltr\" class=\"css-s4cjt0 e1yuyadm0\">Fars inform\u00f3 que dos personas murieron en Lordegan, citando a un funcionario. El informe no especific\u00f3 si los fallecidos eran manifestantes o miembros de las fuerzas de seguridad. <\/p>\n<p dir=\"ltr\" class=\"css-s4cjt0 e1yuyadm0\">Tambi\u00e9n inform\u00f3 de tres muertes en Azna, en la vecina provincia de Lorestan, sin especificar si se trataba de manifestantes o agentes de seguridad.<\/p>\n<p dir=\"ltr\" class=\"css-s4cjt0 e1yuyadm0\">El grupo de derechos humanos Hengaw afirm\u00f3 que los dos fallecidos eran manifestantes, identific\u00e1ndolos como Ahmad Jalil y Sajjad Valamanesh.<\/p>\n<p dir=\"ltr\" class=\"css-s4cjt0 e1yuyadm0\">El Servicio Persa de la BBC no ha podido verificar las muertes de forma independiente.<\/p>\n<p dir=\"ltr\" class=\"css-s4cjt0 e1yuyadm0\">Por otra parte, los medios estatales informaron que un miembro de las fuerzas de seguridad vinculado a la Guardia Revolucionaria de Ir\u00e1n (IRGC) muri\u00f3 en enfrentamientos con manifestantes el mi\u00e9rcoles por la noche en la ciudad de Kouhdasht, en la provincia occidental de Lorestan.<\/p>\n<p dir=\"ltr\" class=\"css-s4cjt0 e1yuyadm0\">La BBC no ha podido verificar esta informaci\u00f3n y los manifestantes afirman que el hombre era uno de ellos y que fue asesinado a tiros por las fuerzas de seguridad.<\/p>\n<p dir=\"ltr\" class=\"css-s4cjt0 e1yuyadm0\">Otros 13 agentes de polic\u00eda y miembros de la milicia Basij resultaron heridos por lanzamiento de piedras en la zona, seg\u00fan el informe de los medios estatales.<\/p>\n<p>Festivo para acabar los disturbios<\/p>\n<p><img decoding=\"async\" src=\"https:\/\/www.europesays.com\/es\/wp-content\/uploads\/2026\/01\/bdd81da0-e781-11f0-aae2-2191c0e48a3b.jpg.webp.webp\"   alt=\"Personas caminando en el fr\u00edo en las calles de Teher\u00e1n\" loading=\"lazy\" width=\"5184\" height=\"3456\" style=\"aspect-ratio:5184 \/ 3456\" class=\"css-1seqhu9\"\/><\/p>\n<p class=\"css-by8ykd\" role=\"text\">Fuente de la imagen, Reuters<\/p>\n<p>Pie de foto, El gobierno decret\u00f3 un d\u00eda feriado argumentando ahorros en electricidad por las bajas temperaturas<\/p>\n<p dir=\"ltr\" class=\"css-s4cjt0 e1yuyadm0\">Escuelas, universidades e instituciones p\u00fablicas permanecieron cerradas en todo el pa\u00eds el mi\u00e9rcoles despu\u00e9s de que las autoridades declararan un d\u00eda festivo, en un aparente intento de sofocar los disturbios.<\/p>\n<p dir=\"ltr\" class=\"css-s4cjt0 e1yuyadm0\">Oficialmente, la medida se justific\u00f3 para ahorrar energ\u00eda debido al fr\u00edo, aunque muchos iran\u00edes la interpretaron como un intento de contener las protestas.<\/p>\n<p dir=\"ltr\" class=\"css-s4cjt0 e1yuyadm0\">Estas comenzaron el pasado domingo en Teher\u00e1n, entre comerciantes enojados por otra fuerte ca\u00edda del valor de la moneda iran\u00ed frente al d\u00f3lar estadounidense en el mercado libre.<\/p>\n<p dir=\"ltr\" class=\"css-s4cjt0 e1yuyadm0\">Para el martes, estudiantes universitarios se hab\u00edan unido a las protestas, que se extendieron a varias ciudades, con personas coreando consignas contra los l\u00edderes religiosos del pa\u00eds.<\/p>\n<p dir=\"ltr\" class=\"css-s4cjt0 e1yuyadm0\">Estas protestas han sido las m\u00e1s extendidas desde el levantamiento de 2022, provocado por la muerte bajo custodia de Mahsa Amini, una joven acusada por la polic\u00eda de la moral de no llevar el velo correctamente.<\/p>\n<p dir=\"ltr\" class=\"css-s4cjt0 e1yuyadm0\">Sin embargo, por el momento no han alcanzado la misma magnitud.<\/p>\n<p dir=\"ltr\" class=\"css-s4cjt0 e1yuyadm0\">Para evitar una escalada, se ha reforzado la seguridad en las zonas de Teher\u00e1n donde comenzaron las manifestaciones.<\/p>\n<p dir=\"ltr\" class=\"css-s4cjt0 e1yuyadm0\">El presidente de Ir\u00e1n, Masoud Pezeshkian, ha declarado que su gobierno escuchar\u00e1 las \u00abdemandas leg\u00edtimas\u00bb de los manifestantes.\u00b4<\/p>\n<p dir=\"ltr\" class=\"css-s4cjt0 e1yuyadm0\">Pero el fiscal general, Mohammad Movahedi-Azad, tambi\u00e9n advirti\u00f3 que cualquier intento de crear inestabilidad se enfrentar\u00eda a lo que calific\u00f3 como una \u00abrespuesta contundente\u00bb.<\/p>\n<p><img decoding=\"async\" src=\"https:\/\/www.europesays.com\/es\/wp-content\/uploads\/2026\/01\/8d952c50-e77c-11f0-b67b-690eb873de1b.png.webp.webp\"   alt=\"&quot;&quot;\" loading=\"lazy\" width=\"800\" height=\"100\" style=\"aspect-ratio:800 \/ 100\" class=\"css-1seqhu9\"\/><\/p>\n<p dir=\"ltr\" class=\"css-s4cjt0 e1yuyadm0\"><a href=\"https:\/\/www.bbc.com\/mundo\/send\/u184973209\" class=\"focusIndicatorReducedWidth css-n8oauk e1h2ur550\" rel=\"nofollow noopener\" target=\"_blank\">Suscr\u00edbete aqu\u00ed<\/a> a nuestro nuevo newsletter para recibir cada viernes una selecci\u00f3n de nuestro mejor contenido de la semana.<\/p>\n<p dir=\"ltr\" class=\"css-s4cjt0 e1yuyadm0\">Y recuerda que puedes recibir notificaciones en nuestra app. Descarga la \u00faltima versi\u00f3n y act\u00edvalas.<\/p>\n","protected":false},"excerpt":{"rendered":"Fuente de la imagen, EPA Pie de foto, Las protestas se vienen sucediendo desde el domingo, comenzando en&hellip;\n","protected":false},"author":2,"featured_media":318679,"comment_status":"","ping_status":"","sticky":false,"template":"","format":"standard","meta":{"footnotes":""},"categories":[42],"tags":[17,18,13,14,11,61,62,63,64,19,20,9,10,15,16,12,21,22,65,66,67],"class_list":{"0":"post-318678","1":"post","2":"type-post","3":"status-publish","4":"format-standard","5":"has-post-thumbnail","7":"category-internacional","8":"tag-breaking-news","9":"tag-breakingnews","10":"tag-featured-news","11":"tag-featurednews","12":"tag-headlines","13":"tag-internacional","14":"tag-international","15":"tag-international-news","16":"tag-internationalnews","17":"tag-latest-news","18":"tag-latestnews","19":"tag-news","20":"tag-noticias","21":"tag-noticias-destacadas","22":"tag-noticiasdestacadas","23":"tag-titulares","24":"tag-ultimas-noticias","25":"tag-ultimasnoticias","26":"tag-world","27":"tag-world-news","28":"tag-worldnews"},"share_on_mastodon":{"url":"https:\/\/pubeurope.com\/@es\/115824246783723854","error":""},"_links":{"self":[{"href":"https:\/\/www.europesays.com\/es\/wp-json\/wp\/v2\/posts\/318678","targetHints":{"allow":["GET"]}}],"collection":[{"href":"https:\/\/www.europesays.com\/es\/wp-json\/wp\/v2\/posts"}],"about":[{"href":"https:\/\/www.europesays.com\/es\/wp-json\/wp\/v2\/types\/post"}],"author":[{"embeddable":true,"href":"https:\/\/www.europesays.com\/es\/wp-json\/wp\/v2\/users\/2"}],"replies":[{"embeddable":true,"href":"https:\/\/www.europesays.com\/es\/wp-json\/wp\/v2\/comments?post=318678"}],"version-history":[{"count":0,"href":"https:\/\/www.europesays.com\/es\/wp-json\/wp\/v2\/posts\/318678\/revisions"}],"wp:featuredmedia":[{"embeddable":true,"href":"https:\/\/www.europesays.com\/es\/wp-json\/wp\/v2\/media\/318679"}],"wp:attachment":[{"href":"https:\/\/www.europesays.com\/es\/wp-json\/wp\/v2\/media?parent=318678"}],"wp:term":[{"taxonomy":"category","embeddable":true,"href":"https:\/\/www.europesays.com\/es\/wp-json\/wp\/v2\/categories?post=318678"},{"taxonomy":"post_tag","embeddable":true,"href":"https:\/\/www.europesays.com\/es\/wp-json\/wp\/v2\/tags?post=318678"}],"curies":[{"name":"wp","href":"https:\/\/api.w.org\/{rel}","templated":true}]}}