{"id":318683,"date":"2026-01-02T07:14:25","date_gmt":"2026-01-02T07:14:25","guid":{"rendered":"https:\/\/www.europesays.com\/es\/318683\/"},"modified":"2026-01-02T07:14:25","modified_gmt":"2026-01-02T07:14:25","slug":"rafa-nadal-se-despide-de-2025-con-una-magnifica-noticia","status":"publish","type":"post","link":"https:\/\/www.europesays.com\/es\/318683\/","title":{"rendered":"Rafa Nadal se despide de 2025 con una magn\u00edfica noticia"},"content":{"rendered":"<p>Su academia ha emitido un comunicado celebrando que 2025 ha sido uno de los a\u00f1os m\u00e1s importantes en la historia de la misma en todos los niveles<\/p>\n<p class=\"parrafo\"><strong>La Rafa Nadal Academy<\/strong> ha destacado este mi\u00e9rcoles en <strong>un comunicado que cierra 2025 celebrando \u201cuno de los a\u00f1os m\u00e1s relevantes\u201d de su historia,<\/strong> el primero completo tras la retirada de Rafa Nadal del circuito profesional.<\/p>\n<p class=\"parrafo\">En el \u00e1mbito deportivo, la academia resalta que<strong> Jaume Munar firm\u00f3 la mejor temporada de su carrera<\/strong>, alcanzando el puesto n\u00famero 36 del r\u00e1nking mundial. Entre sus logros destacan su primera clasificaci\u00f3n para los octavos de final de un Grand Slam, en el US Open, y su papel en la Copa Davis, donde Espa\u00f1a lleg\u00f3 a la final.<\/p>\n<p class=\"parrafo\">Por su parte, <strong>la filipina Alex Eala logr\u00f3 situarse entre las 50 mejores jugadoras del circuito WTA <\/strong>y gan\u00f3 su primer partido en un Grand Slam. Adem\u00e1s, conquist\u00f3 su primer t\u00edtulo en Guadalajara, alcanz\u00f3 una final en Eastbourne y lleg\u00f3 a semifinales en el Miami Open.<\/p>\n<p><a class=\"elementos-rel-t2\" href=\"https:\/\/www.estadiodeportivo.com\/tenis\/djokovic-vuelve-carga-con-rafa-nadal-federer-20251228-525003.html\" title=\"Djokovic vuelve a la carga con Rafa Nadal y Federer\" rel=\"nofollow noopener\" target=\"_blank\"><\/p>\n<p class=\"titular titulo-4\">Djokovic vuelve a la carga con Rafa Nadal y Federer<\/p>\n<p><img decoding=\"async\" src=\"https:\/\/www.europesays.com\/es\/wp-content\/uploads\/2026\/01\/1b79fcd2-87dd-4f7e-bf8e-8b8bbdddb6c7_320x180.jpeg\" alt=\"Djokovic vuelve a la carga con Rafa Nadal y Federer\"\/><\/a><a class=\"elementos-rel-t2\" href=\"https:\/\/www.estadiodeportivo.com\/tenis\/descripcion-nadal-sobre-alcaraz-sinner-que-puede-traer-cola-20251226-524875.html\" title=\"La descripci\u00f3n de Nadal sobre Alcaraz y Sinner que puede traer cola\" rel=\"nofollow noopener\" target=\"_blank\"><\/p>\n<p class=\"titular titulo-4\">La descripci\u00f3n de Nadal sobre Alcaraz y Sinner que puede traer cola<\/p>\n<p><img decoding=\"async\" src=\"https:\/\/www.europesays.com\/es\/wp-content\/uploads\/2026\/01\/7bfe1f9d-4050-4855-ba5a-1df7bfa119fc_320x180.jpeg\" alt=\"La descripci\u00f3n de Nadal sobre Alcaraz y Sinner que puede traer cola\"\/><\/a><\/p>\n<p class=\"parrafo\">Otros tenistas formados en la academia tambi\u00e9n han protagonizado un a\u00f1o destacado, como <strong>el noruego Casper Ruud<\/strong>, campe\u00f3n del Mutua Madrid Open; <strong>el hongkon\u00e9s Coleman Wong, <\/strong>que sum\u00f3 varias victorias en Grand Slam; <strong>y la argentina Solana Sierra<\/strong>, ganadora del Mallorca Women\u2019s Championships.<\/p>\n<p class=\"parrafo\">Adem\u00e1s de los resultados deportivos, la academia<strong> ha avanzado en su nueva estructura en el \u00e1rea de tenis<\/strong>, con incorporaciones como la de Gustavo Marcaccio, nuevo director de tenis en todos los centros vinculados a su expansi\u00f3n internacional.<\/p>\n<p><img decoding=\"async\" src=\"https:\/\/www.europesays.com\/es\/wp-content\/uploads\/2026\/01\/382892fc-eaf6-4127-9e92-45c1a3db07ae_800x533.jpeg\" loading=\"lazy\"\/><\/p>\n<p class=\"parrafo\"><strong>En el plano institucional, <\/strong>la Rafa Nadal Academy ha reforzado su proyecci\u00f3n global con la inauguraci\u00f3n del Rafa Nadal Tennis Center en Marbella, el primero abierto en Espa\u00f1a, y con el anuncio del primer centro en Am\u00e9rica del Sur, que se ubicar\u00e1 en Porto Bello (Brasil) y cuya apertura est\u00e1 prevista para 2028.<\/p>\n<p>Rafa Nadal y su vuelta a las pistas en 2026<\/p>\n<p class=\"parrafo\">En otro orden de cosas, hace unos d\u00edas Rafa Nadal dej\u00f3 abierta la posibilidad de volver a las pistas. La \u00faltima que vez que se visti\u00f3 de corto para jugar fue en las Finales de la Copa Davis de 2024, donde perdi\u00f3 el primer encuentro de la eliminatoria ante Botic van der Zandschulp. Y, ahora,<strong> Roger Federer le habr\u00eda propuesto jugar una exhibici\u00f3n junto a \u00e9l<\/strong>. Y cuestionado sobre ello, ha sido claro: \u00abSi conseguimos hacer algo que nos divierta, que tenga sentido y nos apetezca, \u00bfpor qu\u00e9 no? No hay ninguna puerta cerrada a volver a tomar una raqueta, pero necesitar\u00eda un tiempo prudencial y estar preparado\u00bb.<\/p>\n<p><a class=\"elementos-rel-t2\" href=\"https:\/\/www.estadiodeportivo.com\/tenis\/efecto-domino-ruptura-carlos-alcaraz-con-ferrero-david-ferrer-rafa-nadal-implicados-20251226-524863.html\" title=\"El efecto domin\u00f3 de la ruptura de Carlos Alcaraz con Ferrero: David Ferrer y Rafa Nadal, implicados\" rel=\"nofollow noopener\" target=\"_blank\"><\/p>\n<p class=\"titular titulo-4\">El efecto domin\u00f3 de la ruptura de Carlos Alcaraz con Ferrero: David Ferrer y Rafa Nadal, implicados<\/p>\n<p><img decoding=\"async\" src=\"https:\/\/www.europesays.com\/es\/wp-content\/uploads\/2025\/12\/f166d30e-304c-4086-b229-bfbcc44e09be_320x180.jpeg\" alt=\"El efecto domin\u00f3 de la ruptura de Carlos Alcaraz con Ferrero: David Ferrer y Rafa Nadal, implicados\"\/><\/a><\/p>\n<p class=\"parrafo\">Eso s\u00ed, de momento es algo que no le preocupa demasiado, ya que est\u00e1 m\u00e1s centrado en disfrutar de su familia y del d\u00eda a d\u00eda: \u00abNo vivo pensando que fui tenista. El recuerdo siempre estar\u00e1, pero ya no vivo pensando en tenis,<strong> m\u00e1s all\u00e1 de momentos puntuales en la Academia\u00bb.<\/strong><\/p>\n","protected":false},"excerpt":{"rendered":"Su academia ha emitido un comunicado celebrando que 2025 ha sido uno de los a\u00f1os m\u00e1s importantes en&hellip;\n","protected":false},"author":2,"featured_media":318684,"comment_status":"","ping_status":"","sticky":false,"template":"","format":"standard","meta":{"footnotes":""},"categories":[274],"tags":[168,25,24,284,6894,23,167,327,326],"class_list":{"0":"post-318683","1":"post","2":"type-post","3":"status-publish","4":"format-standard","5":"has-post-thumbnail","7":"category-tenis","8":"tag-deportes","9":"tag-es","10":"tag-espana","11":"tag-estadio-deportivo","12":"tag-rafa-nadal","13":"tag-spain","14":"tag-sports","15":"tag-tenis","16":"tag-tennis"},"share_on_mastodon":{"url":"https:\/\/pubeurope.com\/@es\/115824273939188930","error":""},"_links":{"self":[{"href":"https:\/\/www.europesays.com\/es\/wp-json\/wp\/v2\/posts\/318683","targetHints":{"allow":["GET"]}}],"collection":[{"href":"https:\/\/www.europesays.com\/es\/wp-json\/wp\/v2\/posts"}],"about":[{"href":"https:\/\/www.europesays.com\/es\/wp-json\/wp\/v2\/types\/post"}],"author":[{"embeddable":true,"href":"https:\/\/www.europesays.com\/es\/wp-json\/wp\/v2\/users\/2"}],"replies":[{"embeddable":true,"href":"https:\/\/www.europesays.com\/es\/wp-json\/wp\/v2\/comments?post=318683"}],"version-history":[{"count":0,"href":"https:\/\/www.europesays.com\/es\/wp-json\/wp\/v2\/posts\/318683\/revisions"}],"wp:featuredmedia":[{"embeddable":true,"href":"https:\/\/www.europesays.com\/es\/wp-json\/wp\/v2\/media\/318684"}],"wp:attachment":[{"href":"https:\/\/www.europesays.com\/es\/wp-json\/wp\/v2\/media?parent=318683"}],"wp:term":[{"taxonomy":"category","embeddable":true,"href":"https:\/\/www.europesays.com\/es\/wp-json\/wp\/v2\/categories?post=318683"},{"taxonomy":"post_tag","embeddable":true,"href":"https:\/\/www.europesays.com\/es\/wp-json\/wp\/v2\/tags?post=318683"}],"curies":[{"name":"wp","href":"https:\/\/api.w.org\/{rel}","templated":true}]}}