{"id":318689,"date":"2026-01-02T07:19:08","date_gmt":"2026-01-02T07:19:08","guid":{"rendered":"https:\/\/www.europesays.com\/es\/318689\/"},"modified":"2026-01-02T07:19:08","modified_gmt":"2026-01-02T07:19:08","slug":"el-actor-carlos-santos-se-convertira-en-padre-de-una-nina-dentro-de-dos-meses","status":"publish","type":"post","link":"https:\/\/www.europesays.com\/es\/318689\/","title":{"rendered":"El actor Carlos Santos se convertir\u00e1 en padre de una ni\u00f1a dentro de dos meses"},"content":{"rendered":"<p class=\"c-paragraph\">El actor Carlos Santos, que se hizo muy popular en la serie Los hombres de Paco, <b>ser\u00e1 padre por primera vez en febrero de una ni\u00f1a, a la que llamar\u00e1 Edda<\/b>, como \u00e9l mismo ha anunciado junto a la ecograf\u00eda de la peque\u00f1a.<\/p>\n<p class=\"c-paragraph\">Santos, de 48 a\u00f1os y premio Goya como mejor actor revelaci\u00f3n por su papel de Luis Rold\u00e1n en El hombre de las mil caras,<b> sale con Raquel \u00c1lvarez, que se dedica al mundo de la escenograf\u00eda y del arte<\/b>.<\/p>\n<p class=\"c-paragraph\">Hola, 2026. Hola Edda, dice el actor, sobre la ecograf\u00eda que revela varias perspectivas del rostro de su hija. <b>El actor reproduce un poema de su hermano Sergio<\/b>, como muestra de su felicidad.<\/p>\n<p class=\"c-paragraph\">Carlos Santos es uno de los protagonistas de la serie Refugio at\u00f3mico, en Netflix, y ha protagonizado numerosas comedias de \u00e9xito. Su novia trabaja en temas de caracterizaci\u00f3n en el cine y en la televisi\u00f3n. <b>Entre sus &#8216;clientes&#8217; ha estado Cristina Pedroche.<\/b><\/p>\n","protected":false},"excerpt":{"rendered":"El actor Carlos Santos, que se hizo muy popular en la serie Los hombres de Paco, ser\u00e1 padre&hellip;\n","protected":false},"author":2,"featured_media":318690,"comment_status":"","ping_status":"","sticky":false,"template":"","format":"standard","meta":{"footnotes":""},"categories":[174],"tags":[1339,415,255,20912,146,147,25,24,256,9593,7745,23],"class_list":{"0":"post-318689","1":"post","2":"type-post","3":"status-publish","4":"format-standard","5":"has-post-thumbnail","7":"category-famosos","8":"tag-actor","9":"tag-carlos","10":"tag-celebrities","11":"tag-convertira","12":"tag-entertainment","13":"tag-entretenimiento","14":"tag-es","15":"tag-espana","16":"tag-famosos","17":"tag-santos","18":"tag-se","19":"tag-spain"},"share_on_mastodon":{"url":"https:\/\/pubeurope.com\/@es\/115824293524028278","error":""},"_links":{"self":[{"href":"https:\/\/www.europesays.com\/es\/wp-json\/wp\/v2\/posts\/318689","targetHints":{"allow":["GET"]}}],"collection":[{"href":"https:\/\/www.europesays.com\/es\/wp-json\/wp\/v2\/posts"}],"about":[{"href":"https:\/\/www.europesays.com\/es\/wp-json\/wp\/v2\/types\/post"}],"author":[{"embeddable":true,"href":"https:\/\/www.europesays.com\/es\/wp-json\/wp\/v2\/users\/2"}],"replies":[{"embeddable":true,"href":"https:\/\/www.europesays.com\/es\/wp-json\/wp\/v2\/comments?post=318689"}],"version-history":[{"count":0,"href":"https:\/\/www.europesays.com\/es\/wp-json\/wp\/v2\/posts\/318689\/revisions"}],"wp:featuredmedia":[{"embeddable":true,"href":"https:\/\/www.europesays.com\/es\/wp-json\/wp\/v2\/media\/318690"}],"wp:attachment":[{"href":"https:\/\/www.europesays.com\/es\/wp-json\/wp\/v2\/media?parent=318689"}],"wp:term":[{"taxonomy":"category","embeddable":true,"href":"https:\/\/www.europesays.com\/es\/wp-json\/wp\/v2\/categories?post=318689"},{"taxonomy":"post_tag","embeddable":true,"href":"https:\/\/www.europesays.com\/es\/wp-json\/wp\/v2\/tags?post=318689"}],"curies":[{"name":"wp","href":"https:\/\/api.w.org\/{rel}","templated":true}]}}