{"id":318695,"date":"2026-01-02T07:24:09","date_gmt":"2026-01-02T07:24:09","guid":{"rendered":"https:\/\/www.europesays.com\/es\/318695\/"},"modified":"2026-01-02T07:24:09","modified_gmt":"2026-01-02T07:24:09","slug":"cuanto-antes-aceptemos-que-envejeceremos-y-el-sexo-cambiara-mejor","status":"publish","type":"post","link":"https:\/\/www.europesays.com\/es\/318695\/","title":{"rendered":"Cuanto antes aceptemos que envejeceremos y el sexo cambiar\u00e1, mejor"},"content":{"rendered":"<p>La actriz <strong>Vanesa Romero<\/strong> (Alicante, 1978) dirige y escribe su segundo cortometraje, <strong>Sexo a los 70<\/strong>, con Mamen Garc\u00eda (La que se avecina, Se\u00f1oras del hampa) como una viuda a la que su nieta (Laura Candil) le organiza una cita para sacarla de casa. \u00abMi primer corto fue Un d\u00eda de mierda, que tuvo mucho reconocimiento, y eso me anim\u00f3 a seguir escribiendo y dirigiendo\u00bb, cuenta <strong>Vanesa Romero<\/strong> en conversaci\u00f3n telef\u00f3nica con El Independiente. Ambos t\u00edtulos tienen en com\u00fan la comedia. \u00abEl resto, no tienen nada que ver. Uno habla de que qui\u00e9n no ha tenido en su vida un d\u00eda de mierda; es tragicomedia. Y <strong>Sexo a los 70<\/strong> habla de un tema tab\u00fa, la sexualidad a partir de una determinada edad, que nos compete a todos. Los dos cortos, a trav\u00e9s de la comedia, invitan a reflexionar\u00bb, a\u00f1ade.<\/p>\n<p><strong>P.-<\/strong> T\u00fa, en 18 minutos, tienes que presentar la historia, desarrollarla y darle un final. \u00bfC\u00f3mo se hace eso?<\/p>\n<p><strong>R.- (Vanesa Romero)<\/strong> D\u00e1ndole muchas vueltas a las cosas y haciendo muchas versiones de guion. Y encima es una comedia, uno de los g\u00e9neros m\u00e1s dif\u00edciles de tratar, tanto a la hora de interpretar como de escribir y dirigir. La comedia tiene un tempo y una estructura determinados; es como una partitura. Es un g\u00e9nero delicado porque, como te quedes corto, se queda en nada; y si te pasas, est\u00e1s sobreactuando. Es muy caracter\u00edstico y bastante complejo. Al final es trabajar, escribir y pensar mucho. El tema estaba claro, y los personajes tambi\u00e9n; hab\u00eda que dejarse llevar, contar la historia e ir afinando luego poco a poco hasta que est\u00e9 perfecto.<\/p>\n<p><img loading=\"lazy\" decoding=\"async\" width=\"990\" height=\"625\" src=\"data:image\/svg+xml,%3Csvg%20xmlns=\" http:=\"\" alt=\"\" class=\"wp-image-4406988\" data-lazy- data-lazy- data-lazy-src=\"https:\/\/www.europesays.com\/es\/wp-content\/uploads\/2026\/01\/s70-vanesa-romero-directora-990x625.jpg\"\/>Vanesa Romero, durante la grabaci\u00f3n de su segundo cortometraje como directora y guionista, &#8216;Sexo a los 70&#8217;<\/p>\n<p><strong>P.- <\/strong>Parece que vivimos en una sociedad muy sexualizada, pero a la vez, hablar de sexo es un tab\u00fa.<\/p>\n<p><strong>R.- (Vanesa Romero)<\/strong> Al final, si Dios quiere, todos llegaremos a esas edades, y cuanto antes abramos ese mel\u00f3n, mejor. Nuestro cuerpo cambia y, no por ello, tenemos que renunciar a disfrutar de la sexualidad. Yo estaba en mi despacho pensando en el tema de mi siguiente corto como directora y escritora\u2026 Y una ma\u00f1ana, hablando con mi madre por tel\u00e9fono, mi cabeza se fue a c\u00f3mo ser\u00edan las relaciones sexuales entre mis padres. As\u00ed que, tras cortocircuitar mi cabeza, le pregunt\u00e9. A la vez me daba verg\u00fcenza; yo misma me resist\u00eda a preguntarla. Tuvimos una charla muy divertida, de mujer a mujer. Hay gente que no quiere hablar del tema; le da verg\u00fcenza, pudor. Otras personas s\u00ed te cuentan sus historias; algunas llegan a los 70 sin haber disfrutado de la sexualidad y es a esa edad cuando empiezan a hacerlo.<\/p>\n<blockquote class=\"wp-block-quote is-layout-flow wp-block-quote-is-layout-flow\">\n<p>El deseo no caduca, aunque nuestro cuerpo cambie<\/p>\n<p>Vanesa Romero, directora y guionista de &#8216;Sexo a los 70&#8217;<\/p><\/blockquote>\n<p>Hab\u00eda que abordar este tab\u00fa a trav\u00e9s de la comedia. El humor sirve para cambiar o transformar ciertas miradas que tenemos sobre las cosas; quita dramatismo, peso. Es un b\u00e1lsamo, una medicina. Tras proyectar el corto en festivales viene gente a comentar, les escuchas re\u00edrse, y abres un debate. Se trata de abrir la veda, el mel\u00f3n; por qu\u00e9 existe esta problem\u00e1tica. Los mayores, a veces, son los grandes olvidados.<\/p>\n<p><strong>P.-<\/strong> La protagonista de Sexo a los 70 es una viuda que no quiere rehacer su vida, no solo a nivel sexoafectivo. Est\u00e1 cerrada al simple hecho de tener pareja o citas.<\/p>\n<p><strong><strong>R.- (Vanesa Romero)<\/strong><\/strong> Para ella, tras la muerte de su marido, su vida deja de tener sentido. Deja de disfrutar. Pero ella est\u00e1 deseando reengancharse a la vida; le limita sus creencias\u2026 hasta que su nieta le organiza una cita. Quer\u00edamos plasmar en guion la convivencia entre dos generaciones. La nieta pone como excusa que va a aprobar todo si su abuela va a esa cita; si no, jam\u00e1s acceder\u00eda a quedar con un se\u00f1or. Pero, muy en el fondo del personaje, ella est\u00e1 deseando reengancharse a la vida.<\/p>\n<p><strong>P.-<\/strong> Vanesa, me da la sensaci\u00f3n de que hay gente mayor que no da este paso por el qu\u00e9 dir\u00e1n.<\/p>\n<p><strong><strong>R.- (Vanesa Romero)<\/strong> <\/strong>S\u00ed, porque al final tienen sus creencias. Marga [Mamen Garc\u00eda] piensa que es una fresca y que incluso est\u00e1 traicionando a su marido muerto. El deseo no caduca, no tiene edad, aunque nuestro cuerpo cambie. No por ello tenemos que dejar de disfrutar. Cuanto antes aceptemos que envejeceremos y el sexo cambiar\u00e1, mejor.<\/p>\n<p><strong>P.-<\/strong> Sale en el corto <a href=\"https:\/\/www.elindependiente.com\/tendencias\/cine\/2025\/09\/21\/pablo-colomo-brays-efe-delicias-jardin-pelicula\/\" rel=\"nofollow noopener\" target=\"_blank\">Fernando Colomo<\/a>, que se atreve con todo. Este a\u00f1o ha estrenado pel\u00edcula, Las delicias del jard\u00edn.<\/p>\n<p><strong><strong>R.- (Vanesa Romero)<\/strong><\/strong> Termin\u00f3 \u00e9l su pel\u00edcula, y yo fui tan osada de mandarle el guion. El papel era para <a href=\"https:\/\/www.elindependiente.com\/tendencias\/cine\/2025\/09\/17\/fernando-colomo-delicias-jardin-pelicula\/\" rel=\"nofollow noopener\" target=\"_blank\">Fernando Colomo<\/a>. Luego me dio un poco de respeto y de miedo, pues iba a dirigir a Fernando Colomo. \u00c9l es un actor supermet\u00f3dico, muy chulo. Y quisimos hacer un peque\u00f1o gui\u00f1o a <a href=\"https:\/\/www.elindependiente.com\/series-y-television\/2025\/10\/27\/nueva-camarera-first-dates-lidia-santos\/\" rel=\"nofollow noopener\" target=\"_blank\">First Dates<\/a> con <a href=\"https:\/\/www.elindependiente.com\/series-y-television\/2025\/11\/03\/carlos-sobera-first-dates-entrevista\/\" rel=\"nofollow noopener\" target=\"_blank\">Carlos Sobera<\/a>, que no para: teatro, tele\u2026 Busc\u00f3 un hueco para hacer el cameo en Sexo a los 70. Con Mamen Garc\u00eda trabaj\u00e9 como actriz hace muchos a\u00f1os, y aqu\u00ed ha sido muy generosa. Empieza el corto de una manera determinada y acaba empoderada al 100%; es otra mujer, que coge el toro por los cuernos. La historia hab\u00eda que contarla as\u00ed.\u00a0<\/p>\n<p><img loading=\"lazy\" decoding=\"async\" width=\"990\" height=\"625\" src=\"data:image\/svg+xml,%3Csvg%20xmlns=\" http:=\"\" alt=\"\" class=\"wp-image-4406991\" data-lazy- data-lazy- data-lazy-src=\"https:\/\/www.europesays.com\/es\/wp-content\/uploads\/2026\/01\/s70-vanesa-romero-dirige-a-mamen-garcia-y-fernando-colomo-990x625.jpg\"\/>Mamen Garc\u00eda y Fernando Colomo tienen una noche&#8230; de amor en &#8216;Sexo a los 70&#8217;, el segundo cortometraje de la actriz y presentadora Vanesa Romero como directora y guionista<\/p>\n<p><strong>P.-<\/strong> \u00bfD\u00f3nde puede la gente ver Sexo a los 70? Est\u00e1 disponible en Movistar Plus+, \u00bfcorrecto?<\/p>\n<p><strong><strong>R.- (Vanesa Romero)<\/strong><\/strong> S\u00ed.<\/p>\n<p><strong>P.-<\/strong> No hay dos sin tres\u2026<\/p>\n<p><strong><strong>R.- (Vanesa Romero)<\/strong><\/strong> Si todo va bien, a finales de 2026, estar\u00e9 dirigiendo mi primera pel\u00edcula. Y estoy desarrollando la serie de Sexo a los 70. Mi plan es seguir contando historias desde otro \u00e1mbito. A nivel interpretativo sigo haciendo mis cositas tambi\u00e9n. Acabo de volver de Lanzarote de rodar una serie [Lanzarote, la salvaci\u00f3n], y ahora en enero arrancar\u00e9 otra. Tambi\u00e9n estar\u00e9 en la cuarta temporada de Atasco.<\/p>\n<p>            <a class=\"articulo-relacionado__media\" href=\"https:\/\/www.elindependiente.com\/tendencias\/cine\/2025\/12\/13\/quedan-77-dias-para-los-goya-las-peliculas-espanolas-que-parten-como-favoritas\/\" title=\"Quedan 77 d\u00edas para los Goya: las pel\u00edculas espa\u00f1olas que parten como favoritas\" rel=\"nofollow noopener\" target=\"_blank\"><\/p>\n<p>                <img loading=\"lazy\" decoding=\"async\" src=\"data:image\/svg+xml,%3Csvg%20xmlns=\" http:=\"\" width=\"390\" height=\"220\" alt=\"Quedan 77 d\u00edas para los Goya: las pel\u00edculas espa\u00f1olas que parten como favoritas\" data-lazy-src=\"https:\/\/www.europesays.com\/es\/wp-content\/uploads\/2026\/01\/favoritas-premios-forque-390x220.jpg\"\/><\/p>\n<p>\t\t\t            <\/a><\/p>\n<p>PUBLICIDAD<\/p>\n","protected":false},"excerpt":{"rendered":"La actriz Vanesa Romero (Alicante, 1978) dirige y escribe su segundo cortometraje, Sexo a los 70, con Mamen&hellip;\n","protected":false},"author":2,"featured_media":318696,"comment_status":"","ping_status":"","sticky":false,"template":"","format":"standard","meta":{"footnotes":""},"categories":[169],"tags":[177,146,147,25,24,176,175,28226,23],"class_list":{"0":"post-318695","1":"post","2":"type-post","3":"status-publish","4":"format-standard","5":"has-post-thumbnail","7":"category-cine","8":"tag-cine","9":"tag-entertainment","10":"tag-entretenimiento","11":"tag-es","12":"tag-espana","13":"tag-film","14":"tag-movies","15":"tag-premios-goya","16":"tag-spain"},"share_on_mastodon":{"url":"https:\/\/pubeurope.com\/@es\/115824313314019292","error":""},"_links":{"self":[{"href":"https:\/\/www.europesays.com\/es\/wp-json\/wp\/v2\/posts\/318695","targetHints":{"allow":["GET"]}}],"collection":[{"href":"https:\/\/www.europesays.com\/es\/wp-json\/wp\/v2\/posts"}],"about":[{"href":"https:\/\/www.europesays.com\/es\/wp-json\/wp\/v2\/types\/post"}],"author":[{"embeddable":true,"href":"https:\/\/www.europesays.com\/es\/wp-json\/wp\/v2\/users\/2"}],"replies":[{"embeddable":true,"href":"https:\/\/www.europesays.com\/es\/wp-json\/wp\/v2\/comments?post=318695"}],"version-history":[{"count":0,"href":"https:\/\/www.europesays.com\/es\/wp-json\/wp\/v2\/posts\/318695\/revisions"}],"wp:featuredmedia":[{"embeddable":true,"href":"https:\/\/www.europesays.com\/es\/wp-json\/wp\/v2\/media\/318696"}],"wp:attachment":[{"href":"https:\/\/www.europesays.com\/es\/wp-json\/wp\/v2\/media?parent=318695"}],"wp:term":[{"taxonomy":"category","embeddable":true,"href":"https:\/\/www.europesays.com\/es\/wp-json\/wp\/v2\/categories?post=318695"},{"taxonomy":"post_tag","embeddable":true,"href":"https:\/\/www.europesays.com\/es\/wp-json\/wp\/v2\/tags?post=318695"}],"curies":[{"name":"wp","href":"https:\/\/api.w.org\/{rel}","templated":true}]}}