{"id":318706,"date":"2026-01-02T07:30:07","date_gmt":"2026-01-02T07:30:07","guid":{"rendered":"https:\/\/www.europesays.com\/es\/318706\/"},"modified":"2026-01-02T07:30:07","modified_gmt":"2026-01-02T07:30:07","slug":"un-pais-dividido-por-la-migracion-con-el-nuevo-ano-unos-estados-estrenan-leyes-a-favor-y-otros-en-contra-inmigracion-en-estados-unidos","status":"publish","type":"post","link":"https:\/\/www.europesays.com\/es\/318706\/","title":{"rendered":"Un pa\u00eds dividido por la migraci\u00f3n: con el nuevo a\u00f1o unos Estados estrenan leyes a favor y otros, en contra | Inmigraci\u00f3n en Estados Unidos"},"content":{"rendered":"<p class=\"\">Desde el 1 de enero los agentes locales y federales que detienen a migrantes en California no pueden esconderse tras las m\u00e1scaras que ocultan su rostro, como han hecho hasta ahora. As\u00ed lo dicta una de <a href=\"https:\/\/elpais.com\/us\/2025-12-30\/las-nuevas-leyes-que-entraran-en-vigor-en-california-en-2026.html\" target=\"_self\" rel=\"nofollow noopener\" title=\"https:\/\/elpais.com\/us\/2025-12-30\/las-nuevas-leyes-que-entraran-en-vigor-en-california-en-2026.html\">las muchas leyes que han entrado en vigor <\/a>con el comienzo del a\u00f1o y que impactar\u00e1n en la comunidad migrante. La cruzada contra la inmigraci\u00f3n que la Administraci\u00f3n de Donald Trump ha emprendido en su primer a\u00f1o de mandato ha dividido la naci\u00f3n y, en el \u00e1mbito legislativo, ha propiciado la aprobaci\u00f3n de nuevas normas en las legislaciones locales y estatales que se estrenan en 2026. Algunas, en Estados gobernados por dem\u00f3cratas como California e Illinois, las leyes ampl\u00edan la protecci\u00f3n a los migrantes; en otros Estados como Texas y Tennessee, gobernados por republicanos, el objetivo es facilitar la labor de los agentes federales en su carrera contrarreloj por engrosar la lista de detenidos y deportados.<\/p>\n<p class=\"\"><a href=\"https:\/\/leginfo.legislature.ca.gov\/faces\/billNavClient.xhtml?bill_id=202520260SB627\" target=\"_blank\" rel=\"nofollow noopener\" title=\"https:\/\/leginfo.legislature.ca.gov\/faces\/billNavClient.xhtml?bill_id=202520260SB627\">La ley de California SB 627<\/a>, que establece como delito que un agente de las fuerzas del orden use una mascarilla o cobertura facial en el desempe\u00f1o de sus funciones, ha sido recurrida por el Gobierno federal en los tribunales. La Administraci\u00f3n Trump defiende el anonimato de los empleados del Servicio de Inmigraci\u00f3n y Control de Aduanas (ICE) como una medida de protecci\u00f3n para los agentes. El Departamento de Seguridad Nacional (DHS) ha denunciado que los ataques a los agentes han aumentado m\u00e1s de un 1.000% este a\u00f1o. La demanda alega que la prohibici\u00f3n del uso de mascarillas es inconstitucional porque los Estados no tienen la facultad de regular las agencias federales. Varios Estados han introducido medidas para prohibir que los agentes de inmigraci\u00f3n se cubran el rostro, pero California fue el primero en convertirla en ley.<\/p>\n<p class=\"\">El senador dem\u00f3crata Scott Wiener, autor de la norma, critica el miedo y la indefensi\u00f3n que produce entre los migrantes no poder identificar a quienes les detienen. \u201cCuando los agentes del orden usan pasamonta\u00f1as aterrorizan a las comunidades, su uso reduce la confianza en el cumplimiento de la ley\u201d, ha declarado en <a href=\"https:\/\/www.youtube.com\/shorts\/jzW2_mMKNW4\" target=\"_blank\" rel=\"nofollow noopener\" title=\"https:\/\/www.youtube.com\/shorts\/jzW2_mMKNW4\">un video publicado <\/a>en redes sociales. La ocultaci\u00f3n del rostro y el anonimato de los agentes ha facilitado el abuso de la fuerza en las detenciones, incluso por personas que no son agentes, seg\u00fan han denunciado migrantes y las organizaciones que los defienden. <\/p>\n<p class=\"\">Otra nueva norma orientada a evitar el anonimato obliga a los agentes federales a portar visiblemente su identificaci\u00f3n con su nombre, n\u00famero de placa y agencia, y<a href=\"https:\/\/elpais.com\/us\/migracion\/2025-11-08\/trump-planea-usar-cazarrecompensas-para-localizar-a-migrantes.html\" target=\"_self\" rel=\"nofollow noopener\" title=\"https:\/\/elpais.com\/us\/migracion\/2025-11-08\/trump-planea-usar-cazarrecompensas-para-localizar-a-migrantes.html\"> proh\u00edbe que los cazadores de recompensas participen en las detenciones.<\/a><\/p>\n<p class=\"\">Otra ley firmada por el gobernador dem\u00f3crata Gavin Newsom que tendr\u00e1 una repercusi\u00f3n amplia en la comunidad migratoria es la AB 495, tambi\u00e9n conocida como la Ley de Plan de Preparaci\u00f3n Familiar de 2025. Su prop\u00f3sito es ayudar a las familias a prepararse ante las deportaciones. La nueva legislaci\u00f3n ampl\u00eda a familiares de hasta quinto grado (como t\u00edas abuelas y primos) a quienes pueden convertirse en tutores temporales de los menores, permiti\u00e9ndoles tomar decisiones sobre la atenci\u00f3n m\u00e9dica y sobre la matriculaci\u00f3n en las escuelas. Desde que comenzaron las redadas antiinmigraci\u00f3n una de las mayores preocupaciones en la comunidad extranjera es qui\u00e9n cuidar\u00e1 de los hijos si los padres son detenidos o deportados. Adem\u00e1s, la nueva norma prohibir\u00e1 a las guarder\u00edas recopilar informaci\u00f3n migratoria sobre un ni\u00f1o o sus progenitores.<\/p>\n<p class=\"\">Con el objetivo de proteger a los menores, California estrena tambi\u00e9n una ley que obliga al Estado a proporcionar asesor\u00eda legal a los j\u00f3venes para defender sus casos migratorios. <a href=\"https:\/\/elpais.com\/us\/migracion\/2025-12-20\/el-fin-del-programa-de-reunificacion-familiar-otra-maniobra-de-trump-para-separar-a-padres-e-hijos.html\" target=\"_self\" rel=\"nofollow noopener\" title=\"https:\/\/elpais.com\/us\/migracion\/2025-12-20\/el-fin-del-programa-de-reunificacion-familiar-otra-maniobra-de-trump-para-separar-a-padres-e-hijos.html\">La Administraci\u00f3n Trump ha atacado por varios flancos a los menores <\/a>que llegan no acompa\u00f1ados a Estados Unidos, recortando dr\u00e1sticamente los fondos a las organizaciones que los ayudan y<a href=\"https:\/\/elpais.com\/us\/migracion\/2025-11-07\/la-administracion-trump-pone-en-la-mira-a-los-migrantes-menores-no-acompanados.html\" target=\"_self\" rel=\"nofollow noopener\" title=\"https:\/\/elpais.com\/us\/migracion\/2025-11-07\/la-administracion-trump-pone-en-la-mira-a-los-migrantes-menores-no-acompanados.html\"> eliminando su derecho a una defensa<\/a>, una medida que se disputa en los tribunales. La desprotecci\u00f3n de los menores ha causado escenas tan surrealistas como la comparecencia de ni\u00f1os de menos de cinco a\u00f1os que han tenido que defender solos sus casos de asilo ante un juez de inmigraci\u00f3n. Otra de las acciones m\u00e1s pol\u00e9micas de la Administraci\u00f3n Trump contra los menores, frenada por un juez, fue el intento de deportar a m\u00e1s de 300 ni\u00f1os guatemaltecos sin ninguna orden de expulsi\u00f3n ni la posibilidad de defenderse. <\/p>\n<p>Vuelta a los lugares \u201csensibles\u201d<\/p>\n<p class=\"\">Una de las primeras medidas de Trump al regresar a la Casa Blanca fue eliminar la protecci\u00f3n de los lugares denominados como sensibles (hospitales, escuelas y lugares de culto), lo que equival\u00eda a impedir la entrada de los agentes migratorios en estos recintos. Desde enero, <a href=\"https:\/\/leginfo.legislature.ca.gov\/faces\/billNavClient.xhtml?bill_id=202520260SB81\" target=\"_blank\" rel=\"nofollow noopener\" title=\"https:\/\/leginfo.legislature.ca.gov\/faces\/billNavClient.xhtml?bill_id=202520260SB81\">la ley SB81 de California<\/a>, busca convertir los centros de atenci\u00f3n m\u00e9dica en espacios seguros impidiendo el acceso de los agentes y designando los datos migratorios de un paciente como informaci\u00f3n m\u00e9dica protegida.<\/p>\n<p class=\"\">Tambi\u00e9n el Estado de Illinois, uno de los m\u00e1s afectados por las redadas de los agentes federales, obliga a los hospitales a una mayor protecci\u00f3n del estatus migratorio de los pacientes. La nueva legislaci\u00f3n, aprobada este oto\u00f1o en el contexto de la intensificaci\u00f3n de las operaciones federales bajo la Operaci\u00f3n Midway Blitz en Chicago,<a href=\"https:\/\/elpais.com\/us\/migracion\/2025-12-09\/el-gobernador-de-illinois-firma-una-ley-que-prohibe-las-detenciones-del-ice-en-los-tribunales-estatales.html\" target=\"_self\" rel=\"nofollow noopener\" title=\"https:\/\/elpais.com\/us\/migracion\/2025-12-09\/el-gobernador-de-illinois-firma-una-ley-que-prohibe-las-detenciones-del-ice-en-los-tribunales-estatales.html\"> proh\u00edbe adem\u00e1s los arrestos civiles en los juzgados de Illinois y sus alrededores, <\/a>y permite que cualquier persona arrestada injustamente en o cerca de un tribunal demande una indemnizaci\u00f3n de hasta 10.000 d\u00f3lares. La Administraci\u00f3n Trump ha convertido las comparecencias que los migrantes deben hacer peri\u00f3dicamente en las cortes en emboscadas para detenerlos. <\/p>\n<p class=\"\">Los agentes tampoco podr\u00e1n acceder a las escuelas sin una orden judicial y restringe ciertas decisiones basadas en el estatus migratorio. Las guarder\u00edas con licencia estatal ahora deben exhibir informaci\u00f3n sobre los derechos de los inmigrantes en cada centro, endurecer las condiciones para compartir documentaci\u00f3n con las fuerzas del orden y desarrollar planes de acci\u00f3n en caso de que se presenten agentes de inmigraci\u00f3n.<\/p>\n<p>Mayor colaboraci\u00f3n con el ICE<\/p>\n<p class=\"\">Para los migrantes que residen en Estados controlados por los republicanos, sin embargo, el a\u00f1o se estrena con pocas alegr\u00edas. En Texas entra en vigor una ley que obliga a los sheriffs a firmar acuerdos de colaboraci\u00f3n, los llamados 287g, con el ICE. Seg\u00fan<a href=\"https:\/\/capitol.texas.gov\/tlodocs\/89R\/billtext\/html\/SB00008F.htm\" target=\"_blank\" rel=\"nofollow noopener\" title=\"https:\/\/capitol.texas.gov\/tlodocs\/89R\/billtext\/html\/SB00008F.htm\"> la ley SB 8,<\/a> los responsables de las c\u00e1rceles locales deber\u00e1n pasar informaci\u00f3n migratoria de los detenidos a los agentes federales.<\/p>\n<p class=\"\">Grupos como la Uni\u00f3n Estadounidense por las Libertades Civiles de Texas (ACLU) denuncian que la legislaci\u00f3n podr\u00eda dar lugar a un exceso de vigilancia policial y a la discriminaci\u00f3n racial. Por los acuerdos, las c\u00e1rceles locales podr\u00e1n retener a residentes sin estatus legal que ser\u00edan liberados tras una infracci\u00f3n menor o tras pagar una fianza, hasta que el ICE llegue a arrestarlos. \u201cLos agentes de polic\u00eda locales se convierten en secretarios del ICE, realizando tr\u00e1mites y ayudando a procesar las deportaciones\u201d, ha denunciado la ACLU.<\/p>\n<p class=\"\">En Tennessee, otro Estado gobernado por un republicano, el nuevo a\u00f1o estrena una nueva documentaci\u00f3n discriminatoria con los extranjeros. A los extranjeros que residen legalmente se les expedir\u00e1n licencias de conducir o tarjetas de identificaci\u00f3n temporales que indicar\u00e1n espec\u00edficamente que no son ciudadanos de pleno derecho. El senador republicano Bo Watson present\u00f3 el proyecto de ley como una medida para garantizar la integridad de las elecciones.<\/p>\n<p class=\"\">Otra ley que entrar\u00e1 en vigor en 2026 proh\u00edbe a Tennessee aceptar licencias de conducir o tarjetas de identificaci\u00f3n emitidas a migrantes indocumentados por otros Estados. <\/p>\n<p>P\u00e9rdida de atenci\u00f3n m\u00e9dica<\/p>\n<p class=\"\">Un discurso recurrente del Gobierno en los \u00faltimos meses para atacar a la inmigraci\u00f3n irregular ha sido la acusaci\u00f3n de que se aprovechan de los recursos federales. Un argumento falso porque los migrantes indocumentados no pueden acceder a ning\u00fan beneficio federal. A cambio, algunos Estados disponen de programas para proporcionarles servicios m\u00ednimos, como acceso a la educaci\u00f3n o a la asistencia m\u00e9dica. Los residentes en Minnesota comienzan el a\u00f1o perdiendo parte de esos beneficios. El Estado, cuya c\u00e1mara legislativa tiene una mayor\u00eda dem\u00f3crata muy ajustada, aprob\u00f3 a comienzos del verano pasado una ley que retira la cobertura m\u00e9dica a los migrantes indocumentados mayores de 18 a\u00f1os. Unas 17.000 personas que estaban inscritas en el programa MinnesotaCare perder\u00e1n su cobertura m\u00e9dica con la llegada del 2026.<\/p>\n","protected":false},"excerpt":{"rendered":"Desde el 1 de enero los agentes locales y federales que detienen a migrantes en California no pueden&hellip;\n","protected":false},"author":2,"featured_media":318707,"comment_status":"","ping_status":"","sticky":false,"template":"","format":"standard","meta":{"footnotes":""},"categories":[42],"tags":[889,17,18,643,894,893,352,629,13,14,11,48322,590,895,891,61,62,63,64,19,20,27545,892,890,30100,9,10,15,16,15144,12,21,22,65,66,67],"class_list":{"0":"post-318706","1":"post","2":"type-post","3":"status-publish","4":"format-standard","5":"has-post-thumbnail","7":"category-internacional","8":"tag-america","9":"tag-breaking-news","10":"tag-breakingnews","11":"tag-california","12":"tag-crisis-migratoria","13":"tag-deportacion","14":"tag-donald-trump","15":"tag-estados-unidos","16":"tag-featured-news","17":"tag-featurednews","18":"tag-headlines","19":"tag-illinois","20":"tag-inmigracion","21":"tag-inmigracion-irregular","22":"tag-inmigrantes","23":"tag-internacional","24":"tag-international","25":"tag-international-news","26":"tag-internationalnews","27":"tag-latest-news","28":"tag-latestnews","29":"tag-legislacion","30":"tag-migracion","31":"tag-migrantes","32":"tag-minnesota","33":"tag-news","34":"tag-noticias","35":"tag-noticias-destacadas","36":"tag-noticiasdestacadas","37":"tag-tennessee","38":"tag-titulares","39":"tag-ultimas-noticias","40":"tag-ultimasnoticias","41":"tag-world","42":"tag-world-news","43":"tag-worldnews"},"share_on_mastodon":{"url":"","error":"Validation failed: Text character limit of 500 exceeded"},"_links":{"self":[{"href":"https:\/\/www.europesays.com\/es\/wp-json\/wp\/v2\/posts\/318706","targetHints":{"allow":["GET"]}}],"collection":[{"href":"https:\/\/www.europesays.com\/es\/wp-json\/wp\/v2\/posts"}],"about":[{"href":"https:\/\/www.europesays.com\/es\/wp-json\/wp\/v2\/types\/post"}],"author":[{"embeddable":true,"href":"https:\/\/www.europesays.com\/es\/wp-json\/wp\/v2\/users\/2"}],"replies":[{"embeddable":true,"href":"https:\/\/www.europesays.com\/es\/wp-json\/wp\/v2\/comments?post=318706"}],"version-history":[{"count":0,"href":"https:\/\/www.europesays.com\/es\/wp-json\/wp\/v2\/posts\/318706\/revisions"}],"wp:featuredmedia":[{"embeddable":true,"href":"https:\/\/www.europesays.com\/es\/wp-json\/wp\/v2\/media\/318707"}],"wp:attachment":[{"href":"https:\/\/www.europesays.com\/es\/wp-json\/wp\/v2\/media?parent=318706"}],"wp:term":[{"taxonomy":"category","embeddable":true,"href":"https:\/\/www.europesays.com\/es\/wp-json\/wp\/v2\/categories?post=318706"},{"taxonomy":"post_tag","embeddable":true,"href":"https:\/\/www.europesays.com\/es\/wp-json\/wp\/v2\/tags?post=318706"}],"curies":[{"name":"wp","href":"https:\/\/api.w.org\/{rel}","templated":true}]}}