{"id":318717,"date":"2026-01-02T07:41:09","date_gmt":"2026-01-02T07:41:09","guid":{"rendered":"https:\/\/www.europesays.com\/es\/318717\/"},"modified":"2026-01-02T07:41:09","modified_gmt":"2026-01-02T07:41:09","slug":"de-la-tercera-division-alemana-al-benfica-en-medio-ano","status":"publish","type":"post","link":"https:\/\/www.europesays.com\/es\/318717\/","title":{"rendered":"de la tercera divisi\u00f3n alemana al Benfica en medio a\u00f1o"},"content":{"rendered":"<p class=\"ft-text\">El <strong>Benfica <\/strong>ha cerrado <strong>una de las operaciones m\u00e1s llamativas del mercado invernal portugu\u00e9s<\/strong> con la incorporaci\u00f3n de <strong>Sidny Lopes Cabral<\/strong>.<\/p>\n<p class=\"ft-text\">El <strong>lateral ambidiestro de 23 a\u00f1os<\/strong> llega procedente del <strong>Estrela da Amadora<\/strong>, club al que hab\u00eda llegado este mismo verano procedente del <strong>Viktoria K\u00f6ln<\/strong>, de la tercera divisi\u00f3n de Alemania.<\/p>\n<p class=\"ft-text\">Su nombre llevaba desde inicio de temporada sobre la mesa de la secretar\u00eda t\u00e9cnica del Benfica. Sus actuaciones en la primera mitad de la Liga Portugal 2025\/26 activaron contactos con el Estrela, que inicialmente<strong> tas\u00f3 al jugador por encima de los 10 millones de euros pese a no haber gastado nada en su fichaje en el mes de julio<\/strong>. El Benfica, sin embargo, siempre se movi\u00f3 en cifras cercanas a los <strong>seis millones<\/strong>, cantidad que finalmente permiti\u00f3 desbloquear la operaci\u00f3n y adelantar su llegada al mes de enero.<\/p>\n<p>Un perfil que convenci\u00f3 a Mourinho<\/p>\n<p class=\"ft-text\">La polivalencia del defensa fue uno de los factores clave en la apuesta encarnada, seg\u00fan el medio portugu\u00e9s &#8216;Zero Zero&#8217;. Capaz de actuar tanto en el carril derecho como en el izquierdo, <strong>Cabral encaja en el perfil que Jos\u00e9 Mourinho valora para reforzar su l\u00ednea defensiva.<\/strong><\/p>\n<p class=\"ft-text\">Y el luso tuvo competencia. Sus actuaciones en la Primeira Liga llamaron la atenci\u00f3n tambi\u00e9n fuera de Portugal, con clubes como el <strong>Lecce, Sassuolo o Fiorentina preguntando por \u00e9l<\/strong>, acorde a la informaci\u00f3n de &#8216;Tuttomercatoweb&#8217;.<\/p>\n<p class=\"ft-text\">La <strong>historia de Sidny Cabral explica, en parte, por qu\u00e9 su irrupci\u00f3n ha resultado tan llamativa<\/strong>. Nacido en <strong>R\u00f3terdam <\/strong>en septiembre de 2002, se form\u00f3 en el <strong>Feyenoord<\/strong>\u00a0y el <strong>FC Twente<\/strong>, donde fue reconvertido a jugador de banda por su velocidad y capacidad de aceleraci\u00f3n. Sin espacio en el f\u00fatbol juvenil de \u00e9lite neerland\u00e9s, opt\u00f3 por una v\u00eda alternativa que le llev\u00f3 <strong>primero a Suecia, con el Helsingborgs IF, y despu\u00e9s a Alemania<\/strong>.<\/p>\n<p class=\"ft-text\">Fue en el <strong>RW Erfurt, en la quinta divisi\u00f3n alemana<\/strong>, entre 2022 y 2024. All\u00ed logr\u00f3 su primer ascenso y comenz\u00f3 a llamar la atenci\u00f3n por su regularidad. El <strong>Viktoria K\u00f6ln le ofreci\u00f3 la oportunidad de competir en la 3. Liga<\/strong> (la tercera divisi\u00f3n alemana) y Cabral respondi\u00f3 con continuidad, goles y asistencias, consolid\u00e1ndose como un lateral de clara vocaci\u00f3n ofensiva.<\/p>\n<p class=\"ft-text\">Tras solo un a\u00f1o, un equipo de primera divisi\u00f3n, el <strong>Estrela da Amadora,<\/strong> <strong>apost\u00f3 por \u00e9l este pasado mercado para reforzar su defensa y el impacto fue inmediato.<\/strong> Cabral se convirti\u00f3 en <strong>una de las grandes revelaciones del campeonato<\/strong>, con actuaciones decisivas desde las primeras jornadas. Su <strong>partido ante el Benfica en la Reboleira, pese a la derrota, fue uno de los puntos de inflexi\u00f3n<\/strong>. Demostr\u00f3 ante Mourinho desborde constante, profundidad y personalidad ante un rival de m\u00e1ximo nivel, lo que hizo al t\u00e9cnico tomar la decisi\u00f3n definitiva.<\/p>\n<p class=\"ft-text\">A partir de ah\u00ed, encaden\u00f3 <strong>goles, asistencias y actuaciones de alto impacto, incluido el primer \u2018hat-trick\u2019 de su carrera en Rio Maior.<\/strong> Su rendimiento le abri\u00f3 tambi\u00e9n la puerta de la <strong>selecci\u00f3n de Cabo Verde<\/strong>, con la que suma varias internacionalidades e, si todo va bien, ir\u00e1 al Mundial, confirmando su crecimiento en el plano competitivo.<\/p>\n<p class=\"ft-text\">Con las \u00e1guilas ha firmado un contrato hasta 2030: \u00abEstoy muy contento de llegar aqu\u00ed. Quiero dar lo mejor de m\u00ed y ganar trofeos. Puedo ofrecer <strong>agresividad, fuerza y velocidad en cualquiera de las posiciones que el entreador me ponga\u00bb.<\/strong><\/p>\n<p class=\"ft-text\">\u00abTuve una llamada corta pero intensa con Mourinho. Fue una buena llamada. Fue directo conmigo y me dijo lo que espera de m\u00ed y lo que quiere de m\u00ed\u00bb, dec\u00eda el jugador a la televisi\u00f3n del club en su presentaci\u00f3n oficial.<\/p>\n","protected":false},"excerpt":{"rendered":"El Benfica ha cerrado una de las operaciones m\u00e1s llamativas del mercado invernal portugu\u00e9s con la incorporaci\u00f3n de&hellip;\n","protected":false},"author":2,"featured_media":318718,"comment_status":"","ping_status":"","sticky":false,"template":"","format":"standard","meta":{"footnotes":""},"categories":[268],"tags":[5391,168,25,24,280,282,15442,74347,281,23,167],"class_list":{"0":"post-318717","1":"post","2":"type-post","3":"status-publish","4":"format-standard","5":"has-post-thumbnail","7":"category-futbol","8":"tag-benfica","9":"tag-deportes","10":"tag-es","11":"tag-espana","12":"tag-football","13":"tag-futbol","14":"tag-mourinho","15":"tag-sidny-cabral","16":"tag-soccer","17":"tag-spain","18":"tag-sports"},"share_on_mastodon":{"url":"https:\/\/pubeurope.com\/@es\/115824380245080291","error":""},"_links":{"self":[{"href":"https:\/\/www.europesays.com\/es\/wp-json\/wp\/v2\/posts\/318717","targetHints":{"allow":["GET"]}}],"collection":[{"href":"https:\/\/www.europesays.com\/es\/wp-json\/wp\/v2\/posts"}],"about":[{"href":"https:\/\/www.europesays.com\/es\/wp-json\/wp\/v2\/types\/post"}],"author":[{"embeddable":true,"href":"https:\/\/www.europesays.com\/es\/wp-json\/wp\/v2\/users\/2"}],"replies":[{"embeddable":true,"href":"https:\/\/www.europesays.com\/es\/wp-json\/wp\/v2\/comments?post=318717"}],"version-history":[{"count":0,"href":"https:\/\/www.europesays.com\/es\/wp-json\/wp\/v2\/posts\/318717\/revisions"}],"wp:featuredmedia":[{"embeddable":true,"href":"https:\/\/www.europesays.com\/es\/wp-json\/wp\/v2\/media\/318718"}],"wp:attachment":[{"href":"https:\/\/www.europesays.com\/es\/wp-json\/wp\/v2\/media?parent=318717"}],"wp:term":[{"taxonomy":"category","embeddable":true,"href":"https:\/\/www.europesays.com\/es\/wp-json\/wp\/v2\/categories?post=318717"},{"taxonomy":"post_tag","embeddable":true,"href":"https:\/\/www.europesays.com\/es\/wp-json\/wp\/v2\/tags?post=318717"}],"curies":[{"name":"wp","href":"https:\/\/api.w.org\/{rel}","templated":true}]}}