{"id":318721,"date":"2026-01-02T07:43:11","date_gmt":"2026-01-02T07:43:11","guid":{"rendered":"https:\/\/www.europesays.com\/es\/318721\/"},"modified":"2026-01-02T07:43:11","modified_gmt":"2026-01-02T07:43:11","slug":"el-edificio-de-calzados-mayordomo-la-primera-finca-de-valencia-con-fachada-de-acero-inoxidable-cumple-cincuenta-anos","status":"publish","type":"post","link":"https:\/\/www.europesays.com\/es\/318721\/","title":{"rendered":"El edificio de Calzados Mayordomo, la primera finca de Valencia con fachada de acero inoxidable, cumple cincuenta a\u00f1os"},"content":{"rendered":"<p><a class=\"v-mdl-ath__fig-a\" href=\"https:\/\/www.lasprovincias.es\/autor\/laura-garces-501.html\" title=\"Laura Garc\u00e9s\" rel=\"nofollow noopener\" target=\"_blank\"><br \/>\n<img decoding=\"async\" class=\"v-mdl-ath__img\" src=\"https:\/\/www.europesays.com\/es\/wp-content\/uploads\/2025\/08\/autor-501-foto-2.jpeg\" alt=\"Laura Garc\u00e9s\"\/><br \/>\n<\/a><\/p>\n<p class=\"v-mdl-ath__p v-mdl-ath__p--6\">\nViernes, 2 de enero 2026, 00:08<\/p>\n<p class=\"v-p\">Edificio Novedades, la construcci\u00f3n que estren\u00f3 en Valencia el uso de acero inoxidable en las fachadas cumple cincuenta a\u00f1os en 2026. Desde que el innovador arquitecto Rafael Tamarit lo concibi\u00f3 como espacio para albergar oficinas no ha dejado de contemplar el continuo ir y venir de Valencia por la calle Passeig de Russafa. Han pasado muchos a\u00f1os, pero la casa sigue mirando la ciudad que todav\u00eda lo contempla con admiraci\u00f3n. No es para menos. Es el primer inmueble que apost\u00f3 por ese material brillante que como ahora recuerda Tamarit, arquitecto de marcada personalidad creativa que en la segunda mitad del siglo XX inaugur\u00f3 desde aquel presente, el futuro que hoy es realidad y se hace visible en calles, plazas, viviendas, f\u00e1bricas o espacios comerciales. <\/p>\n<p class=\"v-p\">La construcci\u00f3n de la hoy calle Passeig de Russafa se levant\u00f3 en 1976, \u00aben aquellos a\u00f1os que empez\u00e1bamos a sentirnos importantes\u00bb, cuando Espa\u00f1a y con ella Valencia se abr\u00eda a una nueva aventura hacia la modernizaci\u00f3n. Y Tamarit marc\u00f3 la diferencia.<\/p>\n<p class=\"v-p\">Su nombre oficial, recuerda el arquitecto, era Edificio Novedades. Pero la voz popular no puede estar callada, y le basta muy poco para rebautizar las cosas. As\u00ed que esa casa que hoy ofrece el mismo aspecto original, se identificaba como el edificio de Mayordomo.<\/p>\n<p class=\"v-p\">S\u00ed, Mayordomo. Muchos todav\u00eda recordar\u00e1n que en el bajo de la construcci\u00f3n de Tamarit se instal\u00f3 la zapater\u00eda de ese nombre, un establecimiento -tambi\u00e9n con tiendas en otras localizaciones- que dominaba la calle que no s\u00f3lo era de cines, tambi\u00e9n en esa \u00e9poca, como apunta el autor del edificio, hab\u00eda comercios. All\u00ed se levantaba otra zapater\u00eda , Muro, y en la esquina de enfrente, Cuadrado, firma de referencia en el comercio de Valencia dedicada a los g\u00e9neros de punto y la confecci\u00f3n.<\/p>\n<p class=\"v-p\">La construcci\u00f3n fue pionera, lo corrobora Rafael Tamarit. \u00abFue la primera con acero inoxidable\u00bb, insiste. Pero no era esta la \u00fanica condici\u00f3n que le concedi\u00f3 car\u00e1cter novedoso, \u00abmoderno o &#8216;modelno&#8217; como nos gustaba decir a nosotros en la \u00e9poca\u00bb, advierte el arquitecto. Fue tambi\u00e9n una de las primeras construcciones destinadas \u00aba oficinas exclusivamente\u00bb, otra muestra de la b\u00fasqueda de respuestas para una sociedad en cambio, una Valencia que avanzaba hacia nuevos tiempos. \u00abHasta entonces los locales de oficinas estaban en los entresuelos de los edificios, eran espacios acristalados\u00bb. Pero en aquellos a\u00f1os setenta, las empresas y el comercio empezaban a tener otras necesidades. <\/p>\n<p class=\"v-p\">El libro &#8216;Rafael Tamarit arquitecto&#8217; refiere esas dos cuestiones. Publicado en 2011 y con textos de Mariano Bolant, Javier Dom\u00ednguez, Juan Vicente Lladr\u00f3 Roig, m2earQuitectura, Vicente Mas, Miguel Pecourt, Jos\u00e9 Mar\u00eda Tom\u00e1s y Susana Tamarit describe la construcci\u00f3n como \u00abuna llamada de atenci\u00f3n sobre el papel de la city\u00bb. La arquitectura de la capital del Turia quer\u00eda dejar \u00abel casticismo\u00bb que la caracterizaba y el edificio comercial y de oficinas sorprender\u00e1 a los valencianos por la introducci\u00f3n de un novedoso muro cortina de dise\u00f1o propio con paneles revestidos de acero inoxidable\u00bb. <\/p>\n<p><a href=\"http:\/\/www.lasprovincias.es\/valencia-ciudad\/resisten-tiendas-vida-valencia-20251230004253-nt.html#vtm_modulosEngag=mod-rel:valencia-ciudad:noticia:1:cmp:1-not\" class=\"v-a-link\" aria-label=\"Imagen\" rel=\"nofollow noopener\" target=\"_blank\"><\/p>\n<p><img decoding=\"async\" loading=\"lazy\" src=\"https:\/\/www.europesays.com\/es\/wp-content\/uploads\/2026\/01\/Ollas combo-U10140864111Atk-366x256@Las Provincias.jpg\" class=\"v-a-img\" width=\"258\" height=\"180\" alt=\"\" data-voc-vtm-id=\"in-text-traffic\"\/><\/p>\n<p><\/a><\/p>\n<p><img decoding=\"async\" loading=\"lazy\" src=\"https:\/\/www.europesays.com\/es\/wp-content\/uploads\/2026\/01\/ACTUAK-U67248550232Ocg-650x975@Las Provincias.jpg\" class=\"v-a-img\" width=\"650\" height=\"975\" alt=\"Edificio de Rafael Tamarit en la actualidad.\" data-voc-vtm-id=\"in-text-traffic\"\/><\/p>\n<p>Edificio de Rafael Tamarit en la actualidad.<\/p>\n<p>Iv\u00e1n Arlandis<\/p>\n<p class=\"v-p\">\u00abHab\u00eda plantas di\u00e1fanas y otras divididas en dos espacios para que los interesados, en funci\u00f3n de sus necesidades, pudieran escoger\u00bb, advierte Tamarit. \u00bfPor qu\u00e9 opt\u00f3 por el acero inoxidable? \u00abPara un edificio de oficinas hab\u00eda que dar una imagen de solidez\u00bb y el acero \u00abes muy f\u00e1cil de limpiar\u00bb al mismo tiempo que concede brillantez. Un metal dorado no habr\u00eda sido adecuado porque la conservaci\u00f3n es m\u00e1s complicada. <\/p>\n<p class=\"v-p\">No s\u00f3lo firm\u00f3 la construcci\u00f3n. Tambi\u00e9n dise\u00f1\u00f3 el r\u00f3tulo y el interior de la tienda de Calzados Mayordomo. La modernidad que le acompa\u00f1aba, su condici\u00f3n renovadora qued\u00f3 impresa en unas letras con estilo, un r\u00f3tulo que se iluminaba \u00aby se ve\u00eda desde todas las vistas de la calle\u00bb. <\/p>\n<p class=\"v-p\">La decoraci\u00f3n interior, con presencia de escalera -muy popio del autor- supuso otro estreno. \u00abLa tienda ten\u00eda sof\u00e1s para sentarse\u00bb y probarse los zapatos. Con ello, otro cambio: \u00abSe dejaba lo de las zapater\u00edas con las sillas una junto a otra para probarse\u00bb, advierte un especialista en construcci\u00f3n, pero tambi\u00e9n en interiores comerciales que sembr\u00f3 de estilo propio las calles de la ciudad con la decoraci\u00f3n de tiendas que marcaron \u00e9poca. La primera fue Lladr\u00f3, firma para la que trabaj\u00f3 en numerosos proyectos tanto en Espa\u00f1a como en otros pa\u00edses. Lleg\u00f3 Don Carlos, Bermann, Man\u00eda, cafeter\u00eda T\u00edvoli,\u2026 Y por supuesto Nuevo Centro. Tamarit fue el arquitecto que en 1982 movi\u00f3 el centro de la ciudad para llevarlo hasta el barrio de Campanar cuando all\u00ed estaba creciendo otra Valencia al calor del viejo Hospital La Fe, edificio ya hoy desaparecido. <\/p>\n<p class=\"v-p\">La creatividad de Rafael Tamarit est\u00e1 indisolublemente unida a Valencia.Y lo est\u00e1 en lo m\u00e1s pr\u00f3ximo, en esa realidad tan cercana o tan cotidiana que son las tiendas, muchas de ellas ya desaparecidas, pero guardadas en la memoria colectiva de la ciudad. En el libro mencionado habla el arquitecto Javier Dom\u00ednguez de esa faceta refiri\u00e9ndose a Tamarit como \u00abuno de los mejores interioristas valencianos\u00bb que facilit\u00f3 \u00abla internacionalizaci\u00f3n del dise\u00f1o\u00bb. <\/p>\n<p class=\"v-p\">Habla tambi\u00e9n Dom\u00ednguez de las \u00abpotentes marquesinas de acero, escaleras de plancha met\u00e1lica, protocolo moderno, nuevos materiales\u00bb como elementos del vocabulario del trabajo de Tamarit. Y el edificio Novedades, el que acogi\u00f3 la zapater\u00eda Mayordomo de Passeig de Russafa, que en este a\u00f1o que acabamos de estrenar cumple cincuenta es un ejemplo de todo ello. Y convive con Valencia.<\/p>\n<p>Reporta un error<\/p>\n<p class=\"v-crt__t\"> L\u00edmite de sesiones alcanzadas<\/p>\n<p class=\"v-crt__p\">El acceso al contenido Premium est\u00e1 abierto por cortes\u00eda del establecimiento donde te encuentras, pero ahora mismo hay demasiados usuarios conectados a las vez.<\/p>\n<p class=\"v-crt__p\">Por favor, int\u00e9ntalo pasados unos minutos.<\/p>\n<p>\nVolver a intentar\n<\/p>\n<p class=\"v-crt__t\">Sesi\u00f3n cerrada<\/p>\n<p class=\"v-crt__p\">Al iniciar sesi\u00f3n desde un dispositivo distinto, por seguridad, se cerr\u00f3 la \u00faltima sesi\u00f3n en este.<\/p>\n<p class=\"v-crt__p\">Para continuar disfrutando de su suscripci\u00f3n digital, inicie sesi\u00f3n en este dispositivo.<\/p>\n<p>\nEste contenido es exclusivo para suscriptores\n<\/p>\n<p class=\"text\">\u00bfTienes una suscripci\u00f3n? <a href=\"https:\/\/secure.lasprovincias.es\/identidad\/inicio#vca=suscribete&amp;vso=lasprovincias&amp;vmc=on&amp;vli=cdn-ce-link-login\" class=\"login\" data-voc-vtm-id=\"comienzoSuscripcionON\" data-voc-vtm-info=\"cdn-ce-link-login\" rel=\"nofollow noopener\" target=\"_blank\">Inicia sesi\u00f3n<\/a><\/p>\n","protected":false},"excerpt":{"rendered":"Viernes, 2 de enero 2026, 00:08 Edificio Novedades, la construcci\u00f3n que estren\u00f3 en Valencia el uso de acero&hellip;\n","protected":false},"author":2,"featured_media":318722,"comment_status":"","ping_status":"","sticky":false,"template":"","format":"standard","meta":{"footnotes":""},"categories":[173],"tags":[3076,30126,988,229,233,231,230,74348,35396,7677,232,234,1155,146,147,25,24,25317,7828,74350,74349,1078,23,235],"class_list":{"0":"post-318721","1":"post","2":"type-post","3":"status-publish","4":"format-standard","5":"has-post-thumbnail","7":"category-arte-y-diseno","8":"tag-3076","9":"tag-acero","10":"tag-anos","11":"tag-arte","12":"tag-arte-y-diseno","13":"tag-arts","14":"tag-arts-and-design","15":"tag-calzados","16":"tag-cincuenta","17":"tag-cumple","18":"tag-design","19":"tag-diseno","20":"tag-edificio","21":"tag-entertainment","22":"tag-entretenimiento","23":"tag-es","24":"tag-espana","25":"tag-fachada","26":"tag-finca","27":"tag-inoxidable","28":"tag-mayordomo","29":"tag-primera","30":"tag-spain","31":"tag-valencia"},"share_on_mastodon":{"url":"https:\/\/pubeurope.com\/@es\/115824387895040372","error":""},"_links":{"self":[{"href":"https:\/\/www.europesays.com\/es\/wp-json\/wp\/v2\/posts\/318721","targetHints":{"allow":["GET"]}}],"collection":[{"href":"https:\/\/www.europesays.com\/es\/wp-json\/wp\/v2\/posts"}],"about":[{"href":"https:\/\/www.europesays.com\/es\/wp-json\/wp\/v2\/types\/post"}],"author":[{"embeddable":true,"href":"https:\/\/www.europesays.com\/es\/wp-json\/wp\/v2\/users\/2"}],"replies":[{"embeddable":true,"href":"https:\/\/www.europesays.com\/es\/wp-json\/wp\/v2\/comments?post=318721"}],"version-history":[{"count":0,"href":"https:\/\/www.europesays.com\/es\/wp-json\/wp\/v2\/posts\/318721\/revisions"}],"wp:featuredmedia":[{"embeddable":true,"href":"https:\/\/www.europesays.com\/es\/wp-json\/wp\/v2\/media\/318722"}],"wp:attachment":[{"href":"https:\/\/www.europesays.com\/es\/wp-json\/wp\/v2\/media?parent=318721"}],"wp:term":[{"taxonomy":"category","embeddable":true,"href":"https:\/\/www.europesays.com\/es\/wp-json\/wp\/v2\/categories?post=318721"},{"taxonomy":"post_tag","embeddable":true,"href":"https:\/\/www.europesays.com\/es\/wp-json\/wp\/v2\/tags?post=318721"}],"curies":[{"name":"wp","href":"https:\/\/api.w.org\/{rel}","templated":true}]}}