{"id":318723,"date":"2026-01-02T07:45:08","date_gmt":"2026-01-02T07:45:08","guid":{"rendered":"https:\/\/www.europesays.com\/es\/318723\/"},"modified":"2026-01-02T07:45:08","modified_gmt":"2026-01-02T07:45:08","slug":"que-ver-del-2-al-4-de-enero-en-netflix-disney-amazon-prime-video-hbo-max-movistar-filmin-apple-tv-y-skyshowtime","status":"publish","type":"post","link":"https:\/\/www.europesays.com\/es\/318723\/","title":{"rendered":"Qu\u00e9 ver del 2 al 4 de enero en Netflix, Disney+, Amazon Prime Video, HBO Max, Movistar+, Filmin, Apple TV+ y SkyShowtime"},"content":{"rendered":"<p class=\"\">Despu\u00e9s de celebrar el A\u00f1o Nuevo, \u00bfqu\u00e9 mejor plan que descansar el fin de semana viendo alguna de las novedades en plataformas? Destaca la llegada a Movistar+ del drama familiar de Carla Sim\u00f3n, \u2018<b>Romer\u00eda<\/b>\u2019, o la \u00faltima pel\u00edcula de Scorsese, \u2018<b>Los asesinos de la luna<\/b>\u2019. Por otro lado, Netflix estrena la serie policiaca sueca \u2018La tierra del pecado\u2019 y SkyShowtime ofrece la serie hist\u00f3rica \u2018<b>Amadeus<\/b>\u2019, basada en la rivalidad del genio musical y Salieri. Habr\u00e1 que esperar a la siguiente semana para que Disney+, HBO Max y Apple TV incluyan nuevas pel\u00edculas y series a sus cat\u00e1logos. <b>Es hora de repasarlo todo:<\/b><\/p>\n<p><img decoding=\"async\" src=\"https:\/\/www.europesays.com\/es\/wp-content\/uploads\/2026\/01\/7NUEZGENDZDGJJC5JPBNRHWTSQ.jpg\" alt=\"Qu\u00e9 ver del 2 al 4 de enero en Netflix, Disney+, Amazon Prime Video, HBO Max, Movistar+, Filmin, Apple TV+ y SkyShowtime\" height=\"720\" width=\"1280\"   loading=\"lazy\"\/><b>Todas las series y pel\u00edculas de estreno en Netflix<\/b><\/p>\n<p class=\"\"><b>2 de enero<\/b><\/p>\n<ul>\n<li>\u2018La tierra del pecado\u2019 (Serie)<\/li>\n<\/ul>\n<p><b>Todas las series y pel\u00edculas de estreno en <\/b><a href=\"https:\/\/clk.tradedoubler.com\/click?p=304653&amp;a=3041888&amp;epi=notimeriquever&amp;url=https%3A%2F%2Fwww.disneyplus.com%2Fes-es\" target=\"_blank\" rel=\"nofollow sponsored noopener\" title=\"https:\/\/clk.tradedoubler.com\/click?p=304653&amp;a=3041888&amp;epi=notimeriquever&amp;url=https%3A%2F%2Fwww.disneyplus.com%2Fes-es\"><b>Disney+<\/b><\/a><\/p>\n<p class=\"\">La plataforma Disney+ no tiene ning\u00fan estreno programado esta semana. El m\u00e1s cercano ser\u00e1 la segunda temporada de la serie \u2018<b>Mil golpes<\/b>\u2019 el pr\u00f3ximo <b>9 de enero.<\/b><\/p>\n<p><b>Todas las series y pel\u00edculas de estreno en <\/b><a href=\"https:\/\/www.primevideo.com\/offers\/nonprimehomepage\/ref=dv_web_force_rootnnotimeriquever\" target=\"_blank\" rel=\"nofollow sponsored noopener\" title=\"https:\/\/www.primevideo.com\/offers\/nonprimehomepage\/ref=dv_web_force_rootnnotimeriquever\"><b>Amazon Prime Video<\/b><\/a><\/p>\n<p class=\"\"><b>2 de enero<\/b><\/p>\n<ul>\n<li>\u2018Sigue mi voz\u2019 (Pel\u00edcula)<\/li>\n<li>\u2018The Tiger\u2019 (Pel\u00edcula)<\/li>\n<\/ul>\n<p><b>Todas las series y pel\u00edculas de estreno en <\/b><a href=\"https:\/\/max.prf.hn\/click\/camref:1100lqTJ3\/pubref:https%3A%2F%2Fwww.max.com%2Fes%2Fes\/ar:notimeriquever\" target=\"_blank\" rel=\"nofollow sponsored noopener\" title=\"https:\/\/max.prf.hn\/click\/camref:1100lqTJ3\/pubref:https%3A%2F%2Fwww.max.com%2Fes%2Fes\/ar:notimeriquever\"><b>HBO Max<\/b><\/a><\/p>\n<p class=\"\">La plataforma HBO Max no tiene ning\u00fan estreno programado esta semana. El m\u00e1s cercano ser\u00e1 la segunda temporada de la serie \u2018<b>The Pitt<\/b>\u2019 el pr\u00f3ximo <b>9 de enero.<\/b><\/p>\n<p><b>Todas las series y pel\u00edculas de estreno en <\/b><a href=\"https:\/\/clk.tradedoubler.com\/click?p=357743&amp;a=3041888&amp;epi=notimeriquever&amp;url=https%3A%2F%2Fwww.movistarplus.es%2Fcine%2Fdonde-ver\" target=\"_blank\" rel=\"nofollow sponsored noopener\" title=\"https:\/\/clk.tradedoubler.com\/click?p=357743&amp;a=3041888&amp;epi=notimeriquever&amp;url=https%3A%2F%2Fwww.movistarplus.es%2Fcine%2Fdonde-ver\"><b>Movistar Plus+<\/b><\/a><\/p>\n<p class=\"\"><b>2<\/b> <b>de enero<\/b><\/p>\n<ul>\n<li>\u2018Romer\u00eda\u2019 (Pel\u00edcula)<\/li>\n<li>\u2018Nibelungos: La guerra de los reinos\u2019 (Serie)<\/li>\n<\/ul>\n<p class=\"\"><b>3 de enero<\/b><\/p>\n<ul>\n<li>\u2018Los asesinos de la luna\u2019 (Pel\u00edcula)<\/li>\n<li>\u2018Los exploradores\u2019 (Pel\u00edcula)<\/li>\n<\/ul>\n<p class=\"\"><b>4 de enero<\/b><\/p>\n<ul>\n<li>\u2018Mujeres poderosas\u2019 (Pel\u00edcula)<\/li>\n<\/ul>\n<p><b>Todas las series y pel\u00edculas de estreno en Filmin<\/b><\/p>\n<p class=\"\"><b>2 de enero<\/b><\/p>\n<ul>\n<li>\u2018M\u00fcnter y el amor de Kandinsky\u2019 (Pel\u00edcula)<\/li>\n<li>\u2018Una pel\u00edcula inacabada\u2019 (Pel\u00edcula)<\/li>\n<li>\u2018Inside No. 9: The Party\u2019s Over\u2019 (Episodio)<\/li>\n<li>\u2018The Quiet Girl\u2018 (Pel\u00edcula)<\/li>\n<li>\u2018Art Spiegelman: El desastre es mi musa\u2019 (Documental)<\/li>\n<li>\u2018Hay que echar a Victoria\u2018 (Pel\u00edcula)<\/li>\n<li>\u2018Tenement\u2019 (Pel\u00edcula)<\/li>\n<li>\u2018Las audaces\u2019 (Pel\u00edcula)<\/li>\n<\/ul>\n<p><b>Todas las series y pel\u00edculas de estreno en Apple TV+<\/b><\/p>\n<p class=\"\">La plataforma Apple TV+ no tiene ning\u00fan estreno programado esta semana. El m\u00e1s cercano ser\u00e1 la tercera temporada de la serie \u2018<b>Teher\u00e1n<\/b>\u2019 el pr\u00f3ximo <b>9 de enero.<\/b><\/p>\n<p><b>Todas las series y pel\u00edculas de estreno en SkyShowtime<\/b><\/p>\n<p class=\"\"><b>2 de enero<\/b><\/p>\n<ul>\n<li>\u2018Amadeus\u2019 (Pel\u00edcula)<\/li>\n<\/ul>\n<p>Noticias relacionadas<\/p>\n<p class=\"\">Suscr\u00edbete al <a href=\"https:\/\/www.youtube.com\/@meristation\" target=\"_self\" rel=\"nofollow noopener\" title=\"https:\/\/www.youtube.com\/@meristation\">canal de MeriStation en YouTube<\/a>, tu web de videojuegos y entretenimiento para conocer todas las noticias y novedades sobre el mundo del videojuego, cine, series, manga y anime. An\u00e1lisis, entrevistas, tr\u00e1ileres, gameplays, p\u00f3dcast y mucho m\u00e1s. Tambi\u00e9n te animamos a seguir <a href=\"https:\/\/www.tiktok.com\/@meristation\" rel=\"nofollow noopener\" title=\"https:\/\/www.tiktok.com\/@meristation\" target=\"_blank\">nuestra cuenta de TikTok<\/a>. <\/p>\n<p class=\"\">\u00a1S\u00edguenos en ambas y, si est\u00e1s interesado en licenciar este contenido, pincha <a href=\"https:\/\/profesional.elpais.com\/landing-sindicacion\/?utm_medium=interno&amp;utm_source=crosslinking&amp;utm_campaign=sindicacion_as_pie_articulos\" target=\"_blank\" rel=\"nofollow noopener\" title=\"https:\/\/profesional.elpais.com\/landing-sindicacion\/?utm_medium=interno&amp;utm_source=crosslinking&amp;utm_campaign=sindicacion_as_pie_articulos\">aqu\u00ed<\/a>!<\/p>\n<p><script async src=\"\/\/www.tiktok.com\/embed.js\"><\/script><\/p>\n","protected":false},"excerpt":{"rendered":"Despu\u00e9s de celebrar el A\u00f1o Nuevo, \u00bfqu\u00e9 mejor plan que descansar el fin de semana viendo alguna de&hellip;\n","protected":false},"author":2,"featured_media":318724,"comment_status":"","ping_status":"","sticky":false,"template":"","format":"standard","meta":{"footnotes":""},"categories":[171],"tags":[146,147,25,24,23,214],"class_list":{"0":"post-318723","1":"post","2":"type-post","3":"status-publish","4":"format-standard","5":"has-post-thumbnail","7":"category-tv","8":"tag-entertainment","9":"tag-entretenimiento","10":"tag-es","11":"tag-espana","12":"tag-spain","13":"tag-tv"},"share_on_mastodon":{"url":"https:\/\/pubeurope.com\/@es\/115824395747731154","error":""},"_links":{"self":[{"href":"https:\/\/www.europesays.com\/es\/wp-json\/wp\/v2\/posts\/318723","targetHints":{"allow":["GET"]}}],"collection":[{"href":"https:\/\/www.europesays.com\/es\/wp-json\/wp\/v2\/posts"}],"about":[{"href":"https:\/\/www.europesays.com\/es\/wp-json\/wp\/v2\/types\/post"}],"author":[{"embeddable":true,"href":"https:\/\/www.europesays.com\/es\/wp-json\/wp\/v2\/users\/2"}],"replies":[{"embeddable":true,"href":"https:\/\/www.europesays.com\/es\/wp-json\/wp\/v2\/comments?post=318723"}],"version-history":[{"count":0,"href":"https:\/\/www.europesays.com\/es\/wp-json\/wp\/v2\/posts\/318723\/revisions"}],"wp:featuredmedia":[{"embeddable":true,"href":"https:\/\/www.europesays.com\/es\/wp-json\/wp\/v2\/media\/318724"}],"wp:attachment":[{"href":"https:\/\/www.europesays.com\/es\/wp-json\/wp\/v2\/media?parent=318723"}],"wp:term":[{"taxonomy":"category","embeddable":true,"href":"https:\/\/www.europesays.com\/es\/wp-json\/wp\/v2\/categories?post=318723"},{"taxonomy":"post_tag","embeddable":true,"href":"https:\/\/www.europesays.com\/es\/wp-json\/wp\/v2\/tags?post=318723"}],"curies":[{"name":"wp","href":"https:\/\/api.w.org\/{rel}","templated":true}]}}