{"id":318727,"date":"2026-01-02T07:48:15","date_gmt":"2026-01-02T07:48:15","guid":{"rendered":"https:\/\/www.europesays.com\/es\/318727\/"},"modified":"2026-01-02T07:48:15","modified_gmt":"2026-01-02T07:48:15","slug":"probo-mi-coche-en-unos-test-y-lo-disfruto","status":"publish","type":"post","link":"https:\/\/www.europesays.com\/es\/318727\/","title":{"rendered":"Prob\u00f3 mi coche en unos test y lo disfrut\u00f3"},"content":{"rendered":"<p class=\"c-paragraph\"><b><a href=\"https:\/\/www.20minutos.es\/tags\/deportes\/carlos-sainz.html\" title=\"Carlos Sainz\" rel=\"nofollow noopener\" target=\"_blank\">Carlos Sainz<\/a> se prepara para una nueva edici\u00f3n del Rally Dakar<\/b>, en el que espera lograr su quinta victoria. Durante una reciente entrevista con Europa Press, el piloto madrile\u00f1o asegur\u00f3 que<b> su hijo, que compite con Williams en <a href=\"https:\/\/www.20minutos.es\/tags\/deportes\/formula-1.html\" title=\"F\u00f3rmula 1\" rel=\"nofollow noopener\" target=\"_blank\">F\u00f3rmula 1<\/a>, podr\u00eda en un futuro pasarse al raid<\/b>.\u00a0<\/p>\n<p class=\"c-paragraph\">Fuera del mundo de los rallys, al nuevo a\u00f1o, al que le pide \u00absalud\u00bb, viene marcado por la celebraci\u00f3n del Gran Premio de Espa\u00f1a de F\u00f3rmula 1 en septiembre. Un evento que \u00abcomo madrile\u00f1o\u00bb <b>espera que sea un \u00ab\u00e9xito para Espa\u00f1a y Madrid\u00bb<\/b>. \u00abEstoy convencido de que Madrid re\u00fane todas las cualidades y se caracteriza por acoger con los brazos abiertos a todo el mundo\u00bb, advirti\u00f3.<\/p>\n<p class=\"c-paragraph\">\u00abMadrid tiene todo lo que hace falta por el sitio, d\u00f3nde est\u00e1 ubicado en circuito entre el aeropuerto y la ciudad, que <b>es tremendamente c\u00f3modo para los equipos<\/b>. Lo que falta es que a nivel deportivo sea tambi\u00e9n un \u00e9xito y que a los pilotos les guste el circuito, que es lo m\u00e1s importante\u00bb, dese\u00f3.<\/p>\n<p class=\"c-paragraph\">Finalmente, tuvo palabras de reconocimiento a su hijo Carlos Sainz, que esta temporada ha conseguido junto con su compa\u00f1ero Alex Albon subir al equipo Williams Racing \u00abdel pen\u00faltimo al quinto equipo\u00bb de la parrilla. <b>\u00abSu temporada ha estado claramente marcada por dos partes. Una primera complicada, dif\u00edcil, donde llega un equipo que tiene que conocer, donde va r\u00e1pido desde el principio pero los resultados se le resisten\u00bb<\/b>, analiz\u00f3.<\/p>\n<p class=\"c-paragraph\">\u00abY una segunda donde sorprende enormemente esos tres podios. Me quedo con esa tercera plaza bajo la lluvia en la clasificaci\u00f3n del Gran Premio de Las Vegas (Estados Unidos). Ha hecho un final de temporada bastante bueno\u00bb, agreg\u00f3 de su hijo, que<b> \u00abno descarta dentro de muchos a\u00f1os\u00bb correr un Rally Dakar. \u00abLe gusta, se preocupa. Tuvo la ocasi\u00f3n de probar mi coche en unos test que hicimos en Zaragoza y la verdad es que disfrut\u00f3<\/b>. Se lo pas\u00f3 bien, pero ahora est\u00e1 muy centrado en la F\u00f3rmula 1&#8243;, sentenci\u00f3.<\/p>\n","protected":false},"excerpt":{"rendered":"Carlos Sainz se prepara para una nueva edici\u00f3n del Rally Dakar, en el que espera lograr su quinta&hellip;\n","protected":false},"author":2,"featured_media":318728,"comment_status":"","ping_status":"","sticky":false,"template":"","format":"standard","meta":{"footnotes":""},"categories":[93],"tags":[2171,74352,168,25,24,306,70915,23,167],"class_list":{"0":"post-318727","1":"post","2":"type-post","3":"status-publish","4":"format-standard","5":"has-post-thumbnail","7":"category-deportes","8":"tag-carlos-sainz-jr","9":"tag-carlos-sainz-sr","10":"tag-deportes","11":"tag-es","12":"tag-espana","13":"tag-f1","14":"tag-rally-dakar","15":"tag-spain","16":"tag-sports"},"share_on_mastodon":{"url":"https:\/\/pubeurope.com\/@es\/115824407773943205","error":""},"_links":{"self":[{"href":"https:\/\/www.europesays.com\/es\/wp-json\/wp\/v2\/posts\/318727","targetHints":{"allow":["GET"]}}],"collection":[{"href":"https:\/\/www.europesays.com\/es\/wp-json\/wp\/v2\/posts"}],"about":[{"href":"https:\/\/www.europesays.com\/es\/wp-json\/wp\/v2\/types\/post"}],"author":[{"embeddable":true,"href":"https:\/\/www.europesays.com\/es\/wp-json\/wp\/v2\/users\/2"}],"replies":[{"embeddable":true,"href":"https:\/\/www.europesays.com\/es\/wp-json\/wp\/v2\/comments?post=318727"}],"version-history":[{"count":0,"href":"https:\/\/www.europesays.com\/es\/wp-json\/wp\/v2\/posts\/318727\/revisions"}],"wp:featuredmedia":[{"embeddable":true,"href":"https:\/\/www.europesays.com\/es\/wp-json\/wp\/v2\/media\/318728"}],"wp:attachment":[{"href":"https:\/\/www.europesays.com\/es\/wp-json\/wp\/v2\/media?parent=318727"}],"wp:term":[{"taxonomy":"category","embeddable":true,"href":"https:\/\/www.europesays.com\/es\/wp-json\/wp\/v2\/categories?post=318727"},{"taxonomy":"post_tag","embeddable":true,"href":"https:\/\/www.europesays.com\/es\/wp-json\/wp\/v2\/tags?post=318727"}],"curies":[{"name":"wp","href":"https:\/\/api.w.org\/{rel}","templated":true}]}}