{"id":318742,"date":"2026-01-02T08:00:09","date_gmt":"2026-01-02T08:00:09","guid":{"rendered":"https:\/\/www.europesays.com\/es\/318742\/"},"modified":"2026-01-02T08:00:09","modified_gmt":"2026-01-02T08:00:09","slug":"carlos-alcaraz-la-copa-carlos-alcaraz-en-murcia-cae-en-el-olvido","status":"publish","type":"post","link":"https:\/\/www.europesays.com\/es\/318742\/","title":{"rendered":"Carlos Alcaraz | La Copa Carlos Alcaraz en Murcia cae en el olvido"},"content":{"rendered":"<p class=\"ft-text\">En la primavera de 2023, en plena campa\u00f1a para las \u00faltimas <a class=\"ft-link ft-link--decoration\" href=\"https:\/\/elecciones.laopiniondemurcia.es\/resultados-elecciones\/autonomicas\/region-de-murcia\/\" rel=\"nofollow noopener\" target=\"_blank\">elecciones auton\u00f3micas<\/a> celebradas en la Regi\u00f3n, el <strong>presidente, <\/strong><a class=\"ft-link ft-link--decoration\" href=\"https:\/\/www.laopiniondemurcia.es\/tags\/fernando-lopez-miras\/\" rel=\"nofollow noopener\" target=\"_blank\"><strong>Fernando L\u00f3pez Miras<\/strong><\/a><strong>, en una rueda de prensa donde estuvo acompa\u00f1ado por <\/strong><a class=\"ft-link ft-link--decoration\" href=\"https:\/\/www.laopiniondemurcia.es\/tags\/carlos-alcaraz\/\" rel=\"nofollow noopener\" target=\"_blank\"><strong>Carlos Alcaraz<\/strong><\/a><strong>, anunci\u00f3 que la Comunidad Aut\u00f3noma creaba la Copa Carlos Alcaraz<\/strong>, un partido de exhibici\u00f3n que se celebr\u00f3 en diciembre de ese mismo a\u00f1o en el Palacio de los Deportes de Murcia. <a class=\"ft-link ft-link--decoration\" href=\"https:\/\/www.laopiniondemurcia.es\/deportes\/2023\/12\/28\/carlos-alcaraz-campeon-copa-alcaraz-96347425.html\" target=\"_blank\" rel=\"nofollow noopener\">El anuncio levant\u00f3 polvareda y le cost\u00f3 un tir\u00f3n de orejas de la Junta Electoral a Miras por realizarse en campa\u00f1a electoral. En esa rueda de prensa, celebrada en la Real Sociedad Club<\/a> de Campo, <strong>se inform\u00f3 que se creaba el evento con el prop\u00f3sito de celebrarlo todas las navidades para que el p\u00fablico de Murcia tuviera la oportunidad de ver en acci\u00f3n al \u00eddolo de la tierra.<\/strong><\/p>\n<p><img decoding=\"async\" src=\"https:\/\/www.europesays.com\/es\/wp-content\/uploads\/2026\/01\/479c2a44-7649-45d4-ad63-37434b99e17f_alta-libre-aspect-ratio_default_0.jpg\" width=\"1200\" height=\"800\" alt=\"Carlos Alcaraz, en la Copa Carlos Alcaraz celebrada en el Palacio de los Deportes de Murcia en 2023\" class=\"ft-helper-img-rd\" loading=\"lazy\"\/><\/p>\n<p class=\"ft-helper-fontColor-quaternary ft-helper-fontSize-body-S ft-helper-spacer-t-xxs\">Carlos Alcaraz, en la Copa Carlos Alcaraz celebrada en el Palacio de los Deportes de Murcia en 2023  \/ FRANCISCO PENARANDA<\/p>\n<p class=\"ft-text\">A finales de diciembre de 2023, el d\u00eda 28, <strong>m\u00e1s de siete mil personas se congregaron en el Palacio para ver el encuentro que disput\u00f3 contra Roberto Bautista<\/strong>. Fue el plato fuerte de una jornada que cost\u00f3 270.000 euros a las arcas de la Comunidad Aut\u00f3noma, otro dato que levant\u00f3 tambi\u00e9n pol\u00e9mica.<\/p>\n<p class=\"ft-text\"><strong>Ese prop\u00f3sito de que se celebrara anualmente la Copa Carlos Alcaraz ha ca\u00eddo en el olvido y est\u00e1, de momento, en el ba\u00fal de los recuerdos<\/strong>. En 2024 ni se plante\u00f3, como tampoco en 2025. Sin embargo, el tenista s\u00ed que ha participado en encuentros de exhibici\u00f3n durante estas dos \u00faltimas temporadas en diferentes puntos del mundo, un hecho que tambi\u00e9n le ha costado alguna que otra cr\u00edtica porque el jugador se ha quejado en varias ocasiones de las exigencias del <a class=\"ft-link ft-link--decoration\" href=\"https:\/\/www.sport.es\/es\/motor\/moto-gp\/calendario\/\" target=\"_blank\" rel=\"nofollow noopener\">calendario<\/a> ten\u00edstico.<\/p>\n<p class=\"ft-text\"><strong>Si en el futuro se volver\u00e1 a llevar a cabo la Copa Carlos Alcaraz es una inc\u00f3gnita de momento<\/strong>, pero tanto la Comunidad Aut\u00f3noma como el entorno del tenista n\u00famero uno del mundo no han vuelta a hacer ni una sola referencia al evento.<\/p>\n","protected":false},"excerpt":{"rendered":"En la primavera de 2023, en plena campa\u00f1a para las \u00faltimas elecciones auton\u00f3micas celebradas en la Regi\u00f3n, el&hellip;\n","protected":false},"author":2,"featured_media":318743,"comment_status":"","ping_status":"","sticky":false,"template":"","format":"standard","meta":{"footnotes":""},"categories":[274],"tags":[4736,10722,415,545,74354,2493,168,25,24,1478,25902,6273,23,167,327,326],"class_list":{"0":"post-318742","1":"post","2":"type-post","3":"status-publish","4":"format-standard","5":"has-post-thumbnail","7":"category-tenis","8":"tag-alcaraz","9":"tag-cae","10":"tag-carlos","11":"tag-carlos-alcaraz","12":"tag-comunidad-autonoma","13":"tag-copa","14":"tag-deportes","15":"tag-es","16":"tag-espana","17":"tag-murcia","18":"tag-palacio-de-los-deportes","19":"tag-rueda-de-prensa","20":"tag-spain","21":"tag-sports","22":"tag-tenis","23":"tag-tennis"},"share_on_mastodon":{"url":"https:\/\/pubeurope.com\/@es\/115824454700577730","error":""},"_links":{"self":[{"href":"https:\/\/www.europesays.com\/es\/wp-json\/wp\/v2\/posts\/318742","targetHints":{"allow":["GET"]}}],"collection":[{"href":"https:\/\/www.europesays.com\/es\/wp-json\/wp\/v2\/posts"}],"about":[{"href":"https:\/\/www.europesays.com\/es\/wp-json\/wp\/v2\/types\/post"}],"author":[{"embeddable":true,"href":"https:\/\/www.europesays.com\/es\/wp-json\/wp\/v2\/users\/2"}],"replies":[{"embeddable":true,"href":"https:\/\/www.europesays.com\/es\/wp-json\/wp\/v2\/comments?post=318742"}],"version-history":[{"count":0,"href":"https:\/\/www.europesays.com\/es\/wp-json\/wp\/v2\/posts\/318742\/revisions"}],"wp:featuredmedia":[{"embeddable":true,"href":"https:\/\/www.europesays.com\/es\/wp-json\/wp\/v2\/media\/318743"}],"wp:attachment":[{"href":"https:\/\/www.europesays.com\/es\/wp-json\/wp\/v2\/media?parent=318742"}],"wp:term":[{"taxonomy":"category","embeddable":true,"href":"https:\/\/www.europesays.com\/es\/wp-json\/wp\/v2\/categories?post=318742"},{"taxonomy":"post_tag","embeddable":true,"href":"https:\/\/www.europesays.com\/es\/wp-json\/wp\/v2\/tags?post=318742"}],"curies":[{"name":"wp","href":"https:\/\/api.w.org\/{rel}","templated":true}]}}