{"id":318750,"date":"2026-01-02T08:06:13","date_gmt":"2026-01-02T08:06:13","guid":{"rendered":"https:\/\/www.europesays.com\/es\/318750\/"},"modified":"2026-01-02T08:06:13","modified_gmt":"2026-01-02T08:06:13","slug":"la-foto-del-ano-2001-se-repite-25-anos-despues","status":"publish","type":"post","link":"https:\/\/www.europesays.com\/es\/318750\/","title":{"rendered":"la foto del a\u00f1o 2001 se repite 25 a\u00f1os despu\u00e9s"},"content":{"rendered":"<p>            Sabi\u00f1\u00e1n viaja al pasado: la foto del a\u00f1o 2001 se repite 25 a\u00f1os despu\u00e9s                <\/p>\n<p>Sabi\u00f1\u00e1n viaja al pasado: la foto del a\u00f1o 2001 se repite 25 a\u00f1os despu\u00e9s<\/p>\n<p class=\"epigraph\">La Asociaci\u00f3n Cultural Sabinius Sabinianus vuelve a reunir al pueblo en la misma instant\u00e1nea, el mismo lugar y la misma hora que en el cambio de milenio, con vecinos de 0 a 90 a\u00f1os y una promesa para el futuro.<\/p>\n<p class=\"paragraph\">Quiz\u00e1 muchos todav\u00eda recuerden c\u00f3mo el 1 de enero de 2001 parec\u00eda que el mundo iba a llegar a su final. Afortunadamente no fue as\u00ed. Sin embargo,<b> en Sabi\u00f1\u00e1n (Zaragoza), por si acaso, decidieron juntarse todos y hacerse una fotograf\u00eda grupal.<\/b> Lo que jam\u00e1s imaginaron es que este hito iba a convertirse en motivo de celebraci\u00f3n 25 a\u00f1os despu\u00e9s. La escena se ha repetido este inicio de 2026<b>. El 1 de enero, A\u00f1o Nuevo, en el mismo lugar \u2014las escalerillas del municipio aragon\u00e9s\u2014, a la misma hora que por aquel entonces y bajo la misma excusa: posar juntos ante la c\u00e1mara.<\/b><\/p>\n<p>            Conforme a los criterios de<br \/>\n            <a class=\"trustproject_img\" id=\"trustproject_img\" href=\"https:\/\/thetrustproject.org\/\" target=\"_blank\" rel=\"nofollow noopener\" aria-label=\"Trust Project\"><img decoding=\"async\" loading=\"lazy\" src=\"https:\/\/www.heraldo.es\/images\/Trust-Logo-Horizontal.svg\" alt=\"Logo Trust Project\" width=\"200\" height=\"34\"\/><\/a><\/p>\n<p>                <img decoding=\"async\" loading=\"lazy\" src=\"https:\/\/www.europesays.com\/es\/wp-content\/uploads\/2026\/01\/camino-ivars.jpeg\" class=\"author-image\" width=\"120\" height=\"120\" alt=\"Camino Ivars\"\/><\/p>\n<p>        <a href=\"https:\/\/www.henneo.com\/\" title=\"Grupo Henneo\" class=\"logo\" rel=\"nofollow noopener\" target=\"_blank\"><br \/>\n            <img decoding=\"async\" src=\"https:\/\/www.heraldo.es\/images\/logo_henneo_gris.svg\" alt=\"Logo Henneo\" width=\"559\" height=\"389\" loading=\"lazy\"\/><br \/>\n        <\/a><\/p>\n<p>\u00a9 HERALDO DE ARAGON EDITORA, S.L.U.<br \/>Tel\u00e9fono 976 765 000 \/ &#8211; P\u00ba. Independencia, 29, 50001 Zaragoza &#8211; CIF: B99288763 &#8211; Inscrita en el Registro Mercantil de Zaragoza al Tomo 3796, Libro 0, Folio 177, Secci\u00f3n 8, Hoja Z-50564<br \/>Queda prohibida toda reproducci\u00f3n sin permiso escrito de la empresa a los efectos del art\u00edculo 32.1, p\u00e1rrafo segundo, de la Ley de Propiedad Intelectual<\/p>\n<p>\n                P\u00ba Independencia, 29, 50001 Zaragoza<br \/> Tel\u00e9fono 976 765 000\n            <\/p>\n<p>                    Actualmente tu navegador no permite ejecutar JavaScript. Para poder disfrutar de nuestro contenido es necesario que lo permita.<br \/>\n                                        <img decoding=\"async\" loading=\"lazy\" alt=\"Heraldo logo\" src=\"https:\/\/dkumiip2e9ary.cloudfront.net\/xalok\/heraldo\/especiales\/hola-de-nuevo\/logo-heraldo.svg\" width=\"215\" height=\"43\"\/><\/p>\n","protected":false},"excerpt":{"rendered":"Sabi\u00f1\u00e1n viaja al pasado: la foto del a\u00f1o 2001 se repite 25 a\u00f1os despu\u00e9s Sabi\u00f1\u00e1n viaja al pasado:&hellip;\n","protected":false},"author":2,"featured_media":318751,"comment_status":"","ping_status":"","sticky":false,"template":"","format":"standard","meta":{"footnotes":""},"categories":[173],"tags":[988,229,233,231,230,232,234,146,147,25,24,5101,42844,6610,74355,23],"class_list":{"0":"post-318750","1":"post","2":"type-post","3":"status-publish","4":"format-standard","5":"has-post-thumbnail","7":"category-arte-y-diseno","8":"tag-anos","9":"tag-arte","10":"tag-arte-y-diseno","11":"tag-arts","12":"tag-arts-and-design","13":"tag-design","14":"tag-diseno","15":"tag-entertainment","16":"tag-entretenimiento","17":"tag-es","18":"tag-espana","19":"tag-pasado","20":"tag-reencuentra","21":"tag-repite","22":"tag-sabinan","23":"tag-spain"},"share_on_mastodon":{"url":"https:\/\/pubeurope.com\/@es\/115824478400649845","error":""},"_links":{"self":[{"href":"https:\/\/www.europesays.com\/es\/wp-json\/wp\/v2\/posts\/318750","targetHints":{"allow":["GET"]}}],"collection":[{"href":"https:\/\/www.europesays.com\/es\/wp-json\/wp\/v2\/posts"}],"about":[{"href":"https:\/\/www.europesays.com\/es\/wp-json\/wp\/v2\/types\/post"}],"author":[{"embeddable":true,"href":"https:\/\/www.europesays.com\/es\/wp-json\/wp\/v2\/users\/2"}],"replies":[{"embeddable":true,"href":"https:\/\/www.europesays.com\/es\/wp-json\/wp\/v2\/comments?post=318750"}],"version-history":[{"count":0,"href":"https:\/\/www.europesays.com\/es\/wp-json\/wp\/v2\/posts\/318750\/revisions"}],"wp:featuredmedia":[{"embeddable":true,"href":"https:\/\/www.europesays.com\/es\/wp-json\/wp\/v2\/media\/318751"}],"wp:attachment":[{"href":"https:\/\/www.europesays.com\/es\/wp-json\/wp\/v2\/media?parent=318750"}],"wp:term":[{"taxonomy":"category","embeddable":true,"href":"https:\/\/www.europesays.com\/es\/wp-json\/wp\/v2\/categories?post=318750"},{"taxonomy":"post_tag","embeddable":true,"href":"https:\/\/www.europesays.com\/es\/wp-json\/wp\/v2\/tags?post=318750"}],"curies":[{"name":"wp","href":"https:\/\/api.w.org\/{rel}","templated":true}]}}