{"id":318752,"date":"2026-01-02T08:08:10","date_gmt":"2026-01-02T08:08:10","guid":{"rendered":"https:\/\/www.europesays.com\/es\/318752\/"},"modified":"2026-01-02T08:08:10","modified_gmt":"2026-01-02T08:08:10","slug":"audiencias-campanadas-2025-2026-la-1-de-rtve-afianza-su-liderazgo-en-las-campanadas-2025","status":"publish","type":"post","link":"https:\/\/www.europesays.com\/es\/318752\/","title":{"rendered":"Audiencias Campanadas 2025 &#8211; 2026: La 1 de RTVE afianza su liderazgo en las Campanadas 2025"},"content":{"rendered":"<p class=\"article-text\">\n        <strong>La 1 de RTVE<\/strong> lidera las Campanadas 2025-2026. La cadena p\u00fablica, que llevaba tres a\u00f1os seguidos sin ganar tan se\u00f1alada cita hasta que volvi\u00f3 a hacerlo en 2024 con David Broncano y Lalachus, revalida su corona de la mano de <strong>Chenoa<\/strong> y <strong>Estopa<\/strong>. Su <a href=\"https:\/\/www.eldiario.es\/vertele\/noticias\/campanadas-2025-2026-pedroche-vestido-antena-3-lasexta-reciclado-chenoa-estopa-dando-nota-rtve-videos-nochevieja-uvas-tv_1_12879315.html\" target=\"_blank\" data-mrf-recirculation=\"links-noticia\" class=\"link\" rel=\"nofollow noopener\">retransmisi\u00f3n desde la Puerta del Sol<\/a>, que inicialmente iba a estar conducida por Andreu Buenafuente y Silvia Abril, promedia un <strong>34% de cuota<\/strong> <strong>y<\/strong> <strong>4.993.000 espectadores<\/strong> en su emisi\u00f3n completa. Adem\u00e1s, el minuto de las uvas marca un <strong>36.3% y 5.823.000<\/strong>. En la comparativa con el a\u00f1o pasado, estos datos suponen una subida de <strong>2.8<\/strong> <strong>puntos y 193.000 televidentes<\/strong> en el global de la emisi\u00f3n, y de <strong>3.2 y 181.000<\/strong> en el minuto clave.\n    <\/p>\n<p>    <a href=\"https:\/\/www.eldiario.es\/vertele\/noticias\/cachitos-nochevieja-dio-rotulos-rtve-feijoo-sanchez-bertin-luto-ana-rosa-auge-intxaurrondo_1_12879837.html\" data-mrf-recirculation=\"saber-mas\" data-dl-event=\"saber-mas\" rel=\"nofollow noopener\" target=\"_blank\"><\/p>\n<p class=\"know-more__title\">El &#8216;Cachitos&#8217; de Nochevieja dio r\u00f3tulos en RTVE a Feij\u00f3o, S\u00e1nchez, Bert\u00edn y el \u00abluto\u00bb de Ana Rosa por el auge de Intxaurrondo<\/p>\n<p>            <img decoding=\"async\" class=\"lazy\" loading=\"lazy\" data-src=\"https:\/\/static.eldiario.es\/clip\/ac0fe067-b30f-4672-b4b8-1028f67e71c2_16-9-aspect-ratio_default_0.jpg\" src=\"data:image\/svg+xml,%3Csvg xmlns=\" http:=\"\" viewbox=\"0 0 880 495\" alt=\"El 'Cachitos' de Nochevieja dio r\u00f3tulos en RTVE a Feij\u00f3o, S\u00e1nchez, Bert\u00edn y el &quot;luto&quot; de Ana Rosa por el auge de Intxaurrondo\"\/><\/p>\n<p>                        <\/a><\/p>\n<p class=\"article-text\">\n        La 1 refuerza as\u00ed su triunfo sobre <strong>Antena 3<\/strong> y la pareja formada por <strong>Cristina Pedroche<\/strong> y <strong>Alberto Chicote<\/strong>, que vuelve a ocupar la segunda posici\u00f3n. La &#8216;zapeadora&#8217; y el chef obtienen un <strong>22.8% de y 3.273.000 fieles <\/strong>en el c\u00f3mputo general, y<strong> 24.1% y 3.871.000<\/strong> en el minuto de las uvas. Respecto a 2024, estas cifras representan un descenso de <strong>5.3 puntos y 1.072.000 espectadores<\/strong> en la emisi\u00f3n en s\u00ed, y de <strong>7.5 puntos y 1.679.000<\/strong> en el momento m\u00e1s esperado.\n    <\/p>\n<p class=\"article-text\">\n        Eso s\u00ed, hay que tener en cuenta que<strong> Atresmedia<\/strong> emiti\u00f3 por primera vez sus Campanadas en simulcast con <strong>laSexta<\/strong>. Si contamos los datos de la cadena &#8216;verde&#8217;, las cifras totales de la emisi\u00f3n (28.7% y 4.126.000) y las uvas (30.6% y 4.916.000) suben considerablemente. De hecho, la retransmisi\u00f3n completa sube seis d\u00e9cimas respecto a 2024, pero es llamativo que baje en espectadores (cede 219.000) y en el minuto clave (baja 634.000) pese a haberse emitido en un canal m\u00e1s que entonces. Por tanto, el simulcast perjudica a Antena 3 y beneficia a laSexta, que duplica sus n\u00fameros en el global y casi los triplica en las uvas, donde pasa de los 394.000 adeptos de 2024 a superar el mill\u00f3n en 2025. As\u00ed pues, hay n\u00fameros indican que <a href=\"https:\/\/www.eldiario.es\/vertele\/noticias\/vestido-cristina-pedroche-campanadas-2025-2026-antena-3-lasexta-atresmedia-homenaje-12-nocheviejas-mensaje-cancer_1_12878895.html\" target=\"_blank\" data-mrf-recirculation=\"links-noticia\" class=\"link\" rel=\"nofollow noopener\">ver el vestido de Pedroche<\/a> sigue generando un fuerte inter\u00e9s entre el p\u00fablico, aunque sea inferior al de otros a\u00f1os.\n    <\/p>\n<p class=\"article-text\">\n        <strong>Telecinco<\/strong>, por su parte, vuelve a ser el gran derrotado de las Campanadas, pues su especial con <strong>Sandra Barneda y Xuso Jones<\/strong> desde la estaci\u00f3n de esqu\u00ed de <strong>Formigal<\/strong> apenas congrega un <strong>3.6% y 505.000 televidentes<\/strong>. El dato del minuto de las uvas es incluso m\u00e1s d\u00e9bil: un escaso <strong>3% y 481.000<\/strong>. De hecho, el canal de Mediaset pierde frente a laSexta y La 2, e incluso frente a TV3 en el minuto de las Campanadas.\n    <\/p>\n<p class=\"article-text\">\n        <strong>Audiencias Campanadas 2025-2026:<\/strong>\n    <\/p>\n<ul>\n<li><strong>La 1 <\/strong>(de 23:38 a 0:10 h.): <strong>34% y 4.993.000<\/strong><\/li>\n<li><strong>Antena 3<\/strong> (de 23:34 a 0:05 h.): <strong>22.8% y 3.273.000<\/strong><\/li>\n<li><strong>laSexta<\/strong> (de 23:34 a 0:05 h.): <strong>5.9% y 853.000<\/strong><\/li>\n<li><strong>La 2 <\/strong>(de 23:38 a 0:10 h.): <strong>5.1% y 752.000<\/strong><\/li>\n<li><strong>Telecinco<\/strong> (de 23:28 a 0:11 h.): <strong>3.6% y 505.000<\/strong><\/li>\n<li><strong>Cuatro <\/strong>(de 23:28 a 0:11 h.): <strong>1.5% y 208.000<\/strong><\/li>\n<\/ul>\n<p class=\"article-text\">\n        <strong>Audiencias del minuto de las uvas (de 0:00 a 0:01 h.):<\/strong>\n    <\/p>\n<ul>\n<li><strong>La 1<\/strong>: 36.3% y 5.823.000<\/li>\n<li><strong>Antena 3<\/strong>: 24.1% y 3.871.000<\/li>\n<li><strong>TV3<\/strong>: 40.5% y 1.066.000<\/li>\n<li><strong>laSexta<\/strong>: 6.5% y 1.045.000<\/li>\n<li><strong>La 2<\/strong>: 5.5% y 883.000<\/li>\n<li><strong>Telecinco<\/strong>: 3% y 481.000<\/li>\n<\/ul>\n<p class=\"article-text\">\n        <strong>Audiencias de las Campanadas 2020-2025:<\/strong>\n    <\/p>\n<p class=\"article-tvchannel\">\n\t\t<img loading=\"lazy\" decoding=\"async\" src=\"https:\/\/www.europesays.com\/es\/wp-content\/uploads\/2025\/08\/a015d9e5-5eb5-44d9-b8ee-355e0a29727b_source-aspect-ratio_default_0.jpg\" alt=\"La 1\" height=\"28\" width=\"130\"\/>\n\t<\/p>\n<ul>\n<li>2020 (Ana Obreg\u00f3n y Anne Igartiburu): 29.3% y 6.107.000 (l\u00edder)<\/li>\n<li>2021 (Anne Igartiburu y Jacob Petrus): 22.4% y 4.185.000<\/li>\n<li>2022 (Ana Obreg\u00f3n y Los Morancos) 23.6% y 3.723.000<\/li>\n<li>2023 (Ram\u00f3n Garc\u00eda, Ana Mena y Jenni Hermoso): 26.1% y 3.890.000<\/li>\n<li>2024 (David Broncano y Lalachus): 31.2% y 4.800.000 (l\u00edder)<\/li>\n<li>2025 (Chenoa y Estopa): 34% y 4.993.000 (l\u00edder)<\/li>\n<\/ul>\n<p class=\"article-tvchannel\">\n\t\t<img loading=\"lazy\" decoding=\"async\" src=\"https:\/\/www.europesays.com\/es\/wp-content\/uploads\/2025\/08\/antena-3-2025-300x70-2.png\" alt=\"Antena 3\" height=\"28\" width=\"130\"\/>\n\t<\/p>\n<ul>\n<li>2020 (Cristina Pedroche y Alberto Chicote): 26.6% y 5.505.000<\/li>\n<li>2021 (Cristina Pedroche y Alberto Chicote): 33.7% y 6.308.000 (l\u00edder)<\/li>\n<li>2022 (Cristina Pedroche y Alberto Chicote): 33.5% y 5.235.000 (l\u00edder)<\/li>\n<li>2023 (Cristina Pedroche y Alberto Chicote): 29% y 4.309.000 (l\u00edder)<\/li>\n<li>2024 (Cristina Pedroche y Alberto Chicote): 28.1% y 4.345.000<\/li>\n<li>2025 (Cristina Pedroche y Alberto Chicote): 22.8% y 3.273.000<\/li>\n<\/ul>\n<p class=\"article-tvchannel\">\n\t\t<img loading=\"lazy\" decoding=\"async\" src=\"https:\/\/www.europesays.com\/es\/wp-content\/uploads\/2025\/08\/telecinco-larga-2024.png\" alt=\"Telecinco\" height=\"28\" width=\"130\"\/>\n\t<\/p>\n<ul>\n<li>2020 (Sandra Barneda y Christian G\u00e1lvez): 7% y 1.464.000<\/li>\n<li>2021 (Joaqu\u00edn Prat y Paz Padilla): 7.7% y 1.421.000<\/li>\n<li>2022 (Risto Mejide y Maril\u00f3 Montero): 6.5% y 1.008.000<\/li>\n<li>2023 (Marta Flich y Jes\u00fas Calleja): 8% y 1.185.000<\/li>\n<li>2024 (Ion Aramendi y Blanca Romero): 4.8% y 753.000<\/li>\n<li>2025 (Sandra Barneda y Xuso Jones): 3.6% y 505.000<\/li>\n<\/ul>\n<p class=\"article-text\">\n        <strong>Audiencias del minuto de las uvas 2020-2025:<\/strong>\n    <\/p>\n<p>    <a href=\"https:\/\/www.eldiario.es\/vertele\/noticias\/campanadas-2025-2026-pedroche-vestido-antena-3-lasexta-reciclado-chenoa-estopa-dando-nota-rtve-videos-nochevieja-uvas-tv_1_12879315.html\" data-mrf-recirculation=\"saber-mas-abajo\" data-dl-event=\"saber-mas-abajo\" rel=\"nofollow noopener\" target=\"_blank\"><\/p>\n<p class=\"know-more__title\">As\u00ed fueron las Campanadas 2025 &#8211; 2026, con Pedroche de vestido &#8216;reciclado&#8217; y Chenoa y Estopa &#8216;dando la nota&#8217; en RTVE\n<\/p>\n<p>            <img decoding=\"async\" class=\"lazy\" loading=\"lazy\" data-src=\"https:\/\/static.eldiario.es\/clip\/a59c8170-c56e-44c1-97d7-0c95cf1c8b48_16-9-aspect-ratio_default_0.jpg\" src=\"data:image\/svg+xml,%3Csvg xmlns=\" http:=\"\" viewbox=\"0 0 880 495\" alt=\"As\u00ed fueron las Campanadas 2025 - 2026, con Pedroche de vestido 'reciclado' y Chenoa y Estopa 'dando la nota' en RTVE\"\/><\/p>\n<p>                        <\/a><\/p>\n<p class=\"article-tvchannel\">\n\t\t<img loading=\"lazy\" decoding=\"async\" src=\"https:\/\/www.europesays.com\/es\/wp-content\/uploads\/2025\/08\/a015d9e5-5eb5-44d9-b8ee-355e0a29727b_source-aspect-ratio_default_0.jpg\" alt=\"La 1\" height=\"28\" width=\"130\"\/>\n\t<\/p>\n<ul>\n<li>2020: 33% y 7.365.000 (l\u00edder)<\/li>\n<li>2021: 23.9% y 4.758.000<\/li>\n<li>2022: 26.1% y 4.469.000<\/li>\n<li>2023: 27% y 4.396.000<\/li>\n<li>2024: 33.1% y 5.642.000 (l\u00edder)<\/li>\n<li>2025: 36.3% y 5.823.000 (l\u00edder)<\/li>\n<\/ul>\n<p class=\"article-tvchannel\">\n\t\t<img loading=\"lazy\" decoding=\"async\" src=\"https:\/\/www.europesays.com\/es\/wp-content\/uploads\/2025\/08\/antena-3-2025-300x70-2.png\" alt=\"Antena 3\" height=\"28\" width=\"130\"\/>\n\t<\/p>\n<ul>\n<li>2020: 27.5% y 6.123.000<\/li>\n<li>2021: 37.9% y 7.534.000 (l\u00edder)<\/li>\n<li>2022: 39% y 6.666.000 (l\u00edder)<\/li>\n<li>2023: 34.4% y 5.608.000 (l\u00edder)<\/li>\n<li>2024: 32.6% y 5.550.000<\/li>\n<li>2025: 24.1% y 3.871.000<\/li>\n<\/ul>\n<p class=\"article-tvchannel\">\n\t\t<img loading=\"lazy\" decoding=\"async\" src=\"https:\/\/www.europesays.com\/es\/wp-content\/uploads\/2025\/08\/telecinco-larga-2024.png\" alt=\"Telecinco\" height=\"28\" width=\"130\"\/>\n\t<\/p>\n<ul>\n<li>2020: 6.5% y 1.445.000<\/li>\n<li>2021: 5.9% y 1.171.000<\/li>\n<li>2022: 4.7% y 799.000<\/li>\n<li>2023: 6.9% y 1.118.000<\/li>\n<li>2024: 3.5% y 600.000<\/li>\n<li>2025: 3% y 481.000<\/li>\n<\/ul>\n<p class=\"article-text\">\n        *Noticia en elaboraci\u00f3n\n    <\/p>\n","protected":false},"excerpt":{"rendered":"La 1 de RTVE lidera las Campanadas 2025-2026. La cadena p\u00fablica, que llevaba tres a\u00f1os seguidos sin ganar&hellip;\n","protected":false},"author":2,"featured_media":318753,"comment_status":"","ping_status":"","sticky":false,"template":"","format":"standard","meta":{"footnotes":""},"categories":[171],"tags":[45,3076,15561,2509,48603,17945,7537,3427,146,147,25,24,7670,8776,6870,15562,5199,32459,518,23,214],"class_list":{"0":"post-318752","1":"post","2":"type-post","3":"status-publish","4":"format-standard","5":"has-post-thumbnail","7":"category-tv","8":"tag-45","9":"tag-3076","10":"tag-afianza","11":"tag-audiencias","12":"tag-campanadas","13":"tag-chenoa","14":"tag-doble","15":"tag-efecto","16":"tag-entertainment","17":"tag-entretenimiento","18":"tag-es","19":"tag-espana","20":"tag-estopa","21":"tag-ganan","22":"tag-la-1","23":"tag-liderazgo","24":"tag-nochevieja","25":"tag-pedroche","26":"tag-rtve","27":"tag-spain","28":"tag-tv"},"share_on_mastodon":{"url":"https:\/\/pubeurope.com\/@es\/115824486260601762","error":""},"_links":{"self":[{"href":"https:\/\/www.europesays.com\/es\/wp-json\/wp\/v2\/posts\/318752","targetHints":{"allow":["GET"]}}],"collection":[{"href":"https:\/\/www.europesays.com\/es\/wp-json\/wp\/v2\/posts"}],"about":[{"href":"https:\/\/www.europesays.com\/es\/wp-json\/wp\/v2\/types\/post"}],"author":[{"embeddable":true,"href":"https:\/\/www.europesays.com\/es\/wp-json\/wp\/v2\/users\/2"}],"replies":[{"embeddable":true,"href":"https:\/\/www.europesays.com\/es\/wp-json\/wp\/v2\/comments?post=318752"}],"version-history":[{"count":0,"href":"https:\/\/www.europesays.com\/es\/wp-json\/wp\/v2\/posts\/318752\/revisions"}],"wp:featuredmedia":[{"embeddable":true,"href":"https:\/\/www.europesays.com\/es\/wp-json\/wp\/v2\/media\/318753"}],"wp:attachment":[{"href":"https:\/\/www.europesays.com\/es\/wp-json\/wp\/v2\/media?parent=318752"}],"wp:term":[{"taxonomy":"category","embeddable":true,"href":"https:\/\/www.europesays.com\/es\/wp-json\/wp\/v2\/categories?post=318752"},{"taxonomy":"post_tag","embeddable":true,"href":"https:\/\/www.europesays.com\/es\/wp-json\/wp\/v2\/tags?post=318752"}],"curies":[{"name":"wp","href":"https:\/\/api.w.org\/{rel}","templated":true}]}}