{"id":31876,"date":"2025-08-07T15:39:09","date_gmt":"2025-08-07T15:39:09","guid":{"rendered":"https:\/\/www.europesays.com\/es\/31876\/"},"modified":"2025-08-07T15:39:09","modified_gmt":"2025-08-07T15:39:09","slug":"otro-guino-mas-checo-perez-envia-senal-fundamental-sobre-su-posible-regreso-a-la-formula-1-ole-usa","status":"publish","type":"post","link":"https:\/\/www.europesays.com\/es\/31876\/","title":{"rendered":"Otro gui\u00f1o m\u00e1s: Checo P\u00e9rez env\u00eda se\u00f1al fundamental sobre su posible regreso a la F\u00f3rmula 1 :: Ol\u00e9 USA"},"content":{"rendered":"<p>06\/08\/2025 16:07hs.<\/p>\n<p>Cada vez m\u00e1s cerca. El regreso de <strong><a href=\"https:\/\/www.ole.com.ar\/tema\/sergio-perez.html\" title=\"Sergio P\u00e9rez\" alt=\"Sergio P\u00e9rez\" class=\"slug\" rel=\"nofollow noopener\" target=\"_blank\">Sergio P\u00e9rez<\/a><\/strong> a la <strong><a href=\"https:\/\/www.ole.com.ar\/tema\/formula-1.html\" title=\"F\u00f3rmula 1\" alt=\"F\u00f3rmula 1\" class=\"slug\" rel=\"nofollow noopener\" target=\"_blank\">F\u00f3rmula 1<\/a><\/strong> es uno de los temas que desvela a m\u00e1s de un fan\u00e1tico latinoamericano. Su figura se engrandece con el paso de los Grandes Premios, ante un <strong><a href=\"https:\/\/www.ole.com.ar\/tema\/yuki-tsunoda.html\" title=\"Yuki Tsunoda\" alt=\"Yuki Tsunoda\" class=\"slug\" rel=\"nofollow noopener\" target=\"_blank\">Yuki Tsunoda<\/a><\/strong> que sufre las consecuencias de manejar ese maldito segundo volante de <strong><a href=\"https:\/\/www.ole.com.ar\/tema\/red-bull.html\" title=\"Red Bull\" alt=\"Red Bull\" class=\"slug\" rel=\"nofollow noopener\" target=\"_blank\">Red Bull<\/a><\/strong>. <strong>Las pistas anhelan volver a verlo. Y Checo est\u00e1 haciendo todo por regresar&#8230;<\/strong><\/p>\n<p>Xavi Martos, preparador f\u00edsico de P\u00e9rez, confes\u00f3 en el podcast \u00abDuralavita: F\u00f3rmula 1\u201d que <strong>el corredor mexicano ha dejado de trabajar con el brit\u00e1nico Julian Jakobi<\/strong>, su antiguo manager, <strong>para asociarse al liban\u00e9s Khalil Beschir<\/strong>, otra figura del automovilismo que supo ser ex corredor y comentarista de la M\u00e1xima.<\/p>\n<p><img alt=\"Checo P\u00e9rez env\u00eda se\u00f1al fundamental sobre su posible regreso a la F\u00f3rmula 1. (REUTERS\/Hamad I Mohammed)\" loading=\"lazy\" width=\"720\" height=\"100\" decoding=\"async\" data-nimg=\"1\" style=\"color:transparent\" src=\"https:\/\/www.europesays.com\/es\/wp-content\/uploads\/2025\/08\/eO2NyKjoJ_720x0__1.jpg\"\/>Checo P\u00e9rez env\u00eda se\u00f1al fundamental sobre su posible regreso a la F\u00f3rmula 1. (REUTERS\/Hamad I Mohammed)<\/p>\n<p>Cada movimiento evidencia una nueva se\u00f1al a su arribo. As\u00ed tambi\u00e9n lo entiende Martos: \u00ab<strong>Yo me pregunto: \u00bfpara qu\u00e9 tiene nuevo m\u00e1nager? Creo que eso te responde a todo; si t\u00fa quieres dejar de conducir, no contratas un nuevo m\u00e1nager. Yo creo que Checo est\u00e1 buscando algo\u201d<\/strong>.<\/p>\n<p><strong>\u00bfCu\u00e1l ser\u00eda el destino de Checo P\u00e9rez?<\/strong><\/p>\n<p>Si bien lleg\u00f3 a sonar como compa\u00f1ero del argentino Franco Colapinto en Alpine, el tiempo dej\u00f3 caer esa posibilidad y quien fue ganando cada vez m\u00e1s terreno fue Cadillac, que barajar\u00eda darle un asiento junto a Valteri Bottas, ex piloto de Mercedes.<\/p>\n<p><img alt=\"Checo P\u00e9rez podr\u00eda compartir equipo con Valteri Bottas. (AFP)\" loading=\"lazy\" width=\"720\" height=\"100\" decoding=\"async\" data-nimg=\"1\" style=\"color:transparent\" src=\"https:\/\/www.europesays.com\/es\/wp-content\/uploads\/2025\/08\/3PxfGVZQv_720x0__1.jpg\"\/>Checo P\u00e9rez podr\u00eda compartir equipo con Valteri Bottas. (AFP)<\/p>\n<p>Garantizar su arribo a la debutante escuder\u00eda es imposible, ya que todav\u00eda no ha trascendido ning\u00fan tipo de acuerdo de los directivos con Checo. Sin embargo, se comienza a especular con la posibilidad de una confirmaci\u00f3n durante el par\u00f3n veraniego. Tocar\u00e1 esperar.<\/p>\n<p><strong>Las cifras de Checo P\u00e9rez en su paso por la F\u00f3rmula 1<\/strong><\/p>\n<ul>\n<li>Sakhir 2020 \/ Racing Point<\/li>\n<li>Bak\u00fa 2021 \/ Red Bull Racing<\/li>\n<li>M\u00f3naco 2022 \/ Red Bull Racing<\/li>\n<li>Singapur 2022 \/ Red Bull Racing<\/li>\n<li>Jeddah 2023 \/ Red Bull Racing<\/li>\n<li>Bak\u00fa 2023 \/ Red Bull Racing<\/li>\n<\/ul>\n<p><img alt=\"Las cifras de Checo P\u00e9rez en su paso por la F\u00f3rmula 1. (REUTERS\/Maxim Shemetov)\" loading=\"lazy\" width=\"720\" height=\"100\" decoding=\"async\" data-nimg=\"1\" style=\"color:transparent\" src=\"https:\/\/www.europesays.com\/es\/wp-content\/uploads\/2025\/08\/tXrqlyhy4_720x0__1.jpg\"\/>Las cifras de Checo P\u00e9rez en su paso por la F\u00f3rmula 1. (REUTERS\/Maxim Shemetov)<\/p>\n<ul>\n<li>Jeddah 2022 \/ Red Bull Racing<\/li>\n<li>Jeddah 2023 \/ Red Bull Racing<\/li>\n<li>Miami 2023 \/ Red Bull Racing<\/li>\n<\/ul>\n<p><img alt=\"Las cifras de Checo P\u00e9rez en su paso por la F\u00f3rmula 1. (REUTERS\/Amr Alfiky)\" loading=\"lazy\" width=\"720\" height=\"100\" decoding=\"async\" data-nimg=\"1\" style=\"color:transparent\" src=\"https:\/\/www.europesays.com\/es\/wp-content\/uploads\/2025\/08\/Ns6hxJtVS_720x0__1.jpg\"\/>Las cifras de Checo P\u00e9rez en su paso por la F\u00f3rmula 1. (REUTERS\/Amr Alfiky)<\/p>\n<ul>\n<li>M\u00f3naco 2012 \/ Sauber<\/li>\n<li>Kuala Lumpur 2013 \/ McLaren<\/li>\n<li>Austria 2014 \/ Force India<\/li>\n<li>M\u00f3naco 2017 \/ Force India<\/li>\n<li>Silverstone 2021 \/ Red Bull Racing<\/li>\n<li>Brasil 2021 \/ Red Bull Racing<\/li>\n<li>Espa\u00f1a 2022 \/ Red Bull Racing<\/li>\n<li>Bak\u00fa 2022 \/ Red Bull Racing<\/li>\n<li>Monza 2022 \/ Red Bull Racing<\/li>\n<li>Australia 2023 \/ Red Bull Racing<\/li>\n<li>Canad\u00e1 2023 \/ Red Bull Racing<\/li>\n<li>Spa-Francorchamps 2023 \/ Red Bull Racing<\/li>\n<\/ul>\n<p><img alt=\"Las cifras de Checo P\u00e9rez en su paso por la F\u00f3rmula 1. (EFE\/EPA\/NOUSHAD THEKKAYIL)\" loading=\"lazy\" width=\"720\" height=\"100\" decoding=\"async\" data-nimg=\"1\" style=\"color:transparent\" src=\"https:\/\/www.europesays.com\/es\/wp-content\/uploads\/2025\/08\/OiBw-614Y_720x0__1.jpg\"\/>Las cifras de Checo P\u00e9rez en su paso por la F\u00f3rmula 1. (EFE\/EPA\/NOUSHAD THEKKAYIL)<\/p>\n<ul>\n<li>Malasia 2012 \/ 2\u00ba \/ Sauber<\/li>\n<li>Canad\u00e1 2012 \/ 3\u00ba \/ Sauber<\/li>\n<li>Italia 2012 \/ 2\u00ba \/ Sauber<\/li>\n<li>Bar\u00e9in 2014 \/ 3\u00ba \/ Force India<\/li>\n<li>Rusia 2015 \/ 3\u00ba \/ Force India<\/li>\n<li>M\u00f3naco 2016 \/ 3\u00ba \/ Force India<\/li>\n<li>Europa (Baku) 2016 \/ 3\u00ba \/ Force India<\/li>\n<li>Azerbaiy\u00e1n 2018 \/ 3\u00ba \/ Force India<\/li>\n<li>Turqu\u00eda 2020 \/ 2\u00ba \/ Racing Point<\/li>\n<li>Sakhir 2020 \/ 1\u00ba \/ Racing Point<\/li>\n<li>Azerbaiy\u00e1n 2021 \/ 1\u00ba \/ Red Bull<\/li>\n<li>Francia 2021 \/ 3\u00ba \/ Red Bull<\/li>\n<li>Turqu\u00eda 2021 \/ 3\u00ba \/ Red Bull<\/li>\n<li>Austin 2021 \/ 3\u00ba \/ Red Bull<\/li>\n<li>M\u00e9xico 2021 \/ 3\u00ba \/ Red Bull<\/li>\n<li>Australia 2022 \/ 2\u00ba \/ Red Bull<\/li>\n<li>Emilia-Roma\u00f1a 2022 \/ 2\u00ba \/ Red Bull<\/li>\n<li>Espa\u00f1a 2022 \/ 2\u00ba \/ Red Bull<\/li>\n<li>M\u00f3naco 2022 \/ 1\u00ba \/ Red Bull<\/li>\n<li>Azerbaiy\u00e1n 2022 \/ 2 \u00ba \/ Red Bull<\/li>\n<li>Silverstone 2022 \/ 2\u00ba \/ Red Bull<\/li>\n<li>Spa-Francorchamps 2022 \/ 2\u00ba \/ Red Bull<\/li>\n<li>Singapur 2022 \/ 1\u00ba \/ Red Bull<\/li>\n<li>Jap\u00f3n 2022 \/ 2\u00ba \/ Red Bull<\/li>\n<li>M\u00e9xico 2022 \/ 3\u00ba \/ Red Bull<\/li>\n<li>Abu Dhabi 2022 \/ 3\u00ba \/ Red Bull<\/li>\n<li>Bar\u00e9in 2023 \/ 2\u00ba \/ Red Bull<\/li>\n<li>Arabia Saudita 2023 \/ 1\u00ba \/ Red Bull<\/li>\n<li>Azerbaiy\u00e1n 2023 \/ 1\u00ba \/ Red Bull<\/li>\n<li>Miami 2023 \/ 2\u00ba Red Bull<\/li>\n<li>Austria 2023 \/ 3\u00ba \/ Red Bull<\/li>\n<li>Hungr\u00eda 2023 \/ 3\u00ba \/ Red Bull<\/li>\n<li>Spa-Francorchamps 2023 \/ 2\u00ba \/ Red Bull<\/li>\n<li>Monza 2023 \/ 2\u00ba \/ Red Bull<\/li>\n<li>Las Vegas 2023 \/ 3\u00ba \/ Red Bull<\/li>\n<li>Bar\u00e9in 2024 \/ 2\u00ba \/ Red Bull<\/li>\n<li>Arabia Saudita 2024 \/ 2\u00ba \/ Red Bull<\/li>\n<li>Jap\u00f3n 2024 \/ 2\u00ba \/ Red Bull<\/li>\n<li>China 2024 \/ 3\u00ba \/ Red Bull<\/li>\n<\/ul>\n<p><img alt=\"Las cifras de Checo P\u00e9rez en su paso por la F\u00f3rmula 1. (REUTERS\/Darko Bandic)\" loading=\"lazy\" width=\"720\" height=\"100\" decoding=\"async\" data-nimg=\"1\" style=\"color:transparent\" src=\"https:\/\/www.europesays.com\/es\/wp-content\/uploads\/2025\/08\/d7Ihjts5D_720x0__1.jpg\"\/>Las cifras de Checo P\u00e9rez en su paso por la F\u00f3rmula 1. (REUTERS\/Darko Bandic)<a href=\"https:\/\/www.ole.com.ar\/usa\/mlb\/mlb-sorprendida-brutal-cambio-cima-ranking-fanaticos-estaban-esperando_0_PVpzSjbwau.html\" aria-label=\"Toda la MLB sorprendida por el brutal cambio en la cima del ranking que los fan\u00e1ticos estaban esperando\" class=\"sc-198398ff-0 dGmAry\" rel=\"nofollow noopener\" target=\"_blank\"><img alt=\"Toda la MLB sorprendida por el brutal cambio en la cima del ranking que los fan\u00e1ticos estaban esperando\" loading=\"lazy\" width=\"290\" height=\"290\" decoding=\"async\" data-nimg=\"1\" style=\"color:transparent\" src=\"https:\/\/www.europesays.com\/es\/wp-content\/uploads\/2025\/08\/CUH4sLrXo_290x290__1.jpg\"\/><\/p>\n<p>Mir\u00e1 tambi\u00e9nToda la MLB sorprendida por el brutal cambio en la cima del ranking que los fan\u00e1ticos estaban esperando<\/p>\n<p><a href=\"https:\/\/www.ole.com.ar\/usa\/boxeo\/destrozaron-canelo-alvarez-hizo-arder-redes-inesperada-actitud-ante-pregunta-terence-crawford-proximo-rival_0_GX3GB2obMA.html\" aria-label=\"Lo destrozaron: Canelo \u00c1lvarez hizo arder las redes por su inesperada actitud ante una pregunta sobre Terence Crawford, su pr\u00f3ximo rival\" class=\"sc-198398ff-0 dGmAry\" rel=\"nofollow noopener\" target=\"_blank\"><img alt=\"Lo destrozaron: Canelo \u00c1lvarez hizo arder las redes por su inesperada actitud ante una pregunta sobre Terence Crawford, su pr\u00f3ximo rival\" loading=\"lazy\" width=\"290\" height=\"290\" decoding=\"async\" data-nimg=\"1\" style=\"color:transparent\" src=\"https:\/\/www.europesays.com\/es\/wp-content\/uploads\/2025\/08\/2vI1q_ddp_290x290__1.jpg\"\/><\/p>\n<p>Mir\u00e1 tambi\u00e9nLo destrozaron: Canelo \u00c1lvarez hizo arder las redes por su inesperada actitud ante una pregunta sobre Terence Crawford, su pr\u00f3ximo rival<\/p>\n<p><a href=\"https:\/\/www.ole.com.ar\/usa\/nba\/fue-ocho-veces-all-star-cosecho-inmensa-fortuna-pero-hoy-vive-con-20-dolares-por-dia_0_jHfq5k9qVB.html\" aria-label=\"Fue ocho veces All Star de la NBA y gan\u00f3 $160 millones, pero hoy vive con 20 d\u00f3lares por d\u00eda por un ins\u00f3lito motivo\" class=\"sc-198398ff-0 dGmAry\" rel=\"nofollow noopener\" target=\"_blank\"><img alt=\"Fue ocho veces All Star de la NBA y gan\u00f3 $160 millones, pero hoy vive con 20 d\u00f3lares por d\u00eda por un ins\u00f3lito motivo\" loading=\"lazy\" width=\"290\" height=\"290\" decoding=\"async\" data-nimg=\"1\" style=\"color:transparent\" src=\"https:\/\/www.europesays.com\/es\/wp-content\/uploads\/2025\/08\/HkDHqg-b-_290x290.jpg\"\/><\/p>\n<p>Mir\u00e1 tambi\u00e9nFue ocho veces All Star de la NBA y gan\u00f3 $160 millones, pero hoy vive con 20 d\u00f3lares por d\u00eda por un ins\u00f3lito motivo<\/p>\n","protected":false},"excerpt":{"rendered":"06\/08\/2025 16:07hs. Cada vez m\u00e1s cerca. El regreso de Sergio P\u00e9rez a la F\u00f3rmula 1 es uno de&hellip;\n","protected":false},"author":2,"featured_media":31877,"comment_status":"","ping_status":"","sticky":false,"template":"","format":"standard","meta":{"footnotes":""},"categories":[270],"tags":[168,25,24,306,271,272,11007,23,167],"class_list":{"0":"post-31876","1":"post","2":"type-post","3":"status-publish","4":"format-standard","5":"has-post-thumbnail","7":"category-formula-1","8":"tag-deportes","9":"tag-es","10":"tag-espana","11":"tag-f1","12":"tag-formula-1","13":"tag-formula1","14":"tag-sergio-perez","15":"tag-spain","16":"tag-sports"},"share_on_mastodon":{"url":"","error":""},"_links":{"self":[{"href":"https:\/\/www.europesays.com\/es\/wp-json\/wp\/v2\/posts\/31876","targetHints":{"allow":["GET"]}}],"collection":[{"href":"https:\/\/www.europesays.com\/es\/wp-json\/wp\/v2\/posts"}],"about":[{"href":"https:\/\/www.europesays.com\/es\/wp-json\/wp\/v2\/types\/post"}],"author":[{"embeddable":true,"href":"https:\/\/www.europesays.com\/es\/wp-json\/wp\/v2\/users\/2"}],"replies":[{"embeddable":true,"href":"https:\/\/www.europesays.com\/es\/wp-json\/wp\/v2\/comments?post=31876"}],"version-history":[{"count":0,"href":"https:\/\/www.europesays.com\/es\/wp-json\/wp\/v2\/posts\/31876\/revisions"}],"wp:featuredmedia":[{"embeddable":true,"href":"https:\/\/www.europesays.com\/es\/wp-json\/wp\/v2\/media\/31877"}],"wp:attachment":[{"href":"https:\/\/www.europesays.com\/es\/wp-json\/wp\/v2\/media?parent=31876"}],"wp:term":[{"taxonomy":"category","embeddable":true,"href":"https:\/\/www.europesays.com\/es\/wp-json\/wp\/v2\/categories?post=31876"},{"taxonomy":"post_tag","embeddable":true,"href":"https:\/\/www.europesays.com\/es\/wp-json\/wp\/v2\/tags?post=31876"}],"curies":[{"name":"wp","href":"https:\/\/api.w.org\/{rel}","templated":true}]}}