{"id":318763,"date":"2026-01-02T08:15:08","date_gmt":"2026-01-02T08:15:08","guid":{"rendered":"https:\/\/www.europesays.com\/es\/318763\/"},"modified":"2026-01-02T08:15:08","modified_gmt":"2026-01-02T08:15:08","slug":"la-inteligencia-artificial-acaba-con-el-sueno-del-metaverso-de-zuckerberg","status":"publish","type":"post","link":"https:\/\/www.europesays.com\/es\/318763\/","title":{"rendered":"La inteligencia artificial acaba con el sue\u00f1o del metaverso de Zuckerberg"},"content":{"rendered":"<p style=\"\">Es octubre de 2021. En un mundo en las postrimer\u00edas de la pandemia en el que mucha gente todav\u00eda camina con mascarilla por la calle, <strong>Mark Zuckerberg<\/strong>, CEO de Facebook, mira a c\u00e1mara y explica que internet necesita una transformaci\u00f3n de calado. Que la  &#8230; red ya no da m\u00e1s de s\u00ed, as\u00ed que le va a cambiar el nombre a su empresa, <a href=\"https:\/\/www.abc.es\/tecnologia\/redes\/abci-zuckerberg-cambia-nombre-facebook-meta-y-muestra-vision-metaverso-202110282022_noticia.html\" target=\"_self\" data-voc-vtm-id=\"in-text-traffic\" title=\"que pasar\u00e1 a conocerse como Meta\" data-mrf-link=\"www.abc.es\" rel=\"nofollow noopener\">que pasar\u00e1 a conocerse como Meta<\/a>, y va a trabajar para mandar al desguace todas esas pantallas, que solo nos a\u00edslan. \u00bfEl plan para sustituirlas? La creaci\u00f3n del <a href=\"https:\/\/www.abc.es\/tecnologia\/redes\/estalla-burbuja-metaverso-cambiado-dos-anos-despues-20230730133710-nt.html\" target=\"_self\" data-voc-vtm-id=\"in-text-traffic\" title=\"metaverso\" data-mrf-link=\"www.abc.es\" rel=\"nofollow noopener\">metaverso<\/a>: un nuevo e inmersivo mundo digital -al estilo del que se ha visto en cintas de ciencia ficci\u00f3n, como &#8216;Ready Player One&#8217;- en el que el usuario solo necesita <strong>unas gafas de realidad virtual<\/strong> para replicar todo lo que se puede hacer en el mundo real; desde quedar con amigos y familia, hasta ir al trabajo, estudiar o viajar. <\/p>\n<p class=\"voc-p\" style=\"\">\u00abCon el tiempo conf\u00edo en que se nos vea como una empresa del metaverso, y quiero anclar nuestro trabajo e identidad en lo que estamos construyendo a futuro\u00bb, dijo el padre de la red social por antonomasia. Pero hasta aqu\u00ed, porque el sue\u00f1o, cuatro a\u00f1os despu\u00e9s de su presentaci\u00f3n, no ha dado mucho m\u00e1s de s\u00ed. Y tampoco parece que lo vaya a dar en el futuro pr\u00f3ximo, atendiendo al creciente inter\u00e9s de la tecnol\u00f3gica en jugar un papel destacado en el negocio de la inteligencia artificial generativa.<\/p>\n<p class=\"voc-p\" style=\"\">Hace unas semanas, medios como &#8216;<a href=\"https:\/\/www.bloomberg.com\/news\/articles\/2025-12-04\/meta-s-zuckerberg-plans-deep-cuts-for-metaverse-efforts\" target=\"_blank\" data-voc-vtm-id=\"in-text-traffic\" title=\"Bloomberg\" data-mrf-link=\"www.bloomberg.com\" rel=\"nofollow noopener\">Bloomberg<\/a>&#8216; informaron de que Meta tiene planes para comenzar a hacer importantes recortes en su divisi\u00f3n  de Reality Labs dedicada a la construcci\u00f3n del nuevo mundo virtual; esa misma en la que la compa\u00f1\u00eda ha quemado cerca de 70.000 millones de euros en los \u00faltimos cuatro a\u00f1os en el empe\u00f1o sin obtener ning\u00fan resultado palpable. De acuerdo con las estimaciones, esa reducci\u00f3n en la inversi\u00f3n puede alcanzar hasta el 30%, y tambi\u00e9n acarrear\u00e1 despidos. Un importante repliegue que ya era patente en lo simb\u00f3lico, porque durante los \u00faltimos a\u00f1os <strong>el t\u00e9rmino metaverso hasta ha ca\u00eddo en desuso dentro de la propia compa\u00f1\u00eda<\/strong>, que ya apenas lo utiliza; ni siquiera durante los eventos anuales Meta Connect, en los que la empresa comparte sus novedades en materia de VR y (cada vez m\u00e1s) de inteligencia artificial.<\/p>\n<p class=\"voc-p\" style=\"\">Para Edgar Mart\u00edn-Blas, CEO de la empresa especializada en realidad mixta Spatial Voyagers, y que trabaj\u00f3 con Meta en la construcci\u00f3n del mundo virtual, la desinversi\u00f3n tiene \u00abtodo el sentido\u00bb en lo econ\u00f3mico. En su opini\u00f3n, el t\u00e9rmino metaverso ya \u00abest\u00e1 quemado y ha quedado atr\u00e1s\u00bb. \u00abCreo que la apuesta por su creaci\u00f3n fue una buena estrategia que pod\u00eda tener sentido cuando se realiz\u00f3, pero ya no estamos en ese punto\u00bb, se\u00f1ala el experto en conversaci\u00f3n con ABC. A este respecto, destaca que en el momento concreto en el que Meta realiz\u00f3 el anuncio, un oto\u00f1o de 2021, lo peor de la pandemia de Covid-19 ya hab\u00eda pasado, pero en  la sociedad todav\u00eda conservaba h\u00e1bitos como el del teletrabajo, que poco a poco se fue desinflando, y el de recurrir a la tecnolog\u00eda para sustituir los encuentros personales con amigos y familia. Con el paso de los meses, y de los a\u00f1os, la presencia volvi\u00f3 a ganar terreno frente a lo virtual.<\/p>\n<p class=\"voc-title\">Meta espera comercializar anualmente diez millones de sus gafas de IA a partir de este mismo 2026<\/p>\n<p class=\"voc-p\" style=\"\">Adem\u00e1s, la apuesta nunca lleg\u00f3 a calar en el consumidor; as\u00ed lo demuestra el bajo inter\u00e9s en los visores de realidad virtual de la empresa, los Meta Quest, que siguen siendo de nicho y cuyas ventas, lejos de aumentar, han descendido durante los \u00faltimos meses, seg\u00fan ha reconocido la propia compa\u00f1\u00eda. Todo lo contrario a lo que est\u00e1 ocurriendo con las gafas basadas en IA de la compa\u00f1\u00eda, las ligeras Ray-Ban Meta, un dispositivo con el que el usuario puede tomar fotograf\u00edas y v\u00eddeos, escuchar m\u00fasica, contestar llamadas telef\u00f3nicas o mantener conversaciones con un chatbot similar a ChatGPT.  Las ventas de estas lentes se han triplicado en apenas un a\u00f1o, y la tecnol\u00f3gica tiene previsto comercializar diez millones de unidades al a\u00f1o a partir de este 2026.<\/p>\n<p>\nGafas inteligentes\n<\/p>\n<p class=\"voc-p\" style=\"\">El pasado septiembre, Zuckerberg anunci\u00f3 el lanzamiento de una nueva versi\u00f3n des estas gafas llamada <strong>Ray-Ban Meta Display<\/strong>. \u00bfLa novedad?: incorporan una pantalla de alta resoluci\u00f3n con la que el usuario es capaz de consultar los mensajes que recibe, consultar informaci\u00f3n visual sobre el entorno que le rodea y hasta notificaciones de redes sociales. Y todo gracias a Llama, la inteligencia artificial de la empresa. <\/p>\n<p class=\"voc-p\" style=\"\">\u00abEl futuro va por ah\u00ed, por las gafas con IA que pueden convertirse con el tiempo en el sustituto del m\u00f3vil. Lo que creo es que ahora vamos hacia un internet en el que las comunicaciones ya no tienen nada que ver con las pantallas de siempre. Todo funcionar\u00e1 a trav\u00e9s de dispositivos de inteligencia artificial que ser\u00e1n capaz de proyectar la informaci\u00f3n ante los ojos de los usuarios\u00bb, dice Mart\u00edn-Blas.<\/p>\n<p class=\"voc-p\" style=\"\">Cabe recordar, adem\u00e1s, que durante 2025 Meta ha realizado un gran esfuerzo para ponerse a la vanguardia de la inteligencia artificial. La compa\u00f1\u00eda ha realizado un importante esfuerzo econ\u00f3mico para atraer talento de empresas como Google y OpenAI; adem\u00e1s, ha anunciado que piensa invertir decenas de miles de millones de d\u00f3lares para conseguir desarrollar <a href=\"https:\/\/www.abc.es\/tecnologia\/creacion-super-ia-lista-humanos-ultimo-sueno-20250627165628-nt.html\" target=\"_self\" data-voc-vtm-id=\"in-text-traffic\" title=\"una nueva tecnolog\u00eda llamada superinteligencia\" data-mrf-link=\"www.abc.es\" rel=\"nofollow noopener\">una nueva tecnolog\u00eda llamada superinteligencia<\/a>, que es como llaman los gur\u00fas de Silicon Valley a esa futura m\u00e1quina que, en teor\u00eda, ser\u00e1 m\u00e1s lista que el humano m\u00e1s listo, independientemente del campo de conocimiento. Para ello,<a href=\"https:\/\/www.abc.es\/tecnologia\/meta-crea-equipo-desarrollar-ia-lista-humano-20250701115038-nt.html\" target=\"_self\" data-voc-vtm-id=\"in-text-traffic\" title=\" la compa\u00f1\u00eda anunci\u00f3 a mediados de a\u00f1o la creaci\u00f3n de un nuevo laboratorio llamado Superintelligence Lab\" data-mrf-link=\"www.abc.es\" rel=\"nofollow noopener\"> la compa\u00f1\u00eda anunci\u00f3 a mediados de a\u00f1o la creaci\u00f3n de un nuevo laboratorio llamado Superintelligence Lab<\/a>. <\/p>\n<p class=\"voc-title\">La empresa est\u00e1 invirtiendo miles de millones de d\u00f3lares con el objetivo de desarrollar la superinteligencia artificial<\/p>\n<p class=\"voc-p\" style=\"\">\u00ab(Esta divisi\u00f3n) ha tenido un comienzo excelente y seguimos liderando la industria de las gafas de IA. Si aprovechamos, aunque sea una fracci\u00f3n la oportunidad que tenemos por delante, los pr\u00f3ximos a\u00f1os ser\u00e1n el per\u00edodo m\u00e1s emocionante de nuestra historia\u00bb, se\u00f1al\u00f3 Zuckerberg en el \u00faltimo <a href=\"https:\/\/investor.atmeta.com\/investor-news\/press-release-details\/2025\/Meta-Reports-Third-Quarter-2025-Results\/default.aspx?utm_source=chatgpt.com\" target=\"_blank\" data-voc-vtm-id=\"in-text-traffic\" title=\"informe de resultados de la tecnol\u00f3gica\" data-mrf-link=\"investor.atmeta.com\" rel=\"nofollow noopener\">informe de resultados de la tecnol\u00f3gica<\/a>. Todo indica que parte importante de la inversi\u00f3n que Meta hab\u00eda estado realizando en metaverso, ahora va a ir directa al desarrollo de inteligencia artificial y de las nuevas gafas ligeras de la compa\u00f1\u00eda.<\/p>\n","protected":false},"excerpt":{"rendered":"Es octubre de 2021. En un mundo en las postrimer\u00edas de la pandemia en el que mucha gente&hellip;\n","protected":false},"author":2,"featured_media":318764,"comment_status":"","ping_status":"","sticky":false,"template":"","format":"standard","meta":{"footnotes":""},"categories":[80],"tags":[2887,5099,82,95,94,25,24,7446,44936,23,3466],"class_list":{"0":"post-318763","1":"post","2":"type-post","3":"status-publish","4":"format-standard","5":"has-post-thumbnail","7":"category-economia","8":"tag-acaba","9":"tag-artificial","10":"tag-business","11":"tag-economia","12":"tag-economy","13":"tag-es","14":"tag-espana","15":"tag-inteligencia","16":"tag-metaverso","17":"tag-spain","18":"tag-sueno"},"share_on_mastodon":{"url":"https:\/\/pubeurope.com\/@es\/115824513724603212","error":""},"_links":{"self":[{"href":"https:\/\/www.europesays.com\/es\/wp-json\/wp\/v2\/posts\/318763","targetHints":{"allow":["GET"]}}],"collection":[{"href":"https:\/\/www.europesays.com\/es\/wp-json\/wp\/v2\/posts"}],"about":[{"href":"https:\/\/www.europesays.com\/es\/wp-json\/wp\/v2\/types\/post"}],"author":[{"embeddable":true,"href":"https:\/\/www.europesays.com\/es\/wp-json\/wp\/v2\/users\/2"}],"replies":[{"embeddable":true,"href":"https:\/\/www.europesays.com\/es\/wp-json\/wp\/v2\/comments?post=318763"}],"version-history":[{"count":0,"href":"https:\/\/www.europesays.com\/es\/wp-json\/wp\/v2\/posts\/318763\/revisions"}],"wp:featuredmedia":[{"embeddable":true,"href":"https:\/\/www.europesays.com\/es\/wp-json\/wp\/v2\/media\/318764"}],"wp:attachment":[{"href":"https:\/\/www.europesays.com\/es\/wp-json\/wp\/v2\/media?parent=318763"}],"wp:term":[{"taxonomy":"category","embeddable":true,"href":"https:\/\/www.europesays.com\/es\/wp-json\/wp\/v2\/categories?post=318763"},{"taxonomy":"post_tag","embeddable":true,"href":"https:\/\/www.europesays.com\/es\/wp-json\/wp\/v2\/tags?post=318763"}],"curies":[{"name":"wp","href":"https:\/\/api.w.org\/{rel}","templated":true}]}}