{"id":318778,"date":"2026-01-02T08:29:09","date_gmt":"2026-01-02T08:29:09","guid":{"rendered":"https:\/\/www.europesays.com\/es\/318778\/"},"modified":"2026-01-02T08:29:09","modified_gmt":"2026-01-02T08:29:09","slug":"el-escultor-fernando-navarro-debuta-en-la-poesia-con-365-haikus-y-doce-collages","status":"publish","type":"post","link":"https:\/\/www.europesays.com\/es\/318778\/","title":{"rendered":"El escultor Fernando Navarro debuta en la poes\u00eda con 365 haikus y doce collages"},"content":{"rendered":"<p class=\"paragraph\">Fernando Navarro Catal\u00e1n (Andorra, Teruel, 1944) es un artista muy particular:<b> ha desarrollado su obra mayor en la escultura y el collage y siempre le ha gustado jugar, imaginar, con profundidad, iron\u00eda y buen humor.<\/b> Desde hace algunos a\u00f1os, Fernando Navarro, que ha expuesto en la Lonja en 2015 y en el Museo Juan Cabr\u00e9 de Calaceite (ah\u00ed no hace mucho), decidi\u00f3 probarse en una direcci\u00f3n que siempre le ha atra\u00eddo: la literatura. Y, de modo m\u00e1s concreto, en la escritura po\u00e9tica.<\/p>\n","protected":false},"excerpt":{"rendered":"Fernando Navarro Catal\u00e1n (Andorra, Teruel, 1944) es un artista muy particular: ha desarrollado su obra mayor en la&hellip;\n","protected":false},"author":2,"featured_media":318779,"comment_status":"","ping_status":"","sticky":false,"template":"","format":"standard","meta":{"footnotes":""},"categories":[173],"tags":[229,233,231,230,74356,232,234,146,147,25,14397,24,2421,74357,3403,23],"class_list":{"0":"post-318778","1":"post","2":"type-post","3":"status-publish","4":"format-standard","5":"has-post-thumbnail","7":"category-arte-y-diseno","8":"tag-arte","9":"tag-arte-y-diseno","10":"tag-arts","11":"tag-arts-and-design","12":"tag-collages","13":"tag-design","14":"tag-diseno","15":"tag-entertainment","16":"tag-entretenimiento","17":"tag-es","18":"tag-escultor","19":"tag-espana","20":"tag-fernando","21":"tag-haikus","22":"tag-navarro","23":"tag-spain"},"share_on_mastodon":{"url":"https:\/\/pubeurope.com\/@es\/115824568761091090","error":""},"_links":{"self":[{"href":"https:\/\/www.europesays.com\/es\/wp-json\/wp\/v2\/posts\/318778","targetHints":{"allow":["GET"]}}],"collection":[{"href":"https:\/\/www.europesays.com\/es\/wp-json\/wp\/v2\/posts"}],"about":[{"href":"https:\/\/www.europesays.com\/es\/wp-json\/wp\/v2\/types\/post"}],"author":[{"embeddable":true,"href":"https:\/\/www.europesays.com\/es\/wp-json\/wp\/v2\/users\/2"}],"replies":[{"embeddable":true,"href":"https:\/\/www.europesays.com\/es\/wp-json\/wp\/v2\/comments?post=318778"}],"version-history":[{"count":0,"href":"https:\/\/www.europesays.com\/es\/wp-json\/wp\/v2\/posts\/318778\/revisions"}],"wp:featuredmedia":[{"embeddable":true,"href":"https:\/\/www.europesays.com\/es\/wp-json\/wp\/v2\/media\/318779"}],"wp:attachment":[{"href":"https:\/\/www.europesays.com\/es\/wp-json\/wp\/v2\/media?parent=318778"}],"wp:term":[{"taxonomy":"category","embeddable":true,"href":"https:\/\/www.europesays.com\/es\/wp-json\/wp\/v2\/categories?post=318778"},{"taxonomy":"post_tag","embeddable":true,"href":"https:\/\/www.europesays.com\/es\/wp-json\/wp\/v2\/tags?post=318778"}],"curies":[{"name":"wp","href":"https:\/\/api.w.org\/{rel}","templated":true}]}}