{"id":318794,"date":"2026-01-02T08:39:13","date_gmt":"2026-01-02T08:39:13","guid":{"rendered":"https:\/\/www.europesays.com\/es\/318794\/"},"modified":"2026-01-02T08:39:13","modified_gmt":"2026-01-02T08:39:13","slug":"los-recortes-de-ayuda-humanitaria-ahogan-a-cientos-de-miles-de-desplazados-sudaneses-antes-teniamos-100-sacos-de-arroz-para-2-000-personas-ahora-solo-tenemos-20-planeta-futuro","status":"publish","type":"post","link":"https:\/\/www.europesays.com\/es\/318794\/","title":{"rendered":"Los recortes de ayuda humanitaria ahogan a cientos de miles de desplazados sudaneses: \u201cAntes ten\u00edamos 100 sacos de arroz para 2.000 personas, ahora solo tenemos 20\u201d | Planeta Futuro"},"content":{"rendered":"<p class=\"\">Maydeen Mohamed Adam observa en silencio a su madre, Khaliya, por encima de la valla de ca\u00f1as y ramas secas que separa las dos viviendas familiares, contiguas e igual de humildes. Ella habla de \u00e9l: de <a href=\"https:\/\/elpais.com\/internacional\/2025-12-12\/huir-de-sudan-a-la-ue-un-laberinto-peligroso-con-incentivos-para-los-traficantes.html\" target=\"_self\" rel=\"nofollow noopener\" title=\"https:\/\/elpais.com\/internacional\/2025-12-12\/huir-de-sudan-a-la-ue-un-laberinto-peligroso-con-incentivos-para-los-traficantes.html\">c\u00f3mo decidi\u00f3 marcharse a Europa<\/a>, de c\u00f3mo fue maltratado en Libia, de c\u00f3mo cruz\u00f3 el Mediterr\u00e1neo en patera, lleg\u00f3 a Alemania y fue deportado de vuelta a Sud\u00e1n. Maydeen era \u201cnormal\u201d cuando se march\u00f3, pero regres\u00f3 convertido en otra persona. \u201cTiene una enfermedad mental\u201d, explica su madre, mostrando la foto de la medicaci\u00f3n que debe tomar diariamente: un tratamiento para la esquizofrenia y los brotes psic\u00f3ticos. \u201cEs muy cara y no podemos comprarla\u201d, susurra. <\/p>\n<p class=\"\">La mujer siempre habla muy bajito y con el rostro medio cubierto por su hiyab, con el que se seca unas l\u00e1grimas que, sin embargo, no son solo por su hijo enfermo, sino por su marido, que falleci\u00f3 hace seis meses. \u201cEra diab\u00e9tico; aqu\u00ed tampoco pudimos encontrar su medicaci\u00f3n\u201d, resume. En ambos casos, la salud de padre e hijo se ha visto condicionada por decisiones tomadas a miles de kil\u00f3metros por una persona: el presidente de Estados Unidos, Donald Trump.<\/p>\n<p><img fetchpriority=\"high\" decoding=\"auto\" class=\"_re  a_m-h\" height=\"276\"  width=\"414\" src=\"https:\/\/www.europesays.com\/es\/wp-content\/uploads\/2026\/01\/OPYJVVBQVBA65CPXHW26XHZFRU.jpg\" loading=\"eager\"\/>Khaliya Mohamed Adam, a la derecha, con una de sus hijas y una de sus nietas, en su casa del campo de refugiados de Farchana, en el este de Chad, en diciembre de 2025.Lola Hierro<img decoding=\"auto\" class=\"_re lazyload a_m-h\" height=\"276\"  width=\"414\" src=\"https:\/\/www.europesays.com\/es\/wp-content\/uploads\/2026\/01\/E2FF5LZNKFGFTDB7E3FZP5JFFM.jpg\" loading=\"lazy\"\/>En el asentamiento espont\u00e1neo de Adr\u00e9, alrededor de 230.000 personas viven sin un techo bajo el que cobijarse. Frontera entre Sud\u00e1n y Chad, diciembre de 2025.Lola Hierro<img decoding=\"auto\" class=\"_re lazyload a_m-h\" height=\"276\"  width=\"414\" src=\"https:\/\/www.europesays.com\/es\/wp-content\/uploads\/2026\/01\/AKMDYYTPBNEXDMNOVUG24FR33A.jpg\" loading=\"lazy\"\/>Sabah Mohamed con sus dos hijas. El d\u00eda de la entrevista, llevaban 25 d\u00edas durmiendo al raso en el centro de registro de Acnur en Adr\u00e9, en la frontera de Chad y Sud\u00e1n, en diciembre de 2025.Lola Hierro<img decoding=\"auto\" class=\"_re lazyload a_m-h\" height=\"276\"  width=\"414\" src=\"https:\/\/www.europesays.com\/es\/wp-content\/uploads\/2026\/01\/MZ3RVOL6HRFHZB3ZQU2ZYR4CV4.jpg\" loading=\"lazy\"\/>Centro de registro de nuevos refugiados de Acnur en Adr\u00e9. Muchas personas pasan hasta tres semanas aqu\u00ed porque no hay posibilidad de reubicarlos en campos.Lola Hierro<img decoding=\"auto\" class=\"_re lazyload a_m-h\" height=\"276\"  width=\"414\" src=\"https:\/\/www.europesays.com\/es\/wp-content\/uploads\/2026\/01\/7WVR6UDMXJDVFJD6FGITKXJGSM.jpg\" loading=\"lazy\"\/>Cartel con las banderas y logotipos de pa\u00edses e instituciones que financiaron la construcci\u00f3n de una de las extensiones del campo de refugiados de Farchana, en el este de Chad, en diciembre de 2025.Lola Hierro<img decoding=\"auto\" class=\"_re lazyload a_m-h\" height=\"276\"  width=\"414\" src=\"https:\/\/www.europesays.com\/es\/wp-content\/uploads\/2026\/01\/UVE56PQIHJBW5BS4SKSDGPCH3E.jpg\" loading=\"lazy\"\/>Un nutrido grupo de personas, principalmente mujeres, espera a recibir la ayuda humanitaria que unos mozos est\u00e1n descargando de los camiones en el asentamiento espont\u00e1neo de Adr\u00e9, en la frontera entre Sud\u00e1n y Chad, en diciembre de 2025.Lola Hierro<img decoding=\"auto\" class=\"_re lazyload a_m-h\" height=\"276\"  width=\"414\" src=\"https:\/\/www.europesays.com\/es\/wp-content\/uploads\/2026\/01\/W2A6VWBJ2ZEP5JDF2JP5PC2OKA.jpg\" loading=\"lazy\"\/>Mustalifa, de 14 a\u00f1os, en el centro de tr\u00e1nsito de Acnur en Adr\u00e9, en la frontera entre Sud\u00e1n y Chad, en diciembre de 2025.Lola Hierro<img decoding=\"auto\" class=\"_re lazyload a_m-h\" height=\"276\"  width=\"414\" src=\"https:\/\/www.europesays.com\/es\/wp-content\/uploads\/2026\/01\/VOFJ3GOIRNFQXO7Q752PZRUEP4.jpg\" loading=\"lazy\"\/>Una mujer subida en burro en el asentamiento espont\u00e1neo de Adr\u00e9.Lola Hierro<img decoding=\"auto\" class=\"_re lazyload a_m-h\" height=\"276\"  width=\"414\" src=\"https:\/\/www.europesays.com\/es\/wp-content\/uploads\/2026\/01\/VFBKNBGCB5C3VK46RWZPLFCWD4.jpg\" loading=\"lazy\"\/>Dos de los hijos de Khadija Haroun, en el patio de su casa en el campo de refugiados de Farchana, en el este de Chad, en diciembre de 2025.Lola Hierro<img decoding=\"auto\" class=\"_re lazyload a_m-h\" height=\"276\"  width=\"414\" src=\"https:\/\/www.europesays.com\/es\/wp-content\/uploads\/2026\/01\/EVR2E2HR6FHONCVJVRKSRHU4JA.jpg\" loading=\"lazy\"\/>Un grupo de mujeres hace fila para acceder al reparto de comida del Programa Mundial de Alimentos (PMA) en el asentamiento espont\u00e1neo de Adr\u00e9.Lola Hierro<img decoding=\"auto\" class=\"_re lazyload a_m-h\" height=\"276\"  width=\"414\" src=\"https:\/\/www.europesays.com\/es\/wp-content\/uploads\/2026\/01\/P3732UYV3NAIFIMT3TGX7MP7YA.jpg\" loading=\"lazy\"\/>Unos ni\u00f1os se abastecen de agua en un grifo a pocos metros de la frontera entre Chad y Sud\u00e1n, en diciembre de 2025.Lola Hierro<img decoding=\"auto\" class=\"_re lazyload a_m-h\" height=\"276\"  width=\"414\" src=\"https:\/\/www.europesays.com\/es\/wp-content\/uploads\/2026\/01\/7XJIJ5N7LBC5NPXRNEA4QZCJ54.jpg\" loading=\"lazy\"\/>Unos estudiantes juegan al voley en el instituto de secundaria del campo de refugiados de Farchana, en el este de Chad, en diciembre de 2025.Lola Hierro<\/p>\n<p class=\"\">Ese \u201caqu\u00ed\u201d que pronuncia Khaliya Mohamed es el campo de refugiados de Farchana, en el este de Chad, uno m\u00e1s de la decena que gestiona el Alto Comisionado de Naciones Unidas para los Refugiados (Acnur) y donde viven alrededor de 56.000 personas. Yanik Yank, jefe de misi\u00f3n de esta agencia en Farchana, lo atestigua: \u201cEn los centros de salud solo hay f\u00e1rmacos muy b\u00e1sicos: para la tensi\u00f3n alta, para resfriados\u2026\u201d.<\/p>\n<p class=\"\">Yank atribuye las carencias a <a href=\"https:\/\/elpais.com\/planeta-futuro\/2025-02-05\/trump-empieza-a-cambiar-el-mundo-y-no-para-bien-al-suspender-los-fondos-de-usaid-para-la-ayuda-al-desarrollo.html\" target=\"_self\" rel=\"nofollow noopener\" title=\"https:\/\/elpais.com\/planeta-futuro\/2025-02-05\/trump-empieza-a-cambiar-el-mundo-y-no-para-bien-al-suspender-los-fondos-de-usaid-para-la-ayuda-al-desarrollo.html\">los recortes de financiaci\u00f3n humanitaria que EE\u202fUU decret\u00f3<\/a> en enero de 2025, solo dos d\u00edas despu\u00e9s de que Trump regresara a la Casa Blanca. El presidente orden\u00f3 una pausa de 90 d\u00edas en toda la ayuda exterior, y poco despu\u00e9s, el secretario de Estado Marco Rubio anunci\u00f3 la cancelaci\u00f3n del 83% de los programas de USAID, la agencia de cooperaci\u00f3n del pa\u00eds, lo que gener\u00f3 un agujero de 60.000 millones de d\u00f3lares (unos 51.000 millones de euros) respecto al apoyo previo.<\/p>\n<p class=\"\">La financiaci\u00f3n de programas humanitarios ha ca\u00eddo a su nivel m\u00e1s bajo en una d\u00e9cada, seg\u00fan la Oficina de Coordinaci\u00f3n de Asuntos Humanitarios de la ONU (OCHA). ALNAP, un observatorio que estudia c\u00f3mo se emplea la ayuda humanitaria, alert\u00f3 recientemente de que a finales de 2025, los fondos globales podr\u00edan haberse contraido hasta un 45% respecto a 2023, debido a los recortes de Washington, <a href=\"https:\/\/elpais.com\/planeta-futuro\/2025-12-03\/el-ano-que-viene-estaremos-aqui-contando-muertos-los-fondos-para-ayuda-humanitaria-mermaron-peligrosamente-debido-a-los-recortes.html\" target=\"_self\" rel=\"nofollow noopener\" title=\"https:\/\/elpais.com\/planeta-futuro\/2025-12-03\/el-ano-que-viene-estaremos-aqui-contando-muertos-los-fondos-para-ayuda-humanitaria-mermaron-peligrosamente-debido-a-los-recortes.html\">pero no solo<\/a>: Alemania ha rebajado m\u00e1s de la mitad su contribuci\u00f3n; Francia ha reducido el 18%, y Pa\u00edses Bajos y Reino Unido han anunciado medidas similares en los pr\u00f3ximos a\u00f1os.<\/p>\n<p class=\"\">Acnur, que atiende a m\u00e1s de 122 millones de refugiados en el mundo, termina 2025 con 3.900 millones de d\u00f3lares, <a href=\"https:\/\/www.unhcr.ca\/news\/unhcrs-grandi-critical-funding-gap-may-force-deeper-cuts-to-refugee-aid\" rel=\"nofollow noopener\" target=\"_blank\">un 25\u202f% menos que en 2024<\/a>. La \u00faltima vez que la agencia estuvo tan limitada fue en 2015, cuando la cifra de desplazados era la mitad. \u201cLa muerte del esposo de Khaliya fue absolutamente evitable\u201d, lamenta Yank. En Chad, donde un mill\u00f3n de personas dependen de Acnur, el presupuesto se desplom\u00f3: \u201cEmpezamos el a\u00f1o con una brecha de financiaci\u00f3n de m\u00e1s del 80% respecto al a\u00f1o anterior\u201d.<\/p>\n<blockquote class=\"a_q\">\n<p>En octubre de 2025, Chad solo hab\u00eda recibido el 35% de la financiaci\u00f3n humanitaria necesaria<\/p>\n<\/blockquote>\n<p class=\"\">En octubre de 2025, solo se hab\u00eda logrado reunir el 35% de los fondos necesarios para Chad. Desde 2003, este pa\u00eds acoge a cientos de miles de sudaneses que huyeron del genocidio en la vecina regi\u00f3n de Darfur. La nueva generaci\u00f3n de refugiados lleg\u00f3 al estallar la guerra entre el ej\u00e9rcito gubernamental y las milicias de las paramilitares Fuerzas de Apoyo R\u00e1pido (RSF, por sus siglas en ingl\u00e9s) en abril de 2023, que ha generado la peor crisis humanitaria del mundo: m\u00e1s de 12 millones de personas est\u00e1n desplazadas y 30 millones necesitan ayuda urgente. Las muertes oscilan <a href=\"https:\/\/elpais.com\/internacional\/2024-11-26\/sudan-se-desangra-en-la-peor-espiral-de-violencia-desde-el-inicio-de-la-guerra-civil.html\" rel=\"nofollow noopener\" target=\"_blank\">entre 60.000<\/a> y 150.000, seg\u00fan las estimaciones de organizaciones internacionales y centros de an\u00e1lisis independientes.<\/p>\n<p>Sin cirujanos<\/p>\n<p class=\"\">En dos a\u00f1os, unos 895.000 sudaneses han llegado a <a href=\"https:\/\/elpais.com\/planeta-futuro\/2022-06-02\/el-inmenso-pais-de-los-que-huyeron-con-lo-puesto.html\" target=\"_self\" rel=\"nofollow noopener\" title=\"https:\/\/elpais.com\/planeta-futuro\/2022-06-02\/el-inmenso-pais-de-los-que-huyeron-con-lo-puesto.html\">Chad, que mantiene abiertas sus fronteras<\/a> pese a ser uno de los pa\u00edses m\u00e1s pobres del mundo: en 2024, el 39,4% de la poblaci\u00f3n viv\u00eda bajo la l\u00ednea de pobreza, con menos de dos euros diarios, seg\u00fan el Banco Mundial. La ayuda humanitaria es indispensable para sostener cualquier respuesta a la poblaci\u00f3n refugiada y esa carencia tiene impactos inmediatos y devastadores. Beno\u00eet Kabenye, jefe de oficina de Acnur en Adr\u00e9, la primera ciudad chadiana que encuentran los desplazados al cruzar la frontera con Sud\u00e1n, explica que la falta de financiaci\u00f3n dificulta establecer asentamientos y la capacidad de reubicaci\u00f3n se est\u00e1 viendo muy limitada. \u201cAdr\u00e9 es uno de los principales puntos de entrada. En unos meses ser\u00e1 dificil poder proporcionar refugio\u201d. Yank asegura que antes incluso ofrec\u00edan comidas a los reci\u00e9n llegados; pero el programa se suspendi\u00f3. \u201cAntes hab\u00eda refugios vac\u00edos; ahora hay gente durmiendo en colegios\u201d, lamenta.<\/p>\n<p class=\"\">Un paseo por la frontera, apenas marcada por un adoqu\u00edn de arenisca, permite corroborar el trasiego constante de personas, animales y veh\u00edculos. La llegada a Adr\u00e9 no supone el fin de los problemas para los desplazados: lo primero que encuentran es un territorio \u00e1rido; luego, la oficina de Acnur \u2014apenas un cobertizo\u2014 donde se registra a los refugiados y un cuello de botella donde muchos esperan d\u00edas o semanas, durmiendo al aire libre.<\/p>\n<p><img alt=\"Khadija Haroun muestra las radiograf\u00edas de su pierna, donde se distinguen siete clavos y una barra met\u00e1lica que deb\u00edan hab\u00e9rsele retirado hace seis meses, en su casa del campo de refugiados de Farchana, en el este de Chad, en diciembre de 2025.\" decoding=\"auto\" class=\"_re lazyload a_m-h\" height=\"276\"  width=\"414\"  src=\"https:\/\/www.europesays.com\/es\/wp-content\/uploads\/2026\/01\/2OZLFXULLZDODPEQ6J4IYLLA7I.jpg\" loading=\"lazy\"\/>Khadija Haroun muestra las radiograf\u00edas de su pierna, donde se distinguen siete clavos y una barra met\u00e1lica que deb\u00edan hab\u00e9rsele retirado hace seis meses, en su casa del campo de refugiados de Farchana, en el este de Chad, en diciembre de 2025.Lola Hierro<\/p>\n<p class=\"\">En este centro pasa las horas Mustalifa, de 14 a\u00f1os, con un gran enfado porque nadie ha atendido a\u00fan a su madre, que sufre un sarpullido por todo el cuerpo: \u201cLlevamos dos semanas esperando a ser reubicadas; queremos ir al mismo campo que mis tres hermanos\u201d, reclama. Sabah Mohamed lleva 25 d\u00edas durmiendo al raso con su beb\u00e9 y su otra hija. \u201cLa ni\u00f1a no duerme; no hay comida ni s\u00e1banas\u201d, dice con un tono rabioso y apresurado. Los testimonios reflejan que el alojamiento es uno de los mayores retos. Los campos deb\u00edan albergar como m\u00e1ximo a 50.000 personas, pero muchos ya lo superan. Algunos s\u00ed tienen espacio, pero quedan muy lejos y los refugiados buscan estar cerca de la frontera, sobre todo por ese anhelo de poder regresar a casa alg\u00fan d\u00eda.<\/p>\n<p class=\"\">Quienes no son reubicados, se instalan en un vasto territorio donde 230.000 personas malviven apretujadas, sin viviendas y sin apenas servicios, donde las ONG solo alcanzan a cubrir lo m\u00ednimo. Kabenye detalla: \u201cSolo se proporcionan servicios de emergencia para salvar vidas: atenci\u00f3n sanitaria, agua, letrinas y distribuci\u00f3n de alimentos; no hay educaci\u00f3n, medios de vida ni refugio adecuado\u201d. La escasez de recursos afecta la protecci\u00f3n y seguridad; la prolongaci\u00f3n del conflicto y la invisibilidad de la crisis sudanesa agravan la situaci\u00f3n.<\/p>\n<p><img decoding=\"auto\" class=\"_re lazyload a_m-h\" height=\"276\"  width=\"414\"  src=\"https:\/\/www.europesays.com\/es\/wp-content\/uploads\/2026\/01\/XI4G7IIESJFTNIZ3VA7LWOW6EE.jpg\" loading=\"lazy\"\/>Un hombre saluda desde su tienda, construida con ramas y ca\u00f1as, en el sitio espont\u00e1neo de Adr\u00e9, en el este de Chad, en diciembre de 2025.Lola Hierro<\/p>\n<p class=\"\">En personas como Khadija Haroun se entiende la dimensi\u00f3n de estos recortes. Sentada sobre una esterilla de colores en el patio de su casa, en Farchana, y en compa\u00f1\u00eda de su hija mayor, Djamila, de 18 a\u00f1os, muestra unas radiograf\u00edas estremecedoras de su cadera y f\u00e9mur derecho, sostenidos con siete clavos y una barra met\u00e1lica a lo largo de toda la extremidad. Semejante desastre fue causado por una bala que le entr\u00f3 por la cadera derecha en 2023, durante la toma de Al Geneina, capital de Darfur, por parte de las RSF. Cuando llegaron a Adr\u00e9, el personal sanitario de M\u00e9dicos Sin Fronteras (MSF) la intervino quir\u00fargicamente y le salv\u00f3 la vida. Lograron llegar porque Djamila transport\u00f3 a su madre en una carretilla durante cuatro d\u00edas, sin comida ni apenas agua, se enorgullece la adolescente. <\/p>\n<p class=\"\">Los problemas prosiguieron, no obstante: los clavos ten\u00edan que haber sido retirados hace seis meses, pero el programa de cirug\u00edas ha cerrado y Khadija vive entre grandes dolores que le impiden andar. Seg\u00fan Yank, unas 200 personas en Farchana esperan una cirug\u00eda similar, y en toda la provincia de Ouaddai, donde se concentra la mayor\u00eda de refugiados, son alrededor de 5.000, y solo hay un cirujano. <\/p>\n<p>Elegir vulnerables entre los m\u00e1s vulnerables<\/p>\n<p class=\"\">Los recortes tambi\u00e9n han reducido dr\u00e1sticamente la ayuda alimentaria y el acceso al agua. Idriss Allaramadji Dezeh, jefe de misi\u00f3n en Chad del Comit\u00e9 Internacional para Emergencias de Canad\u00e1 (CIAUD), describe el impacto: \u201cSi antes ten\u00edamos 100 sacos de arroz para 2.000 personas, ahora solo tenemos 20, y los refugiados siguen siendo 2.000\u201d. \u201cTenemos que elegir a los m\u00e1s vulnerables de entre los m\u00e1s vulnerables\u201d, a\u00f1ade Yank. Amouna Arbab Abaker, madre de tres hijos, asegura que recibe ayuda en efectivo que recibe cada dos meses. \u201cCompro sorgo, lentejas\u2026 Podemos comer tres veces al d\u00eda, pero faltan camas, alimentos y medios de subsistencia. \u00bfMi principal preocupaci\u00f3n? Sobrevivir\u201d.<\/p>\n<p class=\"\">La familia de Khadija Haroun come dos veces al d\u00eda. \u201cPara el almuerzo, bebemos t\u00e9\u201d, dice la matriarca, que mantiene a los tres hijos que a\u00fan viven con ella gracias a su madre, ya anciana, que vende hortalizas en un mercado local. Haroun, debido al metal que tiene en el cuerpo, no puede trabajar. \u201cA veces no tenemos nada, pero los vecinos tambi\u00e9n nos ayudan\u201d, agradece. <\/p>\n<blockquote class=\"a_q\">\n<p>Ahora tenemos que comprar alimentos que antes nos daban<\/p>\n<p>Khaliya Mohamed, refugiada<\/p><\/blockquote>\n<p class=\"\">Khaliya Mohamed, que cuida de varias hijas y nietos adem\u00e1s de ocuparse de Maydeen, el mayor, desear\u00eda carne, frutas y leche, bienes inalcanzables por su alto coste. \u201cAqu\u00ed la mayor\u00eda depende de la ayuda humanitaria, y ahora tenemos que comprar alimentos que antes nos daban\u201d, asevera. Su mayor problema es mantener con vida a sus hijos y conseguir medicinas y comida. \u201cEs todo muy incierto\u201d, solloza.<\/p>\n<p>Estacazo a la educaci\u00f3n secundaria<\/p>\n<p class=\"\">Los recortes afectan tambi\u00e9n a la educaci\u00f3n. Los centros para adultos han cerrado y casi ocurre lo mismo con los institutos de secundaria. Estaban financiados por la Oficina de Poblaci\u00f3n, Refugiados y Migraci\u00f3n (PRM seg\u00fan sus siglas en ingl\u00e9s) de Estados Unidos, <a href=\"https:\/\/www.whitehouse.gov\/presidential-actions\/2025\/01\/realigning-the-united-states-refugee-admissions-program\/#:~:text=The%20United%20States%20lacks%20the,of%20the%20INA%2C%208%20U.S.C.\" rel=\"nofollow noopener\" target=\"_blank\">que fue desmantelada de la noche a la ma\u00f1ana<\/a>. Miles de estudiantes se quedaron sin clases, con los ex\u00e1menes finales a la vista. Los profesores, sudaneses refugiados, accedieron a seguir dando clase sin cobrar, y algunos padres aportaron lo poco que pod\u00edan, aunque fuera para comprar jab\u00f3n. <\/p>\n<p><img decoding=\"auto\" class=\"_re lazyload a_m-h\" height=\"276\"  width=\"414\"  src=\"https:\/\/www.europesays.com\/es\/wp-content\/uploads\/2026\/01\/SW5LHNTBTJEKBCF2Z5ZZU6VNAM.jpg\" loading=\"lazy\"\/>Khadija Hamed, estudiante de 18 a\u00f1os del instituto de secundaria del campo de refugiados de Farchana, en diciembre de 2025.Lola Hierro<\/p>\n<p class=\"\">Khadija Hamed, de 18 a\u00f1os, quiere estudiar medicina y trabaja en agricultura para pagarse la escuela: \u201cLa educaci\u00f3n es importante, sin ella no entiendes nada de la vida\u201d. Cuando le dijeron que EE\u202fUU hab\u00eda cerrado el grifo, sinti\u00f3 miedo. \u201cFue frustrante, pareci\u00f3 que todos los sue\u00f1os se deten\u00edan\u201d. Apoyos puntuales de familias y organizaciones como el Servicio Jesuita al Refugiado y la Fundaci\u00f3n Mastercard han asegurado fondos para los pr\u00f3ximos tres a\u00f1os, aunque siguen faltando medios, advierte Abdulrahim Abdulkarim Juma, director del instituto de Farchana: \u201cAqu\u00ed tenemos 700 alumnos y solo seis aulas\u201d, ejemplifica. <\/p>\n<p class=\"\">El instituto de Farchana es un pulcro recinto de media docena de aulas desperdigadas y una cancha con porter\u00edas y una red de voley. Medio centenar de chicos y chicas con uniforme escolar juegan con un bal\u00f3n, aparentemente despreocupados, en una escena similar a la de cualquier colegio del mundo. Pero falta algo, y no son los libros, ordenadores, cuadernos o pupitres; ni siquiera los salarios de los profesores. Son los compa\u00f1eros: pese a los esfuerzos, muchos alumnos han dejado los estudios porque sus familias no pudieron hacer frente a los gastos.<\/p>\n","protected":false},"excerpt":{"rendered":"Maydeen Mohamed Adam observa en silencio a su madre, Khaliya, por encima de la valla de ca\u00f1as y&hellip;\n","protected":false},"author":2,"featured_media":318795,"comment_status":"","ping_status":"","sticky":false,"template":"","format":"standard","meta":{"footnotes":""},"categories":[42],"tags":[70681,5341,17,18,72363,22053,352,2026,23368,629,13,14,78,11,61,62,63,64,19,20,9,10,15,16,40458,20583,166,16262,12,21,22,65,66,67],"class_list":{"0":"post-318794","1":"post","2":"type-post","3":"status-publish","4":"format-standard","5":"has-post-thumbnail","7":"category-internacional","8":"tag-acnur","9":"tag-ayuda-humanitaria","10":"tag-breaking-news","11":"tag-breakingnews","12":"tag-chad","13":"tag-darfur","14":"tag-donald-trump","15":"tag-educacion","16":"tag-educacion-secundaria","17":"tag-estados-unidos","18":"tag-featured-news","19":"tag-featurednews","20":"tag-hambre","21":"tag-headlines","22":"tag-internacional","23":"tag-international","24":"tag-international-news","25":"tag-internationalnews","26":"tag-latest-news","27":"tag-latestnews","28":"tag-news","29":"tag-noticias","30":"tag-noticias-destacadas","31":"tag-noticiasdestacadas","32":"tag-recortes-sociales","33":"tag-refugiados","34":"tag-salud","35":"tag-sudan","36":"tag-titulares","37":"tag-ultimas-noticias","38":"tag-ultimasnoticias","39":"tag-world","40":"tag-world-news","41":"tag-worldnews"},"share_on_mastodon":{"url":"","error":"Validation failed: Text character limit of 500 exceeded"},"_links":{"self":[{"href":"https:\/\/www.europesays.com\/es\/wp-json\/wp\/v2\/posts\/318794","targetHints":{"allow":["GET"]}}],"collection":[{"href":"https:\/\/www.europesays.com\/es\/wp-json\/wp\/v2\/posts"}],"about":[{"href":"https:\/\/www.europesays.com\/es\/wp-json\/wp\/v2\/types\/post"}],"author":[{"embeddable":true,"href":"https:\/\/www.europesays.com\/es\/wp-json\/wp\/v2\/users\/2"}],"replies":[{"embeddable":true,"href":"https:\/\/www.europesays.com\/es\/wp-json\/wp\/v2\/comments?post=318794"}],"version-history":[{"count":0,"href":"https:\/\/www.europesays.com\/es\/wp-json\/wp\/v2\/posts\/318794\/revisions"}],"wp:featuredmedia":[{"embeddable":true,"href":"https:\/\/www.europesays.com\/es\/wp-json\/wp\/v2\/media\/318795"}],"wp:attachment":[{"href":"https:\/\/www.europesays.com\/es\/wp-json\/wp\/v2\/media?parent=318794"}],"wp:term":[{"taxonomy":"category","embeddable":true,"href":"https:\/\/www.europesays.com\/es\/wp-json\/wp\/v2\/categories?post=318794"},{"taxonomy":"post_tag","embeddable":true,"href":"https:\/\/www.europesays.com\/es\/wp-json\/wp\/v2\/tags?post=318794"}],"curies":[{"name":"wp","href":"https:\/\/api.w.org\/{rel}","templated":true}]}}