{"id":318796,"date":"2026-01-02T08:40:15","date_gmt":"2026-01-02T08:40:15","guid":{"rendered":"https:\/\/www.europesays.com\/es\/318796\/"},"modified":"2026-01-02T08:40:15","modified_gmt":"2026-01-02T08:40:15","slug":"notable-impacto-de-sinrecursosnohaycuidados-la-campana-que-reivindica-el-apoyo-publico-a-4-000-centros-y-servicios-de-plena-inclusion","status":"publish","type":"post","link":"https:\/\/www.europesays.com\/es\/318796\/","title":{"rendered":"Notable impacto de #SinRecursosNOhayCuidados, la campa\u00f1a que reivindica el apoyo p\u00fablico a 4.000 centros y servicios de Plena inclusi\u00f3n"},"content":{"rendered":"<p>En 2025, Plena inclusi\u00f3n Espa\u00f1a<br \/>hizo una campa\u00f1a llamada<br \/><strong>#SinRecursosNOhayCuidados<\/strong>.<\/p>\n<p>Esta campa\u00f1a avis\u00f3<br \/>de que el sistema de apoyos y cuidados<br \/>para personas con discapacidad<br \/>y sus familias est\u00e1 en peligro.<\/p>\n<p>El problema es<br \/>que las administraciones p\u00fablicas<br \/>no dan suficiente dinero<br \/>a las asociaciones.<\/p>\n<p>Plena inclusi\u00f3n Espa\u00f1a re\u00fane<br \/>a m\u00e1s de 950 asociaciones<br \/>que apoyan a m\u00e1s de<br \/>150 mil personas con<br \/>discapacidad intelectual y<br \/>del desarrollo y a sus familias.<\/p>\n<p>Plena inclusi\u00f3n realiza esta actividad<br \/>a trav\u00e9s de 4 mil centros y servicios<br \/>en los que trabajan 46 mil profesionales.<\/p>\n<p>Plena inclusi\u00f3n explic\u00f3<br \/>la importancia de los servicios,<br \/>las dificultades de las familias<br \/>y la necesidad de cuidar mejor<br \/>a las profesionales.<\/p>\n<p>Se hicieron 5 v\u00eddeos<br \/>en los que se contaban<br \/>proyectos de apoyo a<br \/>personas con discapacidad y familias<br \/>que realizan entidades de<br \/>Plena inclusi\u00f3n y que<br \/>est\u00e1n financiados con dinero p\u00fablico.<\/p>\n<p>La campa\u00f1a tuvo mucho impacto<br \/>en redes sociales.<\/p>\n<p>Consigui\u00f3 que sus mensajes<br \/>se vieran 500 mil veces<br \/>durante el a\u00f1o 2025.<\/p>\n<p>Tambi\u00e9n ayud\u00f3<br \/>a reivindicar las peticiones<br \/>de mayor financiaci\u00f3n que defend\u00eda<br \/>federaciones de Plena inclusi\u00f3n<br \/>en comunidades aut\u00f3nomas como<br \/>Andaluc\u00eda, Arag\u00f3n y Galicia.<\/p>\n<p>La campa\u00f1a seguir\u00e1 en 2026<br \/>porque Plena inclusi\u00f3n seguir\u00e1 pidiendo<br \/>una financiaci\u00f3n suficiente y justa<br \/>para dar apoyos de calidad<br \/>a todas las personas con discapacidad intelectual<br \/>y del desarrollo y a sus familias.<\/p>\n<p>\t\t\t\t\t\t\t    \t\tNotable impacto de #SinRecursosNOhayCuidados, la campa\u00f1a que reivindica el apoyo p\u00fablico a 4.000 centros y servicios de Plena inclusi\u00f3n <\/p>\n<p class=\"subtitulo muted\"><img decoding=\"async\" src=\"https:\/\/www.europesays.com\/es\/wp-content\/uploads\/2025\/10\/icon-lectura-dificil.png\" alt=\"Este contenido est\u00e1 en lectura dif\u00edcil\"\/> Este contenido NO est\u00e1 adaptado a Lectura F\u00e1cil<\/p>\n<p>Durante todo el a\u00f1o 2025, desde Plena inclusi\u00f3n Espa\u00f1a desarrollamos una acci\u00f3n de incidencia pol\u00edtica y sensibilizaci\u00f3n social, denominada #SinRecursosNOhayCuidados, para dar la voz de alarma sobre la cr\u00edtica situaci\u00f3n a la que se enfrenta el sector de los cuidados y los apoyos a las personas con discapacidad intelectual y sus familias como consecuencia de la insuficiente financiaci\u00f3n de las administraciones p\u00fablicas.<\/p>\n<p>La red de Plena inclusi\u00f3n est\u00e1 integrada por m\u00e1s de 950 asociaciones, que prestan servicios y apoyos a m\u00e1s de 150.000 personas con discapacidad intelectual y del desarrollo (autismo, par\u00e1lisis cerebral, s\u00edndrome de Down). Como altavoz de ese movimiento, la campa\u00f1a #SinRecursosNOhayCuidados lanz\u00f3 un SOS para sensibilizar a los responsables pol\u00edticos sobre algunos problemas concretos que ponen en riesgo la sostenibilidad de algunos de los 4.000 centros y servicios que gestionan nuestras organizaciones y, con ello, la prestaci\u00f3n de servicios y apoyos, desarrollados por 46.000 profesionales, que son fundamentales para las personas con discapacidad intelectual y sus familias.<\/p>\n<p>Los problemas m\u00e1s acuciantes que originaron la campa\u00f1a est\u00e1n recogidos en el documento \u201cPor un Pacto de Estado para la Dignificaci\u00f3n del Sector de los Apoyos y los Cuidados\u201d y muchos de ellos contin\u00faan todav\u00eda sin soluci\u00f3n:<\/p>\n<p>\u00b7 El c\u00e1lculo desajustado de los precios plaza, que a trav\u00e9s de conciertos o contratos paga la administraci\u00f3n por el servicio, que se estima que est\u00e1n entre un 25% y un 30% por debajo del coste real.<\/p>\n<p>\u00b7 Un marco regulador r\u00edgido y da\u00f1ino, como la ley de desindexaci\u00f3n, que justifica la no elevaci\u00f3n de precios y su ajuste a los costes reales;<\/p>\n<p>\u00b7 El aumento de los costes salariales de los profesionales del sector, cercano al 12%, que a\u00fan con ese incremento no garantiza unas condiciones laborales dignas.<\/p>\n<p>\u00b7 La eliminaci\u00f3n en pr\u00e1cticamente todos los presupuestos auton\u00f3micos de las subvenciones y ayudas a la inversi\u00f3n y al mantenimiento de centros.<\/p>\n<p>De la reivindicaci\u00f3n al impacto concreto en la vida de las personas<\/p>\n<p>La campa\u00f1a #SinRecursosNOhayCuidados se desarroll\u00f3 \u00edntegramente en los medios digitales de Plena inclusi\u00f3n, tanto de la Confederaci\u00f3n como de las federaciones auton\u00f3micas. Solo en las redes sociales de Plena inclusi\u00f3n Espa\u00f1a, la campa\u00f1a consigui\u00f3 cerca de 500.000 visualizaciones.<\/p>\n<p>En la primera fase de la campa\u00f1a, desde diciembre de 2024 a junio de 2025, puso el foco en los problemas generados por la financiaci\u00f3n insuficiente de los servicios y apoyos a las personas con discapacidad intelectual y del desarrollo y sus familias. Lo hizo a trav\u00e9s de tem\u00e1ticas como la conciliaci\u00f3n de la vida familiar, el valor de los servicios de atenci\u00f3n y cuidados que prestan la red de centros de Plena inclusi\u00f3n, y las necesarias mejoras de las condiciones laborales de los y las profesionales que prestan esos servicios.<\/p>\n<p>A partir de septiembre de 2025, la segunda fase de la campa\u00f1a mostr\u00f3 el impacto que tienen en la vida de estas personas otros tantos proyectos desarrollados por organizaciones del movimiento asociativo de Plena inclusi\u00f3n de Madrid, Castilla-La Mancha y Castilla y Le\u00f3n que son sostenidos con dinero p\u00fablico.<\/p>\n<p>A trav\u00e9s de 5 v\u00eddeos, la campa\u00f1a visibiliz\u00f3 el destino dado a los fondos p\u00fablicos con historias de asistencia personal, empleo inclusivo, un hogar de personas con grandes necesidades de apoyo, apoyo a madres y padres con discapacidad o el liderazgo para defender sus derechos. Historias que explican por s\u00ed solas el enorme valor que la financiaci\u00f3n p\u00fablica tiene para la calidad de vida y el bienestar de las personas con discapacidad intelectual y del desarrollo y sus familias.<\/p>\n<p>Con la implicaci\u00f3n de las distintas federaciones de Plena inclusi\u00f3n, la campa\u00f1a ha permitido poner en la agenda pol\u00edtica la necesidad de dotar de financiaci\u00f3n p\u00fablica suficiente y justa al conjunto de servicios que garantizan los cuidados y apoyos para las personas con discapacidad intelectual y sus familias. Esta acci\u00f3n de incidencia pol\u00edtica tambi\u00e9n ha acompa\u00f1ado y dotado de sentido a los reclamos y negociaciones con la administraci\u00f3n p\u00fablica que durante 2025 se han desarrollado en algunos territorios; por ejemplo, en Andaluc\u00eda, Arag\u00f3n y Galicia.<\/p>\n<p>La campa\u00f1a seguir\u00e1 desarroll\u00e1ndose en 2026 porque la reivindicaci\u00f3n sigue en pie y la mantendremos viva mientras sea necesario: financiaci\u00f3n p\u00fablica suficiente y justa para los servicios y apoyos para las personas con discapacidad intelectual y del desarrollo. Porque sin recursos p\u00fablicos suficientes no es posible garantizar cuidados de calidad.<\/p>\n","protected":false},"excerpt":{"rendered":"En 2025, Plena inclusi\u00f3n Espa\u00f1ahizo una campa\u00f1a llamada#SinRecursosNOhayCuidados. Esta campa\u00f1a avis\u00f3de que el sistema de apoyos y cuidadospara&hellip;\n","protected":false},"author":2,"featured_media":318797,"comment_status":"","ping_status":"","sticky":false,"template":"","format":"standard","meta":{"footnotes":""},"categories":[8],"tags":[17,18,25,24,13,14,11,19,20,9,10,15,16,16342,23,12,21,22],"class_list":{"0":"post-318796","1":"post","2":"type-post","3":"status-publish","4":"format-standard","5":"has-post-thumbnail","7":"category-espana","8":"tag-breaking-news","9":"tag-breakingnews","10":"tag-es","11":"tag-espana","12":"tag-featured-news","13":"tag-featurednews","14":"tag-headlines","15":"tag-latest-news","16":"tag-latestnews","17":"tag-news","18":"tag-noticias","19":"tag-noticias-destacadas","20":"tag-noticiasdestacadas","21":"tag-sostenibilidad","22":"tag-spain","23":"tag-titulares","24":"tag-ultimas-noticias","25":"tag-ultimasnoticias"},"share_on_mastodon":{"url":"https:\/\/pubeurope.com\/@es\/115824612491090299","error":""},"_links":{"self":[{"href":"https:\/\/www.europesays.com\/es\/wp-json\/wp\/v2\/posts\/318796","targetHints":{"allow":["GET"]}}],"collection":[{"href":"https:\/\/www.europesays.com\/es\/wp-json\/wp\/v2\/posts"}],"about":[{"href":"https:\/\/www.europesays.com\/es\/wp-json\/wp\/v2\/types\/post"}],"author":[{"embeddable":true,"href":"https:\/\/www.europesays.com\/es\/wp-json\/wp\/v2\/users\/2"}],"replies":[{"embeddable":true,"href":"https:\/\/www.europesays.com\/es\/wp-json\/wp\/v2\/comments?post=318796"}],"version-history":[{"count":0,"href":"https:\/\/www.europesays.com\/es\/wp-json\/wp\/v2\/posts\/318796\/revisions"}],"wp:featuredmedia":[{"embeddable":true,"href":"https:\/\/www.europesays.com\/es\/wp-json\/wp\/v2\/media\/318797"}],"wp:attachment":[{"href":"https:\/\/www.europesays.com\/es\/wp-json\/wp\/v2\/media?parent=318796"}],"wp:term":[{"taxonomy":"category","embeddable":true,"href":"https:\/\/www.europesays.com\/es\/wp-json\/wp\/v2\/categories?post=318796"},{"taxonomy":"post_tag","embeddable":true,"href":"https:\/\/www.europesays.com\/es\/wp-json\/wp\/v2\/tags?post=318796"}],"curies":[{"name":"wp","href":"https:\/\/api.w.org\/{rel}","templated":true}]}}