{"id":318798,"date":"2026-01-02T08:41:08","date_gmt":"2026-01-02T08:41:08","guid":{"rendered":"https:\/\/www.europesays.com\/es\/318798\/"},"modified":"2026-01-02T08:41:08","modified_gmt":"2026-01-02T08:41:08","slug":"alerta-por-fenomenos-meteorologicos-adversos-anuncios-mi-ayuntamiento","status":"publish","type":"post","link":"https:\/\/www.europesays.com\/es\/318798\/","title":{"rendered":"Alerta por fen\u00f3menos meteorol\u00f3gicos adversos | Anuncios | Mi Ayuntamiento"},"content":{"rendered":"<p>Ante los avisos meteorol\u00f3gicos emitidos por la<strong> AEMET<\/strong> y la situaci\u00f3n de <strong>ALERTA <\/strong>decretada por el Gobierno de Canarias a causa de la tormenta Francis, el Ayuntamiento de Adeje anuncia la <strong>activaci\u00f3n del Plan de Emergencias Municipal (PEMAD) a partir de las 10.00 horas de este JUEVES, 1 de ENERO de 2026<\/strong>.<\/p>\n<p>La previsi\u00f3n indica que a partir de ese momento ser\u00e1 cuando nuestro municipio se pueda ver m\u00e1s afectados por<strong> tormentas, lluvias, viento y mala mar.<\/strong><\/p>\n<p>El dispositivo de vigilancia y seguimiento municipal estar\u00e1 activado a trav\u00e9s del <strong>CECOPAL.<\/strong><\/p>\n<p><strong>Se ruega a la poblaci\u00f3n\u00a0que siga las indicaciones<\/strong> de las autoridades, <strong>a trav\u00e9s de medios oficiales<\/strong>, y <strong>evite desplazamientos y riesgos innecesarios<\/strong> a partir del d\u00eda y la hora referidos y hasta que la situaci\u00f3n se disipe.<\/p>\n<p>\u00a0<\/p>\n<p><\/p>\n","protected":false},"excerpt":{"rendered":"Ante los avisos meteorol\u00f3gicos emitidos por la AEMET y la situaci\u00f3n de ALERTA decretada por el Gobierno de&hellip;\n","protected":false},"author":2,"featured_media":165477,"comment_status":"","ping_status":"","sticky":false,"template":"","format":"standard","meta":{"footnotes":""},"categories":[5],"tags":[17,18,25,24,13,14,11,19,20,9,10,15,16,23,12,21,22],"class_list":{"0":"post-318798","1":"post","2":"type-post","3":"status-publish","4":"format-standard","5":"has-post-thumbnail","7":"category-titulares","8":"tag-breaking-news","9":"tag-breakingnews","10":"tag-es","11":"tag-espana","12":"tag-featured-news","13":"tag-featurednews","14":"tag-headlines","15":"tag-latest-news","16":"tag-latestnews","17":"tag-news","18":"tag-noticias","19":"tag-noticias-destacadas","20":"tag-noticiasdestacadas","21":"tag-spain","22":"tag-titulares","23":"tag-ultimas-noticias","24":"tag-ultimasnoticias"},"share_on_mastodon":{"url":"https:\/\/pubeurope.com\/@es\/115824615932164304","error":""},"_links":{"self":[{"href":"https:\/\/www.europesays.com\/es\/wp-json\/wp\/v2\/posts\/318798","targetHints":{"allow":["GET"]}}],"collection":[{"href":"https:\/\/www.europesays.com\/es\/wp-json\/wp\/v2\/posts"}],"about":[{"href":"https:\/\/www.europesays.com\/es\/wp-json\/wp\/v2\/types\/post"}],"author":[{"embeddable":true,"href":"https:\/\/www.europesays.com\/es\/wp-json\/wp\/v2\/users\/2"}],"replies":[{"embeddable":true,"href":"https:\/\/www.europesays.com\/es\/wp-json\/wp\/v2\/comments?post=318798"}],"version-history":[{"count":0,"href":"https:\/\/www.europesays.com\/es\/wp-json\/wp\/v2\/posts\/318798\/revisions"}],"wp:featuredmedia":[{"embeddable":true,"href":"https:\/\/www.europesays.com\/es\/wp-json\/wp\/v2\/media\/165477"}],"wp:attachment":[{"href":"https:\/\/www.europesays.com\/es\/wp-json\/wp\/v2\/media?parent=318798"}],"wp:term":[{"taxonomy":"category","embeddable":true,"href":"https:\/\/www.europesays.com\/es\/wp-json\/wp\/v2\/categories?post=318798"},{"taxonomy":"post_tag","embeddable":true,"href":"https:\/\/www.europesays.com\/es\/wp-json\/wp\/v2\/tags?post=318798"}],"curies":[{"name":"wp","href":"https:\/\/api.w.org\/{rel}","templated":true}]}}