{"id":318805,"date":"2026-01-02T08:52:13","date_gmt":"2026-01-02T08:52:13","guid":{"rendered":"https:\/\/www.europesays.com\/es\/318805\/"},"modified":"2026-01-02T08:52:13","modified_gmt":"2026-01-02T08:52:13","slug":"un-podcast-hace-visible-el-arte-al-invidente","status":"publish","type":"post","link":"https:\/\/www.europesays.com\/es\/318805\/","title":{"rendered":"un p\u00f3dcast hace \u2018visible\u2019 el arte al invidente"},"content":{"rendered":"<p>La <a href=\"https:\/\/www.ultimahora.es\/etiqueta\/fotograf%C3%ADa.html?utm_source=Inline-tag&amp;utm_medium=internal\" rel=\"nofollow noopener\" target=\"_blank\">fotograf\u00eda<\/a> es el arte visual por excelencia. Depende de la luz para existir y, sin ella, tampoco se lo puede apreciar&#8230; \u00bfo s\u00ed? \u00bfSe puede explicar una fotograf\u00eda a alguien que no puede verla? Desde <strong><a href=\"https:\/\/www.ultimahora.es\/etiqueta\/Cin%C3%A8tica+Produccions.html?utm_source=Inline-tag&amp;utm_medium=internal\" rel=\"nofollow noopener\" target=\"_blank\">Cin\u00e8tica Produccions<\/a><\/strong> creen que, por lo menos, se puede intentar. Y eso llevan a cabo en <strong>Fotografia Sonora<\/strong>, un p\u00f3dcast de seis episodios hasta el momento que ya est\u00e1n todos publicados en la plataforma de <strong>iVoox<\/strong> con la intenci\u00f3n de ampliar el a\u00f1o que viene los episodios. El objetivo del proyecto no es otro que el de hacer accesible a personas <a href=\"https:\/\/www.ultimahora.es\/etiqueta\/invidentes.html?utm_source=Inline-tag&amp;utm_medium=internal\" rel=\"nofollow noopener\" target=\"_blank\">invidentes<\/a> un arte que, aunque no puedan ver, s\u00ed puede ser apreciado y entendido con la explicaci\u00f3n debida.<\/p>\n<p>Seis son los nombres propios que han sido ya desgranados en los micr\u00f3fonos de Fotografia Sonora. El primero de ellos, uno de los grandes: <strong><a href=\"https:\/\/www.ultimahora.es\/etiqueta\/Toni+Catany.html?utm_source=Inline-tag&amp;utm_medium=internal\" rel=\"nofollow noopener\" target=\"_blank\">Toni Catany<\/a><\/strong>. Realizado en colaobraci\u00f3n con el Centre Internacional de Fotografia de Llucmajor que lleva su nombre, a trav\u00e9s de una de las instant\u00e1neas m\u00e1s evocadoras del Premio Nacional isle\u00f1o: Nin, Eivissa, 1967. La foto, tomada en la mayor de las Pitiusas, es explicada desde una descripci\u00f3n sensorial, contexto hist\u00f3rico, an\u00e1lisis fotogr\u00e1fico y voces expertas sobre la infancia, la autoridad, el peso cultural y el estilo del autor.<\/p>\n<p><img loading=\"lazy\" decoding=\"async\" src=\"https:\/\/www.europesays.com\/es\/wp-content\/uploads\/2026\/01\/3620875.png\" border=\"0\" alt=\"\" width=\"2048\" height=\"2048\"\/>&#13;<br \/>\nPortada del primer episodio del p\u00f3dcast &#8216;Fotografa Sonora&#8217;.&#13;<\/p>\n<p>El segundo episodio se centra en la autora <strong><a href=\"https:\/\/www.ultimahora.es\/etiqueta\/Veru+Ich%C3%A9.html?utm_source=Inline-tag&amp;utm_medium=internal\" rel=\"nofollow noopener\" target=\"_blank\">Veru Ich\u00e9<\/a><\/strong> a trav\u00e9s de una de sus fotograf\u00edas-collage. Una manera de entrar en su universo oscuro, on\u00edrico y emocional para hablar de la memoria fragmentada, espacios abandonados y la vulnerabilidad del cuerpo y la infancia con voz po\u00e9tica y testimonios.<\/p>\n<p><strong><a href=\"https:\/\/www.ultimahora.es\/etiqueta\/Yago+Soria.html?utm_source=Inline-tag&amp;utm_medium=internal\" rel=\"nofollow noopener\" target=\"_blank\">Yago Soria<\/a><\/strong> es el protagonista del tercer episodio. Su obra, centrada en la fotograf\u00eda documental con mirada de autor, tiene un fuerte inter\u00e9s por la identidad y la transformaci\u00f3n social. Se analiza una pieza de la serie Monte y Culebra, que sirve de homenaje a las gentes de El Valle, en Rep\u00fablica Dominicana.<\/p>\n<p>La cuarta parte del p\u00f3dcast se centra en el autor y director <strong><a href=\"https:\/\/www.ultimahora.es\/etiqueta\/Pep+Bonet.html?utm_source=Inline-tag&amp;utm_medium=internal\" rel=\"nofollow noopener\" target=\"_blank\">Pep Bonet<\/a><\/strong>. Con el uso del blanco y negro como una decisi\u00f3n \u00e9tica para no suavizar ni embellecer la realidad, la fotograf\u00eda escogida es dura de un hombre encadenado. Una foto que no juzga ni explica, sino que obliga a mirar y pone al espectador en una situaci\u00f3n de interpelaci\u00f3n directa.<\/p>\n<p>El pen\u00faltimo episodio explora un trabajo de <strong><a href=\"https:\/\/www.ultimahora.es\/etiqueta\/Xisco+Bonn%C3%ADn.html?utm_source=Inline-tag&amp;utm_medium=internal\" rel=\"nofollow noopener\" target=\"_blank\">Xisco Bonn\u00edn<\/a><\/strong> a trav\u00e9s de una foto en blanco y negro donde dos figuras humanas aparecen detr\u00e1s de una fachada de hormig\u00f3n con rejas. Una periferia urbana indeterminada en los que la carga simb\u00f3lica es grande y como invitaci\u00f3n para escuchar la ciudad que no surge en las postales.<\/p>\n<p>Y, finalmente, el \u00faltimo episodio publicado hasta ahora se centra en <strong>Francesca Sim\u00f3<\/strong>, conocida como V\u00eddua de Virenque, primera fot\u00f3grafa profesional de Mallorca. A partir de un retrato de una joven sentada en Miramar, el mundo rural, la memoria y el papel de la mujer en la fotograf\u00eda se hacen con la tem\u00e1tica de este cap\u00edtulo en el que se reivindica a Sim\u00f3 como pionera.<\/p>\n","protected":false},"excerpt":{"rendered":"La fotograf\u00eda es el arte visual por excelencia. Depende de la luz para existir y, sin ella, tampoco&hellip;\n","protected":false},"author":2,"featured_media":318806,"comment_status":"","ping_status":"","sticky":false,"template":"","format":"standard","meta":{"footnotes":""},"categories":[173],"tags":[229,233,231,230,24435,74366,74367,209,232,234,146,147,25,24,244,4586,74368,54948,74374,74369,2667,23,74370,74371,74372,74373],"class_list":{"0":"post-318805","1":"post","2":"type-post","3":"status-publish","4":"format-standard","5":"has-post-thumbnail","7":"category-arte-y-diseno","8":"tag-arte","9":"tag-arte-y-diseno","10":"tag-arts","11":"tag-arts-and-design","12":"tag-centro-internacional-de-fotografia-toni-catany","13":"tag-cinetica-producciones","14":"tag-cinetica-produccions","15":"tag-cultura","16":"tag-design","17":"tag-diseno","18":"tag-entertainment","19":"tag-entretenimiento","20":"tag-es","21":"tag-espana","22":"tag-fotografia","23":"tag-fotografia-en-mallorca","24":"tag-fundacio-toni-catany","25":"tag-invidente","26":"tag-invidentes","27":"tag-pep-bonet","28":"tag-podcast","29":"tag-spain","30":"tag-toni-catany","31":"tag-veru-iche","32":"tag-xisco-bonnin","33":"tag-yago-soria"},"share_on_mastodon":{"url":"https:\/\/pubeurope.com\/@es\/115824659197816985","error":""},"_links":{"self":[{"href":"https:\/\/www.europesays.com\/es\/wp-json\/wp\/v2\/posts\/318805","targetHints":{"allow":["GET"]}}],"collection":[{"href":"https:\/\/www.europesays.com\/es\/wp-json\/wp\/v2\/posts"}],"about":[{"href":"https:\/\/www.europesays.com\/es\/wp-json\/wp\/v2\/types\/post"}],"author":[{"embeddable":true,"href":"https:\/\/www.europesays.com\/es\/wp-json\/wp\/v2\/users\/2"}],"replies":[{"embeddable":true,"href":"https:\/\/www.europesays.com\/es\/wp-json\/wp\/v2\/comments?post=318805"}],"version-history":[{"count":0,"href":"https:\/\/www.europesays.com\/es\/wp-json\/wp\/v2\/posts\/318805\/revisions"}],"wp:featuredmedia":[{"embeddable":true,"href":"https:\/\/www.europesays.com\/es\/wp-json\/wp\/v2\/media\/318806"}],"wp:attachment":[{"href":"https:\/\/www.europesays.com\/es\/wp-json\/wp\/v2\/media?parent=318805"}],"wp:term":[{"taxonomy":"category","embeddable":true,"href":"https:\/\/www.europesays.com\/es\/wp-json\/wp\/v2\/categories?post=318805"},{"taxonomy":"post_tag","embeddable":true,"href":"https:\/\/www.europesays.com\/es\/wp-json\/wp\/v2\/tags?post=318805"}],"curies":[{"name":"wp","href":"https:\/\/api.w.org\/{rel}","templated":true}]}}