{"id":318815,"date":"2026-01-02T08:59:10","date_gmt":"2026-01-02T08:59:10","guid":{"rendered":"https:\/\/www.europesays.com\/es\/318815\/"},"modified":"2026-01-02T08:59:10","modified_gmt":"2026-01-02T08:59:10","slug":"la-primera-gran-pequena-tendencia-de-manicuras-de-2026-seran-las-unas-mini-francesas","status":"publish","type":"post","link":"https:\/\/www.europesays.com\/es\/318815\/","title":{"rendered":"La primera gran (peque\u00f1a) tendencia de manicuras de 2026 ser\u00e1n las u\u00f1as mini francesas"},"content":{"rendered":"<p>Ha llegado el momento de hablar de las <strong>tendencias de manicura<\/strong> que <a href=\"https:\/\/www.glamour.es\/articulos\/tendencias-de-belleza-2026\" rel=\"nofollow noopener\" target=\"_blank\">reinar\u00e1n en 2026<\/a> y empezaremos por la m\u00e1s peque\u00f1a. No porque no sea importante -todo lo contrario- sino por su tama\u00f1o. Son las <strong>u\u00f1as mini francesas<\/strong>, una suerte de reacci\u00f3n a las <a href=\"https:\/\/www.glamour.es\/articulos\/manicura-deep-french-tendencia\" rel=\"nofollow noopener\" target=\"_blank\">Deep French<\/a> que se hicieron tan populares en oto\u00f1o. As\u00ed, ahora que da comienzo el a\u00f1o del color <a href=\"https:\/\/www.glamour.es\/articulos\/cloud-dancer-manicuras-color-pantone-2026\" rel=\"nofollow noopener\" target=\"_blank\">Cloud Dancer,<\/a> el minimalismo llega no solo tambi\u00e9n a las tonalidades sino a las formas y al nail art. Las u\u00f1as mini francesas son la versi\u00f3n en un tama\u00f1o diminuto de las de siempre, huyendo de largos extremos o de formas inc\u00f3modas.<\/p>\n<p>Son ideales para aquellas que adoran las u\u00f1as cortitas y que odian los excesos. Para quienes quieren solo <strong>un detalle de estilo<\/strong> y no una declaraci\u00f3n de intenciones. As\u00ed, la punta francesa se reduce a la m\u00ednima expresi\u00f3n y a la m\u00e1xima tendencia. \u00a1Son para ti, que no eras nada amiga de hacerte este tipo de dise\u00f1os porque eran demasiado!<\/p>\n<p>A continuaci\u00f3n, hemos seleccionado unas cuantas variaciones de las mini francesas para todos los gustos, de las m\u00e1s sencillas a las que tienen un toquecito glam. S\u00ed, hay para absolutamente todas.<\/p>\n<p>Las glaseadas<\/p>\n<p>Puntera mini y base con un brillo glazed casi imperceptible pero que est\u00e1 ah\u00ed.<\/p>\n<p>Las mini francesas originales<\/p>\n<p>Base transparente con brillo, punta blanca en un grosor m\u00ednimo y largo cort\u00edsimo.<\/p>\n","protected":false},"excerpt":{"rendered":"Ha llegado el momento de hablar de las tendencias de manicura que reinar\u00e1n en 2026 y empezaremos por&hellip;\n","protected":false},"author":2,"featured_media":318816,"comment_status":"","ping_status":"","sticky":false,"template":"","format":"standard","meta":{"footnotes":""},"categories":[91],"tags":[146,147,25,24,72444,69323,23,62080],"class_list":{"0":"post-318815","1":"post","2":"type-post","3":"status-publish","4":"format-standard","5":"has-post-thumbnail","7":"category-entretenimiento","8":"tag-entertainment","9":"tag-entretenimiento","10":"tag-es","11":"tag-espana","12":"tag-manicuras","13":"tag-otono-invierno-2025-2026","14":"tag-spain","15":"tag-unas"},"share_on_mastodon":{"url":"https:\/\/pubeurope.com\/@es\/115824686823550134","error":""},"_links":{"self":[{"href":"https:\/\/www.europesays.com\/es\/wp-json\/wp\/v2\/posts\/318815","targetHints":{"allow":["GET"]}}],"collection":[{"href":"https:\/\/www.europesays.com\/es\/wp-json\/wp\/v2\/posts"}],"about":[{"href":"https:\/\/www.europesays.com\/es\/wp-json\/wp\/v2\/types\/post"}],"author":[{"embeddable":true,"href":"https:\/\/www.europesays.com\/es\/wp-json\/wp\/v2\/users\/2"}],"replies":[{"embeddable":true,"href":"https:\/\/www.europesays.com\/es\/wp-json\/wp\/v2\/comments?post=318815"}],"version-history":[{"count":0,"href":"https:\/\/www.europesays.com\/es\/wp-json\/wp\/v2\/posts\/318815\/revisions"}],"wp:featuredmedia":[{"embeddable":true,"href":"https:\/\/www.europesays.com\/es\/wp-json\/wp\/v2\/media\/318816"}],"wp:attachment":[{"href":"https:\/\/www.europesays.com\/es\/wp-json\/wp\/v2\/media?parent=318815"}],"wp:term":[{"taxonomy":"category","embeddable":true,"href":"https:\/\/www.europesays.com\/es\/wp-json\/wp\/v2\/categories?post=318815"},{"taxonomy":"post_tag","embeddable":true,"href":"https:\/\/www.europesays.com\/es\/wp-json\/wp\/v2\/tags?post=318815"}],"curies":[{"name":"wp","href":"https:\/\/api.w.org\/{rel}","templated":true}]}}