{"id":318821,"date":"2026-01-02T09:02:07","date_gmt":"2026-01-02T09:02:07","guid":{"rendered":"https:\/\/www.europesays.com\/es\/318821\/"},"modified":"2026-01-02T09:02:07","modified_gmt":"2026-01-02T09:02:07","slug":"periodismo-que-hace-pensar-y-no-se-rinde","status":"publish","type":"post","link":"https:\/\/www.europesays.com\/es\/318821\/","title":{"rendered":"Periodismo que hace pensar y no se rinde"},"content":{"rendered":"<p>        Periodismo que hace pensar y no se rinde<br \/>\n        <a class=\"action icon-share\" aria-controls=\"sharing-options\"><br \/>\n          Compartir<br \/>\n        <\/a><\/p>\n<p><strong>Queremos un mundo m\u00e1s humano y humanista.<\/strong> <strong>Queremos un periodismo m\u00e1s humano y humanista. <\/strong>Ese es nuestro prop\u00f3sito para 2026 \u2014y <a href=\"https:\/\/www.revista5w.com\/suscripciones\" target=\"_blank\" rel=\"noreferrer noopener nofollow\">necesitamos tu ayuda<\/a> para lograrlo.<\/p>\n<p>Lo que pasa en el planeta est\u00e1 quedando cada vez m\u00e1s reducido a un tablero geopol\u00edtico. El triunfo del autoritarismo, la egopol\u00edtica y el cinismo facilita esa visi\u00f3n simplista en la que solo importa el poder. El examen de estas din\u00e1micas es esencial, porque determinan el futuro de millones de personas. Pero la industria medi\u00e1tica a veces se olvida de mirar a esos millones de personas, como si solo pudieran ser espectadoras del horror. El a\u00f1o pasado demostraron que no: las <a href=\"https:\/\/www.revista5w.com\/especiales\/protestas-z\" target=\"_blank\" rel=\"noreferrer noopener nofollow\">protestas<\/a> en pa\u00edses alejados por miles de kil\u00f3metros fueron una de las grandes noticias del a\u00f1o, aunque quedaran relegadas a un segundo plano.<\/p>\n<p>Proponemos pensar el mundo con una perspectiva cr\u00edtica, que nos lleve a la denuncia pero tambi\u00e9n a la duda. Proponemos tambi\u00e9n sentirlo: verlo, tocarlo, fotografiarlo, escribirlo. El mundo no es un juego de Risk: hay pieles, ecos, corazones. Es m\u00e1s urgente que nunca recuperar la libertad de pensamiento y buscar nuestra ra\u00edz en el mundo para encontrar lo que nos conecta con la vida.\u00a0<\/p>\n<p>En 5W lo tenemos claro. Aqu\u00ed no producimos historias: contamos historias. Es lo que mejor sabemos hacer y es lo que vamos a hacer. Los cambios tecnol\u00f3gicos hacen que esta apuesta tenga a\u00fan m\u00e1s sentido. Publicaremos m\u00e1s cr\u00f3nicas en profundidad, m\u00e1s historias de creaci\u00f3n propia, incluso m\u00e1s textos en primera persona \u2014pero no, como dir\u00eda Mart\u00edn Caparr\u00f3s, sobre la primera persona\u2014. Desde ese territorio bien definido, abriremos m\u00e1s caminos para seducir a toda esa gente que le gusta leer y ver el mundo.<\/p>\n<p>Esta es vuestra casa.<\/p>\n<p>El punto de partida<\/p>\n<p>Como cada nuevo a\u00f1o, en 5W queremos pararnos a hacer una reflexi\u00f3n sobre el rumbo que llevamos, el que queremos seguir y sobre aquello que dejamos atr\u00e1s. El a\u00f1o pasado arrancaba con casi 3.900 socios y socias; al inicio de este 2026 hemos bajado a 3.700. El dato nos preocupa: como cont\u00e1bamos en septiembre en nuestra <a href=\"https:\/\/www.revista5w.com\/newsroom\/las-cronicas-de-larga-distancia-resisten-10-anos-de-5w-140263\" target=\"_blank\" rel=\"noreferrer noopener nofollow\">rendici\u00f3n anual de cuentas<\/a>, llevamos m\u00e1s de dos a\u00f1os de descenso continuado, algo que se explica por un entorno que ha cambiado sustancialmente desde 2015. Dec\u00edamos entonces que \u00e9ramos un barco peque\u00f1o, y que por eso ten\u00edamos la agilidad para poder cambiar de rumbo f\u00e1cilmente. Nuestro barco sigue siendo peque\u00f1o, pero cada vez requiere m\u00e1s esfuerzo abrirse paso en un mar que se mueve a un ritmo fren\u00e9tico: el de la (des)informaci\u00f3n que fluye a trav\u00e9s de las redes sociales, de algoritmos que deciden lo que vemos \u2014y que no favorecen a medios como el nuestro\u2014 y del uso creciente de inteligencia artificial que, demasiado a menudo, arrincona la empat\u00eda y humanidad.<\/p>\n<p>Pero el viento nunca sopla a favor para quien no sabe ad\u00f3nde va: en 5W tenemos claro nuestro rumbo, que pasa por hacer un periodismo que permita ver y sentir. M\u00e1s humanidad y m\u00e1s humanismo. Para seguir adelante, necesitamos que la comunidad de socios y socias crezca. Si ya eres parte de 5W, gracias por estar ah\u00ed. Si no lo eres y te lo puedes permitir, <a href=\"https:\/\/www.revista5w.com\/suscripciones\" target=\"_blank\" rel=\"noreferrer noopener nofollow\">suscr\u00edbete<\/a>: el periodismo en profundidad es m\u00e1s importante que nunca.\u00a0\u00a0\u00a0<\/p>\n<p>Nuestros proyectos<\/p>\n<p>Desde que echamos a andar hace diez a\u00f1os, el principal destino de nuestras inversiones ha sido el periodismo: las cr\u00f3nicas de larga distancia, en web y el papel. Es parte del alma de la revista: contar aquello que ocurre cerca y lejos de los focos informativos.\u00a0<\/p>\n<p>Igual que el a\u00f1o anterior, este 2025 que acabamos de despedir ha estado protagonizado en gran parte por Gaza. La \u00faltima hora de lo que ocurr\u00eda en la Franja la hemos abordado semana a semana en el rickshaw, nuestra newsletter de actualidad internacional; pero tambi\u00e9n hemos hecho <a href=\"https:\/\/www.revista5w.com\/podcast\/charlas-eventos\" target=\"_blank\" rel=\"noreferrer noopener nofollow\">charlas online<\/a> con el reportero Mikel Ayestaran para contar el trasfondo de las diferentes etapas del conflicto, desde el alto el fuego de enero de 2025 hasta el ataque de Ir\u00e1n a Israel, y hemos abordado el concepto de genocidio en nuestro nuevo <a href=\"https:\/\/www.revista5w.com\/podcast\/genocidios-150260\" target=\"_blank\" rel=\"noreferrer noopener nofollow\">videopodcast<\/a> \u2014del que os hablamos unos p\u00e1rrafos m\u00e1s abajo\u2014.\u00a0<\/p>\n<p>Pero si ha habido algo que nos ha permitido contar Gaza desde un punto de vista diferente ha sido el proyecto Men\u00fa de Gaza, una serie que naci\u00f3 en Instagram de la mano de Mikel Ayestaran y la familia Hammad. Las fotograf\u00edas de los platos que la familia Hammad cocinaba cada d\u00eda en su casa de Gaza se acaban de convertir en libro: un <a href=\"https:\/\/www.verkami.com\/projects\/41523-menu-de-gaza\" target=\"_blank\" rel=\"noreferrer noopener nofollow\">crowdfunding<\/a> en el que participaron m\u00e1s de 2.500 personas nos permiti\u00f3 hacerlo realidad. Despu\u00e9s de meses de esfuerzo \u2014edici\u00f3n fotogr\u00e1fica, de textos, traducci\u00f3n, dise\u00f1o, maquetaci\u00f3n\u2026\u2014, el libro ya est\u00e1 aqu\u00ed, y sabemos que no defraudar\u00e1, porque es una obra de arte. Quienes participasteis en el crowdfunding o lo comprasteis en la preventa lo recibir\u00e9is muy pronto. Y, si todav\u00eda no lo tienes, puedes hacerte con un ejemplar <a href=\"https:\/\/www.revista5w.com\/tienda\/menu-de-gaza\" target=\"_blank\" rel=\"noreferrer noopener nofollow\">aqu\u00ed<\/a>.<\/p>\n<p>El alto el fuego alcanzado en octubre entre Israel y Ham\u00e1s hizo que en el \u00faltimo tramo del a\u00f1o la Franja ya no abriera titulares tan a menudo \u2014a pesar de los ataques israel\u00edes que contin\u00faan y las dur\u00edsimas condiciones que afronta la poblaci\u00f3n gazat\u00ed este invierno\u2014. Esta tendencia hace temer que, informativamente, Gaza quede gradualmente relegada al olvido, una amenaza que alimenta la impunidad, y que pesa como una losa para las cerca de dos millones de personas que malviven en un territorio reducido a escombros. Por eso en 2026 seguiremos poniendo el foco en este enclave y denunciando la prohibici\u00f3n de entrada a periodistas internacionales que, hasta hoy, impone Israel.<\/p>\n<p>No solo Gaza: tambi\u00e9n hemos querido poner el foco en otros conflictos que raramente llegan a las portadas, como el de <a href=\"https:\/\/www.revista5w.com\/regiones\/africa#pais=republica-democratica-del-congo\" target=\"_blank\" rel=\"noreferrer noopener nofollow\">Rep\u00fablica Democr\u00e1tica del Congo<\/a> o el de <a href=\"https:\/\/www.revista5w.com\/etiquetas\/sudan\" target=\"_blank\" rel=\"noreferrer noopener nofollow\">Sud\u00e1n<\/a>: la cruenta guerra civil que el pa\u00eds afronta desde 2023 ha causado decenas de miles de v\u00edctimas y ha obligado a millones de personas a dejar sus casas. Es una de las peores crisis humanitarias del planeta, pero las dificultades de acceso y de movimiento sobre el terreno hacen que la informaci\u00f3n que llega sea limitada. Lo hemos contado desde los pa\u00edses fronterizos que acogen a las miles de personas que huyen del conflicto, como <a href=\"https:\/\/www.revista5w.com\/temas\/conflictos\/sudan-del-sur-de-pais-en-guerra-a-pais-de-acogida-134990\" target=\"_blank\" rel=\"noreferrer noopener nofollow\">Sud\u00e1n del Sur<\/a> o <a href=\"https:\/\/www.revista5w.com\/temas\/conflictos\/sudan-la-guerra-que-no-importa-107049\" target=\"_blank\" rel=\"noreferrer noopener nofollow\">Chad<\/a>, y hemos publicado ensayos <a href=\"https:\/\/www.revista5w.com\/temas\/conflictos\/el-horror-que-no-cesa-en-sudan-142556\" rel=\"nofollow noopener\" target=\"_blank\">como este<\/a> para profundizar en las din\u00e1micas que lo mueven. En 2026, seguiremos buscando formas de contar lo que ocurre en este y otros rincones silenciados del planeta.\u00a0<\/p>\n<p>En este mundo en conflicto, hemos buscado narrar desde una nueva perspectiva lo que ocurre en Ucrania. Nuestra editora gr\u00e1fica, Anna Surinyach, viaj\u00f3 all\u00ed para contar con la periodista Olga Tarnovska una de las consecuencias menos visibles de la guerra: la de los miles de <a href=\"https:\/\/www.revista5w.com\/temas\/conflictos\/el-dolor-de-las-ausencias-presentes-123818\" target=\"_blank\" rel=\"noreferrer noopener nofollow\">desaparecidos<\/a> en el conflicto y el duelo sin cerrar que supone para sus familias. El de las personas desaparecidas \u2014especialmente aquellas que lo hacen intentando llegar a Europa por Mar\u2014 es un tema que Surinyach sigue desde hace a\u00f1os, y que este 2025 se ha plasmado tambi\u00e9n en la publicaci\u00f3n de una investigaci\u00f3n conjunta de 5W con la revista Baynana. <a href=\"https:\/\/www.revista5w.com\/especiales\/muertos-sin-la-memoria-de-europa\" target=\"_blank\" rel=\"noreferrer noopener nofollow\">Muertos sin la memoria de Europa<\/a> es un especial \u2014financiado gracias a una beca de Journalismfund Europe\u2014 que aborda la falta de un proceso eficiente para identificar, nombrar y dar dignidad a las personas que pierden la vida en el mar. Es una investigaci\u00f3n fruto de coberturas en el terreno en Grecia, Italia y Espa\u00f1a y de muchos meses de trabajo.\u00a0<\/p>\n<p>Las migraciones han estado, desde el inicio, en el punto de mira de 5W. En medio de las narrativas que las criminalizan, buscamos nuevas formas de contarlas en cr\u00f3nicas que a\u00fanan entrevistas, escritura autom\u00e1tica y hasta rapeo como <a href=\"https:\/\/www.revista5w.com\/temas\/migraciones\/jovenes-y-mayores-bien-acompanados-133159\" target=\"_blank\" rel=\"noreferrer noopener nofollow\">J\u00f3venes y mayores bien acompa\u00f1ados<\/a>, otro proyecto de larga distancia que fue posible gracias a una ayuda econ\u00f3mica a trav\u00e9s del Premio Montserrat Roig. Este tipo de publicaciones son una muestra de lo necesario que es dedicar tiempo \u2014y recursos financieros\u2014 para hacer periodismo en profundidad. Esa es la esencia de 5W, y a la que dedicamos la mayor parte de nuestros ingresos.\u00a0<\/p>\n<p>Desde que echamos a andar nos fijamos en conflictos y movimientos de poblaci\u00f3n, pero tambi\u00e9n en la salud de un planeta atravesado por la crisis clim\u00e1tica. En 2025 lo hemos contado en cr\u00f3nicas como <a href=\"https:\/\/www.revista5w.com\/temas\/planeta\/alquimia-verde-en-el-desierto-de-aral-141853\" target=\"_blank\" rel=\"noreferrer noopener nofollow\">esta desde el mar de Aral<\/a>, ensayos como <a href=\"https:\/\/www.revista5w.com\/temas\/planeta\/la-doble-destruccion-de-la-naturaleza-135423\" target=\"_blank\" rel=\"noreferrer noopener nofollow\">este sobre la destrucci\u00f3n de la naturaleza<\/a> o piezas visuales como <a href=\"https:\/\/www.revista5w.com\/temas\/planeta\/el-humo-del-abandono-136087\" target=\"_blank\" rel=\"noreferrer noopener nofollow\">esta sobre los incendios en Galicia<\/a>. La crisis clim\u00e1tica y sus consecuencias empapan todos los fen\u00f3menos de la actualidad: por eso seguiremos prest\u00e1ndoles una atenci\u00f3n especial tambi\u00e9n en 2026.\u00a0<\/p>\n<p>Las columnas seguir\u00e1n siendo el espacio semanal para contar el mundo con una mirada personal: en esta secci\u00f3n encontramos firmas de Patricia Sim\u00f3n, David Jim\u00e9nez, Laura Ferrero, Sim\u00f3n, Eileen Truax, Ander Izagirre o Luciana Peker. Y mantenemos tambi\u00e9n nuestra cita semanal con el rickshaw, la newsletter sonora que resume la actualidad internacional de la semana.<\/p>\n<p>Y tenemos m\u00e1s noticias. \u00a15W pronto tendr\u00e1 nueva casa! Ser\u00e1 un espacio de periodismo y de punto de encuentro en Barcelona, que adem\u00e1s de la redacci\u00f3n albergar\u00e1 charlas, talleres y m\u00e1s. De momento estamos acondicionando el local para que sea el hogar de la revista durante los pr\u00f3ximos a\u00f1os.\u00a0<\/p>\n<p>Aunque tendremos un lugar de encuentro f\u00edsico, en 2026 seguiremos manteniendo nuestras actividades online para llegar a todo el mundo. Os iremos informando puntualmente de todo lo que organicemos. De momento, a\u00fan est\u00e1n abiertas las plazas para el curso online de periodismo narrativo que organizamos cada temporada. En \u00e9l compartimos la experiencia del equipo en reporteo, fotograf\u00eda, escritura y edici\u00f3n period\u00edstica: si te interesa, todav\u00eda quedan plazas en el turno de ma\u00f1ana: <a href=\"https:\/\/www.revista5w.com\/tienda\/curso-online-de-periodismo-narrativo-27-al-30-de-enero-10h-a-12h\" rel=\"nofollow noopener\" target=\"_blank\">aqu\u00ed<\/a> tienes m\u00e1s informaci\u00f3n.\u00a0<\/p>\n<p>Resistencia<\/p>\n<p>Todos los a\u00f1os por estas fechas estamos trabajando a toda m\u00e1quina para ultimar nuestro n\u00famero anual en papel. Quienes nos segu\u00eds de cerca sab\u00e9is que solemos mantener en secreto el tema de la revista anual en papel hasta el \u00faltimo momento, pero esta vez hemos querido anunciarlo antes, porque es algo que define nuestra era: la resistencia. Resistir contra el discurso del odio, contra las violaciones de los derechos humanos, contra el racismo, contra el ahogo econ\u00f3mico. Es un n\u00famero que, como siempre, se est\u00e1 cocinando a fuego lento para que pueda estar listo en marzo. Lo enviaremos a casa de los socios y socias en cuanto salga de imprenta. Ser\u00e1 el n\u00famero 11. Si todav\u00eda no tienes los n\u00fameros anteriores, puedes conseguirlos <a href=\"https:\/\/www.revista5w.com\/tienda\" rel=\"nofollow noopener\" target=\"_blank\">aqu\u00ed<\/a>.\u00a0\u00a0\u00a0<\/p>\n<p>Nuestro otra publicaci\u00f3n en papel es el libro de la colecci\u00f3n Voces. El pasado septiembre publicamos el n\u00famero 10, <a href=\"https:\/\/www.revista5w.com\/tienda\/guerra-paz-y-periodismo-de-jon-lee-anderson-y-patricia-simon\" target=\"_blank\" rel=\"noreferrer noopener nofollow\">Guerra, paz y periodismo<\/a>, que recoge una conversaci\u00f3n de larga distancia entre dos grandes del periodismo, Jon Lee Anderson y Patricia Sim\u00f3n. Todav\u00eda est\u00e1s a tiempo de recibirlo: si te suscribes con opci\u00f3n papel antes del 7 de enero, te llegar\u00e1 a casa en pocos d\u00edas. El pr\u00f3ximo n\u00famero saldr\u00e1 en septiembre\u2026 \u00bfqui\u00e9nes ser\u00e1n sus protagonistas?\u00a0<\/p>\n<p>La redacci\u00f3n crece<\/p>\n<p>Pese al descenso de las suscripciones, hemos logrado abrir otras v\u00edas de ingresos. Y estamos creciendo. Somos un barco peque\u00f1o, pero cada vez tenemos m\u00e1s tripulaci\u00f3n. Este a\u00f1o hemos incorporado a una persona para ocuparse a tiempo completo de las redes sociales, Nadia Ziani Hammama, y contamos con una persona en pr\u00e1cticas para apoyar en tareas de e-commerce y atenci\u00f3n a socios y socias, Helen Valera.<\/p>\n<p>El objetivo es que el periodismo que hacemos llegue cada vez a m\u00e1s personas. Como parte de esa estrategia, y de buscar nuevas formas de contar lo que ocurre en el mundo, en 2025 el podcast mensual se ha transformado en un nuevo videopodcast, <a href=\"https:\/\/www.revista5w.com\/podcast\/larga-distancia\" target=\"_blank\" rel=\"noreferrer noopener nofollow\">Larga distancia<\/a>, presentado por Javier S\u00e1nchez. Los primeros episodios han sido una declaraci\u00f3n de intenciones: seguimos poniendo el foco en rincones silenciados, pa\u00edses ignorados y lugares que abren informativos pero que necesitan otra mirada. Y lo hacemos desde el rigor y la profundidad, en un formato que no solo permite escucharlo, sino tambi\u00e9n verlo.\u00a0<\/p>\n<p>En 2025, la revista ha obtenido varios reconocimientos que nos animan a seguir adelante: en octubre recibi\u00f3 el Premio Periodismo Vasco 2025 en la categor\u00eda de periodismo digital por su trabajo \u201cpara contar, con la mayor libertad y altos est\u00e1ndares de calidad y rigor period\u00edstico, lo que pasa en el mundo\u201d. Se trata de un reconocimiento otorgado por la Asociaci\u00f3n Vasca de Periodistas y el Colegio Vasco de Periodistas. Y en diciembre recogimos el Premio Nacional de Derechos Humanos 2025 en la categor\u00eda de Comunicaci\u00f3n, un galard\u00f3n que concede la Asociaci\u00f3n Pro Derechos Humanos de Espa\u00f1a (APDHE) para destacar a quienes trabajan en la defensa y promoci\u00f3n de los derechos humanos en todo el mundo.\u00a0<\/p>\n<p>En 2026 te invitaremos a pensar. Te invitaremos a tocar y ver el mundo.\u00a0<\/p>\n<p>Salud y periodismo.<\/p>\n","protected":false},"excerpt":{"rendered":"Periodismo que hace pensar y no se rinde Compartir Queremos un mundo m\u00e1s humano y humanista. Queremos un&hellip;\n","protected":false},"author":2,"featured_media":318822,"comment_status":"","ping_status":"","sticky":false,"template":"","format":"standard","meta":{"footnotes":""},"categories":[42],"tags":[17,18,13,14,11,61,62,63,64,19,20,9,10,15,16,12,21,22,65,66,67],"class_list":{"0":"post-318821","1":"post","2":"type-post","3":"status-publish","4":"format-standard","5":"has-post-thumbnail","7":"category-internacional","8":"tag-breaking-news","9":"tag-breakingnews","10":"tag-featured-news","11":"tag-featurednews","12":"tag-headlines","13":"tag-internacional","14":"tag-international","15":"tag-international-news","16":"tag-internationalnews","17":"tag-latest-news","18":"tag-latestnews","19":"tag-news","20":"tag-noticias","21":"tag-noticias-destacadas","22":"tag-noticiasdestacadas","23":"tag-titulares","24":"tag-ultimas-noticias","25":"tag-ultimasnoticias","26":"tag-world","27":"tag-world-news","28":"tag-worldnews"},"share_on_mastodon":{"url":"","error":""},"_links":{"self":[{"href":"https:\/\/www.europesays.com\/es\/wp-json\/wp\/v2\/posts\/318821","targetHints":{"allow":["GET"]}}],"collection":[{"href":"https:\/\/www.europesays.com\/es\/wp-json\/wp\/v2\/posts"}],"about":[{"href":"https:\/\/www.europesays.com\/es\/wp-json\/wp\/v2\/types\/post"}],"author":[{"embeddable":true,"href":"https:\/\/www.europesays.com\/es\/wp-json\/wp\/v2\/users\/2"}],"replies":[{"embeddable":true,"href":"https:\/\/www.europesays.com\/es\/wp-json\/wp\/v2\/comments?post=318821"}],"version-history":[{"count":0,"href":"https:\/\/www.europesays.com\/es\/wp-json\/wp\/v2\/posts\/318821\/revisions"}],"wp:featuredmedia":[{"embeddable":true,"href":"https:\/\/www.europesays.com\/es\/wp-json\/wp\/v2\/media\/318822"}],"wp:attachment":[{"href":"https:\/\/www.europesays.com\/es\/wp-json\/wp\/v2\/media?parent=318821"}],"wp:term":[{"taxonomy":"category","embeddable":true,"href":"https:\/\/www.europesays.com\/es\/wp-json\/wp\/v2\/categories?post=318821"},{"taxonomy":"post_tag","embeddable":true,"href":"https:\/\/www.europesays.com\/es\/wp-json\/wp\/v2\/tags?post=318821"}],"curies":[{"name":"wp","href":"https:\/\/api.w.org\/{rel}","templated":true}]}}