{"id":318825,"date":"2026-01-02T09:04:13","date_gmt":"2026-01-02T09:04:13","guid":{"rendered":"https:\/\/www.europesays.com\/es\/318825\/"},"modified":"2026-01-02T09:04:13","modified_gmt":"2026-01-02T09:04:13","slug":"estos-son-los-12-principales-logros-de-la-seguridad-social-espanola-en-2025-guia-para-solicitar-cita-previa-con-la-seguridad-social-guia-para-conocer-el-estado-de-tu-solicitud-de-ingreso-minimo-vital","status":"publish","type":"post","link":"https:\/\/www.europesays.com\/es\/318825\/","title":{"rendered":"Estos son los 12 principales logros de la Seguridad Social espa\u00f1ola en 2025 Gu\u00eda para solicitar cita previa con la Seguridad Social Gu\u00eda para conocer el estado de tu solicitud de Ingreso M\u00ednimo Vital Gu\u00eda sobre el complemento de Ayuda para la Infancia del Ingreso M\u00ednimo Vital (IMV) C\u00f3mo pedir la prestaci\u00f3n por nacimiento y cuidado de menor C\u00f3mo obtener el N\u00famero de la Seguridad Social Informe de Vida laboral: c\u00f3mo obtenerlo C\u00f3mo pedir el nuevo complemento para reducir la brecha de g\u00e9nero junto a la solicitud de su pensi\u00f3n C\u00f3mo dar de alta a un beneficiario en la Seguridad Social Importe de las Pensiones 2024 Ya puede consultar on-line el estado de la solicitud de los periodos sucesivos de la prestaci\u00f3n por nacimiento y cuidado del menor Gu\u00eda para solicitar cita previa con la Seguridad Social Gu\u00eda pr\u00e1ctica para simular tu futura jubilaci\u00f3n El informe m\u00e9dico de s\u00edntesis ya est\u00e1 disponible online \u00bfC\u00f3mo pido el Ingreso M\u00ednimo Vital? Consulta el estado de tu solicitud de prestaci\u00f3n identific\u00e1ndote v\u00eda SMS Gu\u00eda para solicitar la recuperaci\u00f3n de tus a\u00f1os de cotizaci\u00f3n por antiguas pr\u00e1cticas formativas C\u00f3mo solicitar la Tarjeta Sanitaria Europea C\u00f3mo simular tu futura jubilaci\u00f3n identific\u00e1ndote v\u00eda SMS Gu\u00eda per\u00edodos m\u00ednimos de cotizaci\u00f3n para acceder a las prestaciones de la Seguridad Social C\u00f3mo dar de alta a una persona empleada de hogar Guia equiparacion tiempo parcial 5 pasos para darse de alta como aut\u00f3nomo Novedades Simulador IMV C\u00f3mo obtener un certificado digital o registrarse en Clave para realizar tr\u00e1mites con la Seguridad Social \u00bfConoce las prestaciones familiares por hijo a cargo? Gu\u00eda para entender tu informe de vida laboral El permiso por nacimiento y cuidado de menor ser\u00e1 de 16 semanas para ambos progenitores a partir de enero Gu\u00eda de cotizaci\u00f3n de alumnos en pr\u00e1cticas no remuneradas La AEAT habilita un formulario para que los mutualistas jubilados soliciten las devoluciones de IRPF La Seguridad Social habilita nuevos tel\u00e9fonos de informaci\u00f3n y gesti\u00f3n de cita previa para pensiones y otras prestaciones Gu\u00eda para conocer los beneficios de demorar tu jubilaci\u00f3n C\u00f3mo realizar tr\u00e1mites en el INSS de manera telem\u00e1tica sin certificado digital ni clave Novedades incapacidad temporal Gu\u00eda sobre el complemento de Ayuda para la Infancia del Ingreso M\u00ednimo Vital (IMV) Novedades del IMV 2024 Qu\u00e9 documentaci\u00f3n debo presentar para solicitar el Ingreso M\u00ednimo Vital El convenio especial con la Seguridad Social La pensi\u00f3n de viudedad: preguntas y respuestas 20221003 baja empleada hogar Certificado Integral de Prestaciones Temario oposiciones administrativo Seguridad Social Gu\u00eda R\u00e1pida de la TSE"},"content":{"rendered":"<p>            El a\u00f1o 2025 ha supuesto un punto de inflexi\u00f3n para la Seguridad Social en Espa\u00f1a, consolidando avances hist\u00f3ricos tanto en la protecci\u00f3n social como en la modernizaci\u00f3n de sus servicios. En un contexto de fuerte crecimiento econ\u00f3mico y transformaci\u00f3n digital, la instituci\u00f3n ha sabido responder a los retos sociales y demogr\u00e1ficos, reforzando su papel como pilar fundamental del Estado del Bienestar y buscando estar m\u00e1s cerca de los ciudadanos.<\/p>\n<p>A lo largo de este a\u00f1o, se han aprobado medidas clave y seguido desplegando reformas fundamentales. Tambi\u00e9n se han alcanzado cifras r\u00e9cord en empleo, protecci\u00f3n familiar, sostenibilidad financiera y digitalizaci\u00f3n. Estos logros no solo mejoran la vida de millones de personas, sino que tambi\u00e9n refuerzan la confianza en el sistema p\u00fablico de protecci\u00f3n social. A continuaci\u00f3n, se detallan los principales hitos conseguidos por la Seguridad Social espa\u00f1ola durante 2025.<br \/>\u00a0\n<\/p>\n<p><img loading=\"lazy\" decoding=\"async\" alt=\"\" data-clarity-loaded=\"1xv233e\" height=\"366\" src=\"https:\/\/www.europesays.com\/es\/wp-content\/uploads\/2026\/01\/9f6b6771-3cbb-c1d6-9bba-ccee94bef17e.jpeg\" style=\"margin: 0px;\" width=\"550\"\/><\/p>\n<p><strong>1.- <a href=\"https:\/\/revista.seg-social.es\/-\/la-seguridad-social-suma-522.000-afiliados-en-el-%C3%BAltimo-a%C3%B1o-y-supera-los-21-8-millones-de-afiliados\" target=\"_blank\" rel=\"nofollow noopener\">R\u00e9cord hist\u00f3rico de afiliaci\u00f3n y empleo<\/a><\/strong><br \/>La Seguridad Social ha cerrado noviembre de 2025 con cifras hist\u00f3ricamente altas: m\u00e1s de 21,8 millones de personas ocupadas. Supone un aumento de 522.771 afiliados respecto al a\u00f1o anterior y un ritmo de creaci\u00f3n de empleo del 2,5% interanual. Este dinamismo refleja la fortaleza del mercado laboral espa\u00f1ol y su capacidad de resiliencia ante el cambiante entorno internacional.<\/p>\n<p>Hay, adem\u00e1s, m\u00e1s 10,3 millones de mujeres afiliadas a la Seguridad Social, que es el nivel m\u00e1s alto de la historia.\u00a0<br \/>Si descontamos la estacionalidad y el efecto calendario, la serie supera los 21,8 millones de afiliados, el nivel m\u00e1s alto de la serie. En los primeros once meses de 2025, hay 474.846 ocupados m\u00e1s.<\/p>\n<p>Por otro lado, la afiliaci\u00f3n de personas extranjeras a la Seguridad Social sigue mostrando una evoluci\u00f3n muy favorable, con m\u00e1s de 200.000 nuevos afiliados en el \u00faltimo a\u00f1o y un total que supera los 3,12 millones de ocupados en noviembre de 2025, creciendo a un ritmo muy superior al del conjunto del empleo.<br \/>\u00a0<br \/><strong>2. <a href=\"https:\/\/revista.seg-social.es\/-\/el-gobierno-ampl%C3%ADa-en-tres-semanas-el-permiso-de-nacimiento-y-cuidado-de-menor-y-lo-incrementa-a-32-semanas-para-familias-monoparentales\" target=\"_blank\" rel=\"nofollow noopener\">Ampliaci\u00f3n de la prestaci\u00f3n por nacimiento y cuidado del menor<\/a><\/strong><br \/>En 2025 se ha producido una de las reformas sociales m\u00e1s relevantes de los \u00faltimos tiempos: la ampliaci\u00f3n del permiso y \u00a0la prestaci\u00f3n por nacimiento y cuidado del menor, que pasa de 16 a 19 semanas retribuidas para ambos progenitores y que duplica, hasta situarlo en 32 semanas, el periodo de la prestaci\u00f3n en familias monoparentales.\u00a0<\/p>\n<p>Esta medida mejora la protecci\u00f3n de progenitores y menores, fomenta la corresponsabilidad y facilita la conciliaci\u00f3n familiar y laboral.\u00a0<\/p>\n<p>Adem\u00e1s, de estas tres semanas adicionales se ha introducido la opci\u00f3n de disfrutar de dos de ellas en permiso flexible hasta que el menor cumpla 8 a\u00f1os, a solicitar desde el 1 de enero de 2026. A ello se podr\u00e1n acoger retroactivamente las familias cuyos hijos hayan nacido a partir del 2 de agosto de 2024.<\/p>\n<p>En total, entre enero y septiembre de 2025 la Seguridad Social ha tramitado 356.112 prestaciones por nacimiento y cuidado de menor. La duraci\u00f3n media de las prestaciones por nacimiento y cuidado de menor activas entre enero y septiembre ha sido de 110 d\u00edas de media, con apenas 2 d\u00edas de diferencia entre el tiempo disfrutado por hombres y por mujeres.<br \/>\u00a0<br \/><strong>3. <a href=\"https:\/\/revista.seg-social.es\/-\/elma-saiz-sistema-pensiones-sostenible-primer-examen-airef\" target=\"_blank\" rel=\"nofollow noopener\">Sostenibilidad del sistema de pensiones<\/a><\/strong><br \/>La sostenibilidad financiera del sistema de pensiones ha sido avalada por la Autoridad Independiente de Responsabilidad Fiscal (AIReF), que constat\u00f3 el pasado mes de marzo que el gasto en pensiones cumple el umbral de sostenibilidad, establecido por el Real Decreto-ley 2\/2023 al concluir que el nivel de gasto neto en pensiones entre 2022 y 2050 se situ\u00f3 en un 13,2% del producto interior bruto (PIB).\u00a0<\/p>\n<p>Esto significa que no es necesario adoptar nuevas medidas de ajuste, lo que refuerza la confianza en la viabilidad del sistema a largo plazo. Este resultado es fruto de las reformas y del refuerzo de los ingresos, as\u00ed como del compromiso pol\u00edtico y social con la protecci\u00f3n de los pensionistas.<\/p>\n<p><strong>4. <a href=\"https:\/\/revista.seg-social.es\/-\/la-seguridad-social-finaliza-con-%C3%A9xito-el-primer-proceso-de-regularizaci%C3%B3n-de-cuotas-de-los-trabajadores-aut%C3%B3nomos\" target=\"_blank\" rel=\"nofollow noopener\">Regularizaci\u00f3n de cuotas de aut\u00f3nomos<\/a><\/strong><br \/>En 2025 se ha completado con \u00e9xito el primer proceso de regularizaci\u00f3n de cuotas de los trabajadores aut\u00f3nomos, tras la implantaci\u00f3n del sistema de cotizaci\u00f3n por ingresos reales. Los trabajadores aut\u00f3nomos ahora tienen mayor protecci\u00f3n. M\u00e1s de 3,7 millones de trabajadores por cuenta propia han visto revisadas sus cotizaciones, permitiendo ajustar las prestaciones y avanzar en justicia contributiva y equidad progresiva.\u00a0<\/p>\n<p>Para m\u00e1s de dos millones de aut\u00f3nomos no fue necesario realizar ajustes: 1,3 millones cotizaron dentro del tramo correspondiente y otras 800.000 se encontraban en situaciones no regularizables, como tarifa plana, subsidios o pensiones.\u00a0<\/p>\n<p>De entre los que ten\u00edan opci\u00f3n a renunciar a la devoluci\u00f3n, casi el 60% ha renunciado a ella para tener una mayor protecci\u00f3n.\u00a0El proceso ha supuesto una sofisticada coordinaci\u00f3n t\u00e9cnica y administrativa. Este nuevo modelo responde a las recomendaciones del Pacto de Toledo fue acordado en la Mesa de Di\u00e1logo Social, con los interlocutores sociales y las asociaciones de aut\u00f3nomos en 2022.<\/p>\n<p><strong>5. <a href=\"https:\/\/revista.seg-social.es\/-\/la-app-importass-supera-el-mill%C3%B3n-y-medio-de-instalaciones-en-su-primer-a%C3%B1o\" target=\"_blank\" rel=\"nofollow noopener\">Transformaci\u00f3n digital: \u00e9xito de la app Importass<\/a><\/strong><br \/>La digitalizaci\u00f3n de los servicios p\u00fablicos ha dado un salto cualitativo con la app Importass, que en su primer a\u00f1o de funcionamiento ha superado los 1,7 millones de instalaciones.\u00a0<\/p>\n<p>Esta APP, desarrollada por la Tesorer\u00eda General de la Seguridad Social, permite a la ciudadan\u00eda gestionar tr\u00e1mites y acceder a informaci\u00f3n relevante desde cualquier lugar y en momento. Entre sus ventajas destacan los avisos personalizados, el acceso biom\u00e9trico y la posibilidad de consultar documentos sin conexi\u00f3n. Importass se consolida as\u00ed como un canal clave para acercar la Seguridad Social a la poblaci\u00f3n y facilitar la inclusi\u00f3n digital.<\/p>\n<p><strong>6. <a href=\"https:\/\/revista.seg-social.es\/-\/revalorizacion-pensiones-2025\" target=\"_blank\" rel=\"nofollow noopener\">Revalorizaci\u00f3n de las pensiones<\/a><\/strong><br \/>Las pensiones contributivas y Clases Pasivas se incrementaron un 2,8% en 2025 conforme al IPC, garantizando el poder adquisitivo de los pensionistas, y cumpliendo as\u00ed con lo que dicta la Ley 20\/2021 y el Real Decreto 316\/2025, siguiendo las recomendaciones del Pacto de Toledo.\u00a0<\/p>\n<p>Desde 2019, las prestaciones han subido un 22,7%, y las pensiones m\u00ednimas y no contributivas han acumulado aumentos de entre el 40% y el 50%. Adem\u00e1s, se han mantenido los complementos por m\u00ednimos y el complemento para reducir la brecha de g\u00e9nero, reforzando la equidad y la protecci\u00f3n social de los colectivos m\u00e1s vulnerables.<\/p>\n<p><strong>7. <a href=\"https:\/\/revista.seg-social.es\/-\/elma-saiz-defiende-el-pacto-de-toledo-como-pilar-del-sistema-de-pensiones-y-presenta-una-nueva-herramienta-de-proyecci%C3%B3n-del-gasto\" target=\"_blank\" rel=\"nofollow noopener\">30 a\u00f1os del Pacto de Toledo<\/a><\/strong><br \/>La Seguridad Social celebr\u00f3 durante el pasado mes de junio de 2025 el 30\u00ba aniversario del Pacto de Toledo con un seminario en la Universidad Internacional Men\u00e9ndez Pelayo de Santander, donde se reflexion\u00f3 sobre las reformas adoptadas y el futuro del sistema de protecci\u00f3n social.\u00a0<\/p>\n<p>El Pacto de Toledo sigue siendo el pilar clave para la sostenibilidad del sistema p\u00fablico de pensiones, articulando el consenso pol\u00edtico y social necesario para afrontar los retos demogr\u00e1ficos y garantizar la protecci\u00f3n de las generaciones presentes y futuras.<\/p>\n<p><strong>8. <a href=\"https:\/\/revista.seg-social.es\/-\/el-fondo-de-reserva-de-la-seguridad-social-cerrar%C3%A1-2025-por-encima-de-los-14.000-millones-de-euros\" target=\"_blank\" rel=\"nofollow noopener\">Refuerzo del Fondo de Reserva y nuevas medidas de solidaridad<\/a><\/strong><br \/>El Fondo de Reserva de la Seguridad Social cierra 2025 superando los 14.000 millones de euros, el nivel m\u00e1s alto desde 2017, gracias a las aportaciones del Mecanismo de Equidad Intergeneracional (MEI). \u00a0<\/p>\n<p>Entre enero y noviembre de 2025, el fondo ha recibido dotaciones por un valor de 4.307,16 millones de euros, de los que 3.970,31 provienen del Mecanismo de Equidad Intergeneracional (MEI) y 319,1 de rendimientos del Fondo. Los 17,75 millones restantes proceden de dotaciones de las mutuas colaboradoras de la Seguridad Social.<\/p>\n<p>Adem\u00e1s, en 2025 entr\u00f3 en vigor una cotizaci\u00f3n extra para salarios superiores a la base m\u00e1xima, la nueva cuota de solidaridad.\u00a0<br \/>Estas medidas refuerzan la solvencia del sistema ante los retos demogr\u00e1ficos futuros y garantizan la capacidad de respuesta ante posibles contingencias.<br \/>\u00a0<br \/><strong>9. <a href=\"https:\/\/revista.seg-social.es\/-\/entran-en-vigor-las-nuevas-medidas-para-compatibilizar-pension-y-trabajo\" target=\"_blank\" rel=\"nofollow noopener\">Mejoras en las modalidades de jubilaci\u00f3n<\/a><\/strong><br \/>Durante 2025 tambi\u00e9n han arrancado nuevas medidas para compatibilizar pensi\u00f3n y trabajo, facilitando la jubilaci\u00f3n activa, demorada y parcial.\u00a0<br \/>Se han eliminado requisitos restrictivos, como la necesidad de una carrera de cotizaci\u00f3n completa para acceder a la jubilaci\u00f3n activa, y se han introducido incentivos adicionales para aqu\u00e9llos que decidan retrasar su jubilaci\u00f3n.\u00a0<\/p>\n<p>Adem\u00e1s, se ha ampliado la posibilidad de anticipo en la jubilaci\u00f3n parcial y se han mejorado las condiciones del trabajador relevista.\u00a0<\/p>\n<p>Estas reformas aumentan las opciones de los futuros jubilados, permitiendo una transici\u00f3n m\u00e1s flexible y progresiva hacia la jubilaci\u00f3n, adapt\u00e1ndose a las distintas trayectorias laborales y favoreciendo especialmente a quienes han tenido carreras m\u00e1s cortas o intermitentes.<\/p>\n<p><strong>10. <a href=\"https:\/\/revista.seg-social.es\/-\/la-seguridad-social-mejora-la-proteccion-de-las-personas-donantes-en-vivo-de-organos-o-tejidos\" target=\"_blank\" rel=\"nofollow noopener\">Protecci\u00f3n de donantes en vivo<\/a><\/strong><br \/>En 2025, la Seguridad Social dio un paso decisivo en la protecci\u00f3n social al reforzar la cobertura de las personas donantes vivas de \u00f3rganos o tejidos, reconociendo su situaci\u00f3n como una incapacidad temporal especial con una protecci\u00f3n m\u00e1s amplia.\u00a0<\/p>\n<p>Esta mejora garantiza un subsidio del 100% de la base reguladora, sin exigir periodo m\u00ednimo de cotizaci\u00f3n, y cubre tanto la preparaci\u00f3n m\u00e9dica como el ingreso y la recuperaci\u00f3n tras el trasplante. La medida supone un avance significativo en el reconocimiento del acto altruista de la donaci\u00f3n, ofreciendo mayor seguridad y respaldo a quienes contribuyen a salvar vidas o mejorar la salud de otras personas.<\/p>\n<p><strong>11. <a href=\"https:\/\/revista.seg-social.es\/-\/el-gobierno-activa-las-compensaciones-para-las-v%C3%ADctimas-del-amianto-un-paso-hist%C3%B3rico-para-su-reparaci%C3%B3n\" target=\"_blank\" rel=\"nofollow noopener\">Compensaciones para las v\u00edctimas del amianto<\/a><\/strong><br \/>El Gobierno aprob\u00f3 el pasado mes de junio el procedimiento que permite iniciar las compensaciones econ\u00f3micas para las v\u00edctimas del amianto, dando as\u00ed el paso definitivo para activar el fondo creado por la Ley 21\/2022.\u00a0<\/p>\n<p>Las indemnizaciones se abonan en un pago \u00fanico y oscilan entre los 32.000 y los 96.000 euros, en funci\u00f3n de la enfermedad derivada de la exposici\u00f3n (como asbestosis, c\u00e1ncer de pulm\u00f3n, c\u00e1ncer de laringe o mesotelioma). Este avance supone un acto de justicia largamente esperado por miles de afectados y sus familias.\u00a0<\/p>\n<p>Pueden beneficiarse quienes tengan reconocida una incapacidad permanente por enfermedad profesional relacionada con el amianto, quienes cuenten con una indemnizaci\u00f3n judicial firme no ejecutada, o quienes sufran alguna de las patolog\u00edas incluidas en el anexo del Real Decreto. Tambi\u00e9n se incluyen los causahabientes de v\u00edctimas fallecidas.\u00a0<\/p>\n<p><strong>12. <a href=\"https:\/\/revista.seg-social.es\/-\/el-gobierno-aprueba-el-procedimiento-que-establece-coeficientes-reductores-para-anticipar-la-jubilaci%C3%B3n-en-actividades-penosas-y-peligrosas\" target=\"_blank\" rel=\"nofollow noopener\">Nuevo procedimiento para establecer coeficientes reductores que permiten anticipar la jubilaci\u00f3n en actividades penosas y peligrosas<\/a><\/strong><br \/>El Gobierno aprob\u00f3 el pasado mes de mayo un nuevo procedimiento que permitir\u00e1 adelantar la edad de jubilaci\u00f3n a quienes trabajen en actividades excepcionalmente penosas, peligrosas o insalubres, siempre que presenten elevados \u00edndices de morbilidad o mortalidad y no sea posible mejorar sus condiciones de trabajo.\u00a0<\/p>\n<p>El Real Decreto, basado en indicadores objetivos, define con m\u00e1s precisi\u00f3n qu\u00e9 se considera penosidad, toxicidad, peligrosidad o insalubridad, incluyendo factores como exposici\u00f3n a temperaturas extremas, ruido, vibraciones, agentes qu\u00edmicos o biol\u00f3gicos, as\u00ed como el uso constante de fuerza f\u00edsica. Este procedimiento previo, fruto del consenso con los interlocutores sociales, establece el cauce oficial para determinar qu\u00e9 colectivos pueden acceder a coeficientes reductores y, por tanto, jubilarse antes de la edad ordinaria. Con esta medida, Espa\u00f1a se alinea con pa\u00edses como Francia, Austria o Italia, que ya aplican mecanismos similares.\u00a0<\/p>\n<p>El cambio normativo tambi\u00e9n busca contribuir a reducir la brecha de g\u00e9nero, dado que muchos de los sectores afectados presentan una fuerte feminizaci\u00f3n o condiciones laborales especialmente duras.<\/p>\n<p>\u00a0\n            <\/p>\n","protected":false},"excerpt":{"rendered":"El a\u00f1o 2025 ha supuesto un punto de inflexi\u00f3n para la Seguridad Social en Espa\u00f1a, consolidando avances hist\u00f3ricos&hellip;\n","protected":false},"author":2,"featured_media":318826,"comment_status":"","ping_status":"","sticky":false,"template":"","format":"standard","meta":{"footnotes":""},"categories":[5],"tags":[1382,45,68130,517,24470,63615,765,68143,68140,447,39834,68123,40552,44159,6814,68149,68141,48257,5078,17,18,68153,12554,68158,9410,68151,68115,17226,35793,68142,11255,11209,68144,985,68152,68134,53628,2996,25,24,4120,68113,13,14,4070,68110,11,2178,68111,18703,68147,68150,28288,68146,8803,68127,68114,68107,10759,68116,8881,23377,68145,11986,19,20,1913,29766,68112,17658,31856,68109,9,10,15,16,5285,68119,68118,68156,68148,6726,12865,68133,68125,68139,68129,68126,68108,68138,68155,74375,74376,68124,68154,24481,11755,68137,68131,68121,30357,8327,23,28744,68157,11189,68117,68136,68135,12,5067,68159,68132,68128,21,22,12856,226,68120,68122],"class_list":{"0":"post-318825","1":"post","2":"type-post","3":"status-publish","4":"format-standard","5":"has-post-thumbnail","7":"category-titulares","8":"tag-1382","9":"tag-45","10":"tag-acceso-sms","11":"tag-actualidad","12":"tag-administracion-electronica","13":"tag-aeat","14":"tag-agencia-tributaria","15":"tag-alta-becarios","16":"tag-altas-y-bajas","17":"tag-alumnos","18":"tag-antiguas","19":"tag-asistencia-sanitaria","20":"tag-atencion-sanitaria","21":"tag-autonomos","22":"tag-baja","23":"tag-baja-laboral","24":"tag-becarios","25":"tag-beneficiario","26":"tag-beneficios","27":"tag-breaking-news","28":"tag-breakingnews","29":"tag-certificado-de-prestaciones","30":"tag-clave","31":"tag-como-obtener","32":"tag-complemento","33":"tag-complemento-ayuda-infancia","34":"tag-complemento-para-la-ayuda-a-la-infancia","35":"tag-convenio","36":"tag-cotizacion","37":"tag-cotizacion-practicas","38":"tag-cotizaciones","39":"tag-derecho","40":"tag-desde-dentro","41":"tag-dudas","42":"tag-empleada-hogar","43":"tag-empleo-de-hogar","44":"tag-empleo-publico","45":"tag-enfermedad","46":"tag-es","47":"tag-espana","48":"tag-estadisticas","49":"tag-estado-solicitud","50":"tag-featured-news","51":"tag-featurednews","52":"tag-guia","53":"tag-guias-practicas","54":"tag-headlines","55":"tag-igualdad","56":"tag-imv","57":"tag-incapacidad-permanente","58":"tag-incapacidad-temporal","59":"tag-incentivo-al-empleo","60":"tag-incentivos","61":"tag-incentivos-a-la-demora-de-la-jubilacion","62":"tag-informe","63":"tag-informe-medico-de-sintesis","64":"tag-ingreso-minimo-vital","65":"tag-inss","66":"tag-irpf","67":"tag-issa","68":"tag-jubilacion","69":"tag-jubilacion-anticipada","70":"tag-jubilacion-demorada","71":"tag-jubilados","72":"tag-latest-news","73":"tag-latestnews","74":"tag-maternidad","75":"tag-ministerio-de-inclusion","76":"tag-ministerio-de-inclusion-seguridad-social-y-migraciones","77":"tag-mutualistas","78":"tag-mutuas","79":"tag-nacimiento-y-cuidado-de-menor","80":"tag-news","81":"tag-noticias","82":"tag-noticias-destacadas","83":"tag-noticiasdestacadas","84":"tag-novedades","85":"tag-numero-de-la-seguridad-social","86":"tag-nuss","87":"tag-oep-2023","88":"tag-partes","89":"tag-paternidad","90":"tag-pensiones","91":"tag-periodos-minimos","92":"tag-periodos-sucesivos","93":"tag-pge-2021","94":"tag-practicas-formativas","95":"tag-prestacion-por-jubilacion","96":"tag-prestaciones","97":"tag-prestaciones-familiares","98":"tag-refuerzo-plantilla","99":"tag-resumen-2025","100":"tag-resumen-del-ano","101":"tag-revalorizacion-pensiones","102":"tag-sede-electrnonica-de-la-seguridad-social","103":"tag-sede-electronica","104":"tag-seguridad-social","105":"tag-simulador","106":"tag-simulador-jubilacion","107":"tag-slider","108":"tag-sms","109":"tag-solicitud","110":"tag-spain","111":"tag-tarifa-plana","112":"tag-tarjeta-sanitaria-europea","113":"tag-telefono","114":"tag-tgss","115":"tag-tiempo-completo","116":"tag-tiempo-parcial","117":"tag-titulares","118":"tag-tramites","119":"tag-tse","120":"tag-tu-seguridad-social","121":"tag-tutorial","122":"tag-ultimas-noticias","123":"tag-ultimasnoticias","124":"tag-viaje","125":"tag-viajes","126":"tag-vida-laboral","127":"tag-viudedad"},"share_on_mastodon":{"url":"","error":"Validation failed: Text character limit of 500 exceeded"},"_links":{"self":[{"href":"https:\/\/www.europesays.com\/es\/wp-json\/wp\/v2\/posts\/318825","targetHints":{"allow":["GET"]}}],"collection":[{"href":"https:\/\/www.europesays.com\/es\/wp-json\/wp\/v2\/posts"}],"about":[{"href":"https:\/\/www.europesays.com\/es\/wp-json\/wp\/v2\/types\/post"}],"author":[{"embeddable":true,"href":"https:\/\/www.europesays.com\/es\/wp-json\/wp\/v2\/users\/2"}],"replies":[{"embeddable":true,"href":"https:\/\/www.europesays.com\/es\/wp-json\/wp\/v2\/comments?post=318825"}],"version-history":[{"count":0,"href":"https:\/\/www.europesays.com\/es\/wp-json\/wp\/v2\/posts\/318825\/revisions"}],"wp:featuredmedia":[{"embeddable":true,"href":"https:\/\/www.europesays.com\/es\/wp-json\/wp\/v2\/media\/318826"}],"wp:attachment":[{"href":"https:\/\/www.europesays.com\/es\/wp-json\/wp\/v2\/media?parent=318825"}],"wp:term":[{"taxonomy":"category","embeddable":true,"href":"https:\/\/www.europesays.com\/es\/wp-json\/wp\/v2\/categories?post=318825"},{"taxonomy":"post_tag","embeddable":true,"href":"https:\/\/www.europesays.com\/es\/wp-json\/wp\/v2\/tags?post=318825"}],"curies":[{"name":"wp","href":"https:\/\/api.w.org\/{rel}","templated":true}]}}