{"id":318839,"date":"2026-01-02T09:20:16","date_gmt":"2026-01-02T09:20:16","guid":{"rendered":"https:\/\/www.europesays.com\/es\/318839\/"},"modified":"2026-01-02T09:20:16","modified_gmt":"2026-01-02T09:20:16","slug":"fede-gattoni-regresa-al-sevilla-en-el-primer-entrenamiento-de-2026","status":"publish","type":"post","link":"https:\/\/www.europesays.com\/es\/318839\/","title":{"rendered":"Fede Gattoni regresa al Sevilla en el primer entrenamiento de 2026"},"content":{"rendered":"<p style=\"\">El<strong> Sevilla<\/strong> ha realizado el primer entrenamiento de 2026, para continuar con la preparaci\u00f3n del encuentro del domingo ante el Levante, con la novedad de la presencia de <strong>Fede Gattoni<\/strong>. El defensa argentino, que hab\u00eda estado cedido en River Plate, ha regresado  &#8230; a la disciplina sevillista luciendo el dorsal &#8217;25&#8217; y con la idea de convencer a Mat\u00edas Almeyda, aunque desde el club se pretende encontrarle un nuevo acomodo a lo largo de este mes de enero.<\/p>\n<p class=\"voc-p\" style=\"\">Gattoni ha iniciado el entrenamiento junto al resto del grupo, en el que de nuevo se encontraba <strong>Peque<\/strong>, que suma as\u00ed su segunda sesi\u00f3n seguida despu\u00e9s de ese proceso gripal que retras\u00f3 su incorporaci\u00f3n al equipo tras las vacaciones navide\u00f1as. El catal\u00e1n afina su puesta a punto para estar disponible para Almeyda de cara al duelo ante el equipo granota.<\/p>\n<p class=\"voc-p\" style=\"\">Tambi\u00e9n han sumado una sesi\u00f3n m\u00e1s tanto<strong> C\u00e9sar Azpilicueta como Tanguy Nianzou<\/strong>, aunque en el caso del franc\u00e9s el cuerpo t\u00e9cnico quiere ser cauteloso, ante las numerosas reca\u00eddas que ha tenido en esta campa\u00f1a. Una situaci\u00f3n similar ocurre con Rub\u00e9n Vargas, una de las ausencias del entrenamiento, que sigue con su plan espec\u00edfico en esa recta final para recuperarse de su \u00faltima dolencia muscular. <\/p>\n<p class=\"voc-p\" style=\"\">Adem\u00e1s del suizo, <strong>Almeyda no puede contar con Suazo<\/strong>, lesionado, ni con Akor Adams y Chidera Ejuke, que siguen con Nigeria en la Copa \u00c1frica, donde se medir\u00e1n a Mozambique en los octavos de final. Para el domingo, adem\u00e1s, el entrenador tampoco podr\u00e1 contar con Marcao, tras la dura sanci\u00f3n que recibi\u00f3 tras su expulsi\u00f3n ante el Real Madrid.<\/p>\n","protected":false},"excerpt":{"rendered":"El Sevilla ha realizado el primer entrenamiento de 2026, para continuar con la preparaci\u00f3n del encuentro del domingo&hellip;\n","protected":false},"author":2,"featured_media":318840,"comment_status":"","ping_status":"","sticky":false,"template":"","format":"standard","meta":{"footnotes":""},"categories":[93],"tags":[3076,168,8346,25,24,50042,66870,977,2902,1171,23,167],"class_list":{"0":"post-318839","1":"post","2":"type-post","3":"status-publish","4":"format-standard","5":"has-post-thumbnail","7":"category-deportes","8":"tag-3076","9":"tag-deportes","10":"tag-entrenamiento","11":"tag-es","12":"tag-espana","13":"tag-fede","14":"tag-gattoni","15":"tag-primer","16":"tag-regresa","17":"tag-sevilla","18":"tag-spain","19":"tag-sports"},"share_on_mastodon":{"url":"https:\/\/pubeurope.com\/@es\/115824769550277163","error":""},"_links":{"self":[{"href":"https:\/\/www.europesays.com\/es\/wp-json\/wp\/v2\/posts\/318839","targetHints":{"allow":["GET"]}}],"collection":[{"href":"https:\/\/www.europesays.com\/es\/wp-json\/wp\/v2\/posts"}],"about":[{"href":"https:\/\/www.europesays.com\/es\/wp-json\/wp\/v2\/types\/post"}],"author":[{"embeddable":true,"href":"https:\/\/www.europesays.com\/es\/wp-json\/wp\/v2\/users\/2"}],"replies":[{"embeddable":true,"href":"https:\/\/www.europesays.com\/es\/wp-json\/wp\/v2\/comments?post=318839"}],"version-history":[{"count":0,"href":"https:\/\/www.europesays.com\/es\/wp-json\/wp\/v2\/posts\/318839\/revisions"}],"wp:featuredmedia":[{"embeddable":true,"href":"https:\/\/www.europesays.com\/es\/wp-json\/wp\/v2\/media\/318840"}],"wp:attachment":[{"href":"https:\/\/www.europesays.com\/es\/wp-json\/wp\/v2\/media?parent=318839"}],"wp:term":[{"taxonomy":"category","embeddable":true,"href":"https:\/\/www.europesays.com\/es\/wp-json\/wp\/v2\/categories?post=318839"},{"taxonomy":"post_tag","embeddable":true,"href":"https:\/\/www.europesays.com\/es\/wp-json\/wp\/v2\/tags?post=318839"}],"curies":[{"name":"wp","href":"https:\/\/api.w.org\/{rel}","templated":true}]}}