{"id":318857,"date":"2026-01-02T09:37:08","date_gmt":"2026-01-02T09:37:08","guid":{"rendered":"https:\/\/www.europesays.com\/es\/318857\/"},"modified":"2026-01-02T09:37:08","modified_gmt":"2026-01-02T09:37:08","slug":"eric-dane-y-su-batalla-contra-la-ela-arropado-por-su-expareja","status":"publish","type":"post","link":"https:\/\/www.europesays.com\/es\/318857\/","title":{"rendered":"Eric Dane y su batalla contra la ELA arropado por su expareja"},"content":{"rendered":"<p style=\"\">Rebecca Gayheart no dud\u00f3 cuando la enfermedad irrumpi\u00f3 en la vida de <a href=\"https:\/\/www.abc.es\/gente\/eric-dane-rompe-llanto-hablar-ela-creo-20250613165523-nt.html\" target=\"_self\" data-voc-vtm-id=\"in-text-traffic\" title=\"Eric Dane\" data-mrf-link=\"www.abc.es\" rel=\"nofollow noopener\">Eric Dane<\/a>. Aunque su relaci\u00f3n sentimental termin\u00f3 hace a\u00f1os, la actriz <strong>asumi\u00f3 sin titubeos<\/strong> el papel m\u00e1s exigente: convertirse en <strong>el sost\u00e9n cotidiano del actor<\/strong> tras su diagn\u00f3stico de <a href=\"https:\/\/www.abc.es\/gente\/eric-dane-actor-anatomia-grey-euphoria-anuncia-20250411120245-nt.html\" target=\"_self\" data-voc-vtm-id=\"in-text-traffic\" title=\"esclerosis lateral amiotr\u00f3fica (ELA)\" data-mrf-link=\"www.abc.es\" rel=\"nofollow noopener\">esclerosis lateral amiotr\u00f3fica (ELA)<\/a> &#8230; . Una implicaci\u00f3n total que va mucho m\u00e1s all\u00e1 del v\u00ednculo legal y que hoy define su relaci\u00f3n.<\/p>\n<p class=\"voc-p\" style=\"\">En un ensayo personal, Gayheart relata<strong> la batalla silenciosa<\/strong> que ha librado para garantizar que Dane reciba atenci\u00f3n m\u00e9dica continuada en su propio hogar. Conseguir enfermer\u00eda domiciliaria fue, seg\u00fan explica, un proceso agotador marcado por negativas constantes de la aseguradora. Lejos de rendirse, decidi\u00f3 concentrarse en el objetivo hasta lograrlo. Tras dos apelaciones, la atenci\u00f3n fue finalmente aprobada.<\/p>\n<p>\nLa nueva vida de Dane\n<\/p>\n<p class=\"voc-p\" style=\"\">La log\u00edstica diaria no es sencilla. El cuidado del actor se organiza en m\u00e1s de una veintena de turnos y no siempre est\u00e1n todos cubiertos. Cuando falta personal, es ella quien ocupa ese espacio. En ocasiones, las necesidades de sus hijas adolescentes obligan a buscar alternativas improvisadas. Pedir ayuda, reconoce, no siempre ha sido f\u00e1cil, pero s\u00ed revelador: algunos amigos respondieron sin dudarlo y estuvieron a la altura cuando m\u00e1s se necesitaba.<\/p>\n<p class=\"voc-p\" style=\"\">No todos, sin embargo, han permanecido cerca. Gayheart admite que ha habido ausencias que duelen, personas que antes formaban parte del entorno y que hoy ya no est\u00e1n. Tras reflexionarlo en terapia, ha llegado a una conclusi\u00f3n serena: no todo el mundo sabe gestionar situaciones tan duras. No hay reproche, solo aceptaci\u00f3n.<\/p>\n<p class=\"voc-p\" style=\"\">El diagn\u00f3stico lleg\u00f3 de forma abrupta, despu\u00e9s de meses de se\u00f1ales confusas. Dane <strong>comenz\u00f3 a notar fallos en la mano<\/strong>, peque\u00f1os gestos cotidianos que dejaron de salir con naturalidad. Las primeras consultas no apuntaban a nada grave, pero la intuici\u00f3n dec\u00eda lo contrario. La confirmaci\u00f3n lleg\u00f3 en una llamada desde la consulta de un neur\u00f3logo. Al otro lado del tel\u00e9fono, <strong>ambos rompieron a llorar<\/strong>. A pesar de todo, el actor todav\u00eda se encontraba bien f\u00edsicamente, lo que hac\u00eda a\u00fan m\u00e1s dif\u00edcil asimilar la noticia.<\/p>\n<p class=\"voc-p\" style=\"\">Gayheart recuerda ese momento con precisi\u00f3n: escondida en un armario para poder hablar sin ser escuchada por su hija, intentando aparentar normalidad mientras procesaba una realidad para la que nadie est\u00e1 preparado. Conoc\u00eda la enfermedad lo suficiente como para saber que no hab\u00eda cura.<\/p>\n<p class=\"voc-p\" style=\"\">Pese a la separaci\u00f3n y a los tr\u00e1mites legales que marcaron el final de su matrimonio, la relaci\u00f3n entre ambos nunca se rompi\u00f3 del todo. Hoy <strong>viven a pocos minutos de distancia<\/strong>, comparten comidas, visitas improvisadas y tiempo en familia. \u00c9l ha expresado su deseo de estar cerca de sus hijas todo lo posible, y ella ha hecho de ese deseo una prioridad.<\/p>\n<p class=\"voc-p\" style=\"\">\u00abPuede resultar confuso desde fuera\u00bb, admite Gayheart, \u00abpero <strong>lo nuestro es un amor familiar<\/strong>\u00bb. Dane coincide. En declaraciones p\u00fablicas, el actor ha subrayado que<strong> su exmujer es su mayor apoyo<\/strong>, su defensora m\u00e1s constante y<strong> una figura clave<\/strong> en su vida diaria.<\/p>\n<p class=\"voc-p\" style=\"\">Cuando hizo p\u00fablico su diagn\u00f3stico, Dane agradeci\u00f3 tener a su familia a su lado para afrontar esta nueva etapa. Una familia que, aunque transformada, sigue funcionando como red, refugio y motor. En medio de una enfermedad devastadora, su historia se ha convertido en un ejemplo de compromiso, cuidado y amor que no necesita etiquetas.<\/p>\n","protected":false},"excerpt":{"rendered":"Rebecca Gayheart no dud\u00f3 cuando la enfermedad irrumpi\u00f3 en la vida de Eric Dane. Aunque su relaci\u00f3n sentimental&hellip;\n","protected":false},"author":2,"featured_media":318858,"comment_status":"","ping_status":"","sticky":false,"template":"","format":"standard","meta":{"footnotes":""},"categories":[174],"tags":[6635,4095,255,74383,1813,146,147,22613,25,24,31654,256,74384,6887,51489,23],"class_list":{"0":"post-318857","1":"post","2":"type-post","3":"status-publish","4":"format-standard","5":"has-post-thumbnail","7":"category-famosos","8":"tag-apoyo","9":"tag-batalla","10":"tag-celebrities","11":"tag-dane","12":"tag-ela","13":"tag-entertainment","14":"tag-entretenimiento","15":"tag-eric","16":"tag-es","17":"tag-espana","18":"tag-expareja","19":"tag-famosos","20":"tag-gayheart","21":"tag-incondicional","22":"tag-rebecca","23":"tag-spain"},"share_on_mastodon":{"url":"https:\/\/pubeurope.com\/@es\/115824836421392675","error":""},"_links":{"self":[{"href":"https:\/\/www.europesays.com\/es\/wp-json\/wp\/v2\/posts\/318857","targetHints":{"allow":["GET"]}}],"collection":[{"href":"https:\/\/www.europesays.com\/es\/wp-json\/wp\/v2\/posts"}],"about":[{"href":"https:\/\/www.europesays.com\/es\/wp-json\/wp\/v2\/types\/post"}],"author":[{"embeddable":true,"href":"https:\/\/www.europesays.com\/es\/wp-json\/wp\/v2\/users\/2"}],"replies":[{"embeddable":true,"href":"https:\/\/www.europesays.com\/es\/wp-json\/wp\/v2\/comments?post=318857"}],"version-history":[{"count":0,"href":"https:\/\/www.europesays.com\/es\/wp-json\/wp\/v2\/posts\/318857\/revisions"}],"wp:featuredmedia":[{"embeddable":true,"href":"https:\/\/www.europesays.com\/es\/wp-json\/wp\/v2\/media\/318858"}],"wp:attachment":[{"href":"https:\/\/www.europesays.com\/es\/wp-json\/wp\/v2\/media?parent=318857"}],"wp:term":[{"taxonomy":"category","embeddable":true,"href":"https:\/\/www.europesays.com\/es\/wp-json\/wp\/v2\/categories?post=318857"},{"taxonomy":"post_tag","embeddable":true,"href":"https:\/\/www.europesays.com\/es\/wp-json\/wp\/v2\/tags?post=318857"}],"curies":[{"name":"wp","href":"https:\/\/api.w.org\/{rel}","templated":true}]}}