{"id":318879,"date":"2026-01-02T09:50:07","date_gmt":"2026-01-02T09:50:07","guid":{"rendered":"https:\/\/www.europesays.com\/es\/318879\/"},"modified":"2026-01-02T09:50:07","modified_gmt":"2026-01-02T09:50:07","slug":"propositos-de-ano-nuevo-no-propositos-de-ano-nuevo-alude-a-los-de-todo-el-ano","status":"publish","type":"post","link":"https:\/\/www.europesays.com\/es\/318879\/","title":{"rendered":"\u00abprop\u00f3sitos de a\u00f1o nuevo\u00bb, no \u00abprop\u00f3sitos de A\u00f1o Nuevo\u00bb, alude a los de todo el a\u00f1o"},"content":{"rendered":"<p>La expresi\u00f3n <strong>prop\u00f3sitos de a\u00f1o nuevo, enteramente en min\u00fasculas, es la adecuada en referencia a los objetivos<\/strong> que se plantean <strong>para todo el a\u00f1o<\/strong> que empieza, <strong>y no prop\u00f3sitos de A\u00f1o Nuevo<\/strong>.<\/p>\n<p>Sin embargo, es com\u00fan ver frases como estas en las noticias relacionadas con las metas que se trazan para los siguientes doce meses: \u00abEstos son los 10 prop\u00f3sitos de A\u00f1o Nuevo m\u00e1s comunes en Espa\u00f1a\u00bb, \u00abPara conseguir cumplir con los prop\u00f3sitos de A\u00f1o Nuevo no basta con querer\u00bb o \u00abC\u00f3mo establecer prop\u00f3sitos de A\u00f1o Nuevo realistas\u00bb.<\/p>\n<p><strong><a href=\"https:\/\/www.fundeu.es\/recomendacion\/los-nombres-de-las-festividadesse-escriben-con-mayuscula-1175\/\" rel=\"nofollow noopener\" target=\"_blank\">A\u00f1o Nuevo<\/a>, con ambas palabras en may\u00fascula, es el nombre de la festividad del 1 de enero<\/strong>, mientras que, <strong>para aludir a todo el a\u00f1o que comienza, la expresi\u00f3n a\u00f1o nuevo se escribe con min\u00fasculas<\/strong> en sus dos componentes. Dado que en este contexto se habla de las <strong>intenciones<\/strong> que se proyectan <strong>para todo el a\u00f1o<\/strong> entrante, lo apropiado es emplear <strong>prop\u00f3sitos de a\u00f1o nuevo<\/strong>.<\/p>\n<p>Como expresi\u00f3n meramente descriptiva, se escribe <strong>con la palabra prop\u00f3sitos tambi\u00e9n en min\u00fascula<\/strong>.<\/p>\n<p>Por ello, en las frases iniciales lo indicado habr\u00eda sido escribir \u00abEstos son los 10 prop\u00f3sitos de a\u00f1o nuevo m\u00e1s comunes en Espa\u00f1a\u00bb, \u00abPara conseguir cumplir con los prop\u00f3sitos de a\u00f1o nuevo no basta con querer\u00bb y \u00abC\u00f3mo establecer prop\u00f3sitos de a\u00f1o nuevo realistas\u00bb.<\/p>\n<p>Es preferible, finalmente, evitar el uso de resoluci\u00f3n con el sentido que le corresponde a prop\u00f3sito, como calco del ingl\u00e9s.<\/p>\n<p><b>Ver tambi\u00e9n<\/b><\/p>\n<p>\u27a4 <a href=\"https:\/\/www.fundeu.es\/recomendacion\/desistir-de-algo-no-desistir-en-algo\/\" rel=\"nofollow noopener\" target=\"_blank\">desistir de algo, no desistir en algo ni desistir algo<\/a><\/p>\n","protected":false},"excerpt":{"rendered":"La expresi\u00f3n prop\u00f3sitos de a\u00f1o nuevo, enteramente en min\u00fasculas, es la adecuada en referencia a los objetivos que&hellip;\n","protected":false},"author":2,"featured_media":318880,"comment_status":"","ping_status":"","sticky":false,"template":"","format":"standard","meta":{"footnotes":""},"categories":[5],"tags":[17,18,25,24,13,14,11,19,20,9,10,15,16,23,12,21,22],"class_list":{"0":"post-318879","1":"post","2":"type-post","3":"status-publish","4":"format-standard","5":"has-post-thumbnail","7":"category-titulares","8":"tag-breaking-news","9":"tag-breakingnews","10":"tag-es","11":"tag-espana","12":"tag-featured-news","13":"tag-featurednews","14":"tag-headlines","15":"tag-latest-news","16":"tag-latestnews","17":"tag-news","18":"tag-noticias","19":"tag-noticias-destacadas","20":"tag-noticiasdestacadas","21":"tag-spain","22":"tag-titulares","23":"tag-ultimas-noticias","24":"tag-ultimasnoticias"},"share_on_mastodon":{"url":"","error":""},"_links":{"self":[{"href":"https:\/\/www.europesays.com\/es\/wp-json\/wp\/v2\/posts\/318879","targetHints":{"allow":["GET"]}}],"collection":[{"href":"https:\/\/www.europesays.com\/es\/wp-json\/wp\/v2\/posts"}],"about":[{"href":"https:\/\/www.europesays.com\/es\/wp-json\/wp\/v2\/types\/post"}],"author":[{"embeddable":true,"href":"https:\/\/www.europesays.com\/es\/wp-json\/wp\/v2\/users\/2"}],"replies":[{"embeddable":true,"href":"https:\/\/www.europesays.com\/es\/wp-json\/wp\/v2\/comments?post=318879"}],"version-history":[{"count":0,"href":"https:\/\/www.europesays.com\/es\/wp-json\/wp\/v2\/posts\/318879\/revisions"}],"wp:featuredmedia":[{"embeddable":true,"href":"https:\/\/www.europesays.com\/es\/wp-json\/wp\/v2\/media\/318880"}],"wp:attachment":[{"href":"https:\/\/www.europesays.com\/es\/wp-json\/wp\/v2\/media?parent=318879"}],"wp:term":[{"taxonomy":"category","embeddable":true,"href":"https:\/\/www.europesays.com\/es\/wp-json\/wp\/v2\/categories?post=318879"},{"taxonomy":"post_tag","embeddable":true,"href":"https:\/\/www.europesays.com\/es\/wp-json\/wp\/v2\/tags?post=318879"}],"curies":[{"name":"wp","href":"https:\/\/api.w.org\/{rel}","templated":true}]}}