{"id":318885,"date":"2026-01-02T10:00:09","date_gmt":"2026-01-02T10:00:09","guid":{"rendered":"https:\/\/www.europesays.com\/es\/318885\/"},"modified":"2026-01-02T10:00:09","modified_gmt":"2026-01-02T10:00:09","slug":"jennifer-lopez-sorprende-con-aparicion-emotiva-y-poco-usual-junto-a-sus-hijos-en-su-residencia-en-vegas","status":"publish","type":"post","link":"https:\/\/www.europesays.com\/es\/318885\/","title":{"rendered":"Jennifer Lopez sorprende con aparici\u00f3n emotiva y poco usual junto a sus hijos en su residencia en Vegas"},"content":{"rendered":"<p id=\"eBN6SdvTbM\" data-wc=\"66\"><strong>Jennifer Lopez deslumbr\u00f3 al p\u00fablico durante su segundo d\u00eda de residencia en Las Vegas<\/strong>, demostrando una vez m\u00e1s por qu\u00e9 es considerada una de las artistas m\u00e1s completas del mundo del entretenimiento. En este importante momento de su carrera, la cantante y actriz vivi\u00f3 una experiencia poco usual al estar acompa\u00f1ada de sus hijos,<a class=\"hm-link ho-link\" href=\"https:\/\/www.hola.com\/us-es\/celebrities\/20250825851962\/jennifer-lopez-hija-emme-muniz-nuevo-look\/\" data-mrf-recirculation=\"article-body-link\" rel=\"nofollow noopener\" target=\"_blank\">\u00a0Max y Emme<\/a>, quienes estuvieron presentes por un instante sobre el escenario.\u00a0<\/p>\n<p> <img src=\"https:\/\/www.europesays.com\/es\/wp-content\/uploads\/2026\/01\/e393f1700dcd-screenshot-2026-01-01-at-13507-pm.png\"   width=\"897\" height=\"1024\" loading=\"lazy\" decoding=\"async\" alt=\"Jennifer Lopez vivi\u00f3 un emotivo momento junto a sus hijos en Las Vegas\" fetchpriority=\"auto\" class=\"image ho-image\"\/>\u00a9 InstagramJennifer Lopez vivi\u00f3 un emotivo momento junto a sus hijos en Las Vegas<\/p>\n<p id=\"egoBogPQBk\" data-wc=\"75\">Los tres se fundieron en un abrazo ante el p\u00fablico en la NocheVieja y lo que fue la segunda actuaci\u00f3n de la &#8216;Diva del Bronx&#8217; en el ic\u00f3nico Caesars Palace. Los tambi\u00e9n hijos de <a class=\"hm-link ho-link\" href=\"https:\/\/www.hola.com\/us-es\/celebrities\/20251226874882\/nadia-ferreira-marc-anthony-navidad-hijo-familia-fotos\/\" data-mrf-recirculation=\"article-body-link\" rel=\"nofollow noopener\" target=\"_blank\">Marc Anthony<\/a> acompa\u00f1aron a su madre en la cuenta regresiva y aprovechando la presencia de sus \u00abcoconuts\u00bb \u2013 as\u00ed les llama ella \u2013 la tambi\u00e9n actriz revel\u00f3 una an\u00e9cdota dentro de un peque\u00f1o y emotivo discurso que comparti\u00f3 con los presentes.<\/p>\n<p id=\"eQ8Niw3oeN\" data-wc=\"62\">\u00abHace 10 a\u00f1os, esos peque\u00f1os beb\u00e9s que estuvieron en este escenario cuanto ten\u00edan 7, ahora tienen 17, despu\u00e9s de aquel show se me acercaron y uno de ellos, Max, me dijo: &#8216;\u00bfMam\u00e1, por qu\u00e9 no usas pantalones en el escenario?&#8217; y yo pens\u00e9, Dios m\u00edo, qu\u00e9 vida loca&#8230; \u00a0y saben qu\u00e9 les respond\u00ed: porque soy un &#8216;showgirl&#8217; y me encanta bailar\u00bb, expres\u00f3.<\/p>\n<p id=\"eDaiHB_l8n\" data-wc=\"68\">Asimismo, en otro momento de su inspirado testimonio, tambi\u00e9n mencion\u00f3 a su expareja, tercer matrimonio y padre de sus mellizos, Marc Anthony, con quien estuvo casada entre 2004 y 2014. Al recordar esa estapa, hizo hincapi\u00e9 en la perseverancia y la importancia de seguir adelante a pesar de lo dif\u00edcil que fue para ella seguir activa tras su divorcio con el salsero y convertirse en una madre soltera.\u00a0<\/p>\n<p> <img src=\"https:\/\/www.europesays.com\/es\/wp-content\/uploads\/2026\/01\/b117ffbf800e-gettyimages-84800721.jpg\"   width=\"1024\" height=\"1020\" loading=\"lazy\" decoding=\"async\" alt=\"Jennifer Lopez habl\u00f3 del padre de sus hijos, Marc Anthony\" fetchpriority=\"auto\" class=\"image ho-image\"\/>\u00a9 WireImageJennifer Lopez habl\u00f3 del padre de sus hijos, Marc Anthony<\/p>\n<p id=\"eEpkhPYmQ_L\" data-wc=\"61\">Con ello, la artista destac\u00f3 el respeto y la madurez que ambos lograron construir tras su separaci\u00f3n, especialmente por el bienestar de sus hijos, quienes son fruto de esa relaci\u00f3n. Lopez ha se\u00f1alado en varias ocasiones que, aunque su matrimonio lleg\u00f3 a su fin, Marc Anthony siempre ser\u00e1 una parte importante de su vida por el lazo familiar que los une.<\/p>\n<p>Su respuesta a las cr\u00edticas por vestir &#8216;demasiado sexy&#8217; a sus 56 a\u00f1os<\/p>\n<p id=\"eVBK7biGKTM\" data-wc=\"84\">Tras despedir el 2025 como tanto lo ama hacer, es decir, sobre los escenarios y bailando, Jennifer Lopez respondi\u00f3 a aquellos que la quieren minimizar por su forma sexy de vestir a los 56 a\u00f1os.\u201cGracias a Dios llevo haciendo esto durante mucho tiempo. Puedo ignorar mucho de ello. Realmente no significa nada. Se lo digo a mis hijos todo el tiempo\u201d, dijo Lopez a la multitud, como se ve en un v\u00eddeo de la noche de su estreno en Las Vegas publicado en TikTok.\u00a0<\/p>\n<p> <img src=\"https:\/\/www.europesays.com\/es\/wp-content\/uploads\/2026\/01\/50e8339c2179-gettyimages-2254145487.jpg\"   width=\"1024\" height=\"774\" loading=\"lazy\" decoding=\"async\" alt=\"La Diva del Bronx abord\u00f3 los comentarios de qui\u00e9nes la critican por su forma de vestir\" fetchpriority=\"auto\" class=\"image ho-image\"\/>\u00a9 Getty Images for Live Nation LasLa Diva del Bronx abord\u00f3 los comentarios de qui\u00e9nes la critican por su forma de vestir<\/p>\n<p id=\"epO-HFaruj\" data-wc=\"91\">\u201cA veces me r\u00edo de algunas cosas, porque tambi\u00e9n dicen cosas graciosas\u201d, comenta, poniendo como ejemplo que le critiquen que siempre pose con la boca abierta. Sobre las cr\u00edticas que recibe por su forma de vestir, afirm\u00f3: \u201c\u00bfPor qu\u00e9 siempre se viste de esa manera? \u00bfPor qu\u00e9 no se viste seg\u00fan su edad? \u00bfPor qu\u00e9 siempre est\u00e1 desnuda?\u201d, reproduce algunos de los comentarios. \u201cY yo digo: \u2018Si tuvieras este trasero, tambi\u00e9n estar\u00edas desnuda\u201d, se le escucha decir mientras presume su envidiable figura con un minivestido verde de lentejuelas, flecos y plumas.<\/p>\n","protected":false},"excerpt":{"rendered":"Jennifer Lopez deslumbr\u00f3 al p\u00fablico durante su segundo d\u00eda de residencia en Las Vegas, demostrando una vez m\u00e1s&hellip;\n","protected":false},"author":2,"featured_media":318886,"comment_status":"","ping_status":"","sticky":false,"template":"","format":"standard","meta":{"footnotes":""},"categories":[174],"tags":[517,255,74391,146,147,25,24,256,427,53771,23],"class_list":{"0":"post-318885","1":"post","2":"type-post","3":"status-publish","4":"format-standard","5":"has-post-thumbnail","7":"category-famosos","8":"tag-actualidad","9":"tag-celebrities","10":"tag-emme-y-max","11":"tag-entertainment","12":"tag-entretenimiento","13":"tag-es","14":"tag-espana","15":"tag-famosos","16":"tag-jennifer-lopez","17":"tag-marc-anthony","18":"tag-spain"},"share_on_mastodon":{"url":"https:\/\/pubeurope.com\/@es\/115824926986984824","error":""},"_links":{"self":[{"href":"https:\/\/www.europesays.com\/es\/wp-json\/wp\/v2\/posts\/318885","targetHints":{"allow":["GET"]}}],"collection":[{"href":"https:\/\/www.europesays.com\/es\/wp-json\/wp\/v2\/posts"}],"about":[{"href":"https:\/\/www.europesays.com\/es\/wp-json\/wp\/v2\/types\/post"}],"author":[{"embeddable":true,"href":"https:\/\/www.europesays.com\/es\/wp-json\/wp\/v2\/users\/2"}],"replies":[{"embeddable":true,"href":"https:\/\/www.europesays.com\/es\/wp-json\/wp\/v2\/comments?post=318885"}],"version-history":[{"count":0,"href":"https:\/\/www.europesays.com\/es\/wp-json\/wp\/v2\/posts\/318885\/revisions"}],"wp:featuredmedia":[{"embeddable":true,"href":"https:\/\/www.europesays.com\/es\/wp-json\/wp\/v2\/media\/318886"}],"wp:attachment":[{"href":"https:\/\/www.europesays.com\/es\/wp-json\/wp\/v2\/media?parent=318885"}],"wp:term":[{"taxonomy":"category","embeddable":true,"href":"https:\/\/www.europesays.com\/es\/wp-json\/wp\/v2\/categories?post=318885"},{"taxonomy":"post_tag","embeddable":true,"href":"https:\/\/www.europesays.com\/es\/wp-json\/wp\/v2\/tags?post=318885"}],"curies":[{"name":"wp","href":"https:\/\/api.w.org\/{rel}","templated":true}]}}