{"id":318936,"date":"2026-01-02T10:46:18","date_gmt":"2026-01-02T10:46:18","guid":{"rendered":"https:\/\/www.europesays.com\/es\/318936\/"},"modified":"2026-01-02T10:46:18","modified_gmt":"2026-01-02T10:46:18","slug":"los-javis-reaparecen-juntos-para-celebrar-su-fieston-de-nochevieja-este-ano-con-ursula-corbero-y-rappel","status":"publish","type":"post","link":"https:\/\/www.europesays.com\/es\/318936\/","title":{"rendered":"Los Javis reaparecen juntos para celebrar su fiest\u00f3n de Nochevieja, este a\u00f1o con \u00darsula Corber\u00f3 y Rappel"},"content":{"rendered":"<p><img loading=\"lazy\" decoding=\"async\" class=\"v-a-img v-a-img--ph\" src=\"https:\/\/www.europesays.com\/es\/wp-content\/uploads\/2026\/01\/javis (3)-kvp-U240722394162m0B-758x531@El Correo.PNG\" alt=\"Los Javis reaparecen juntos para celebrar su fiest\u00f3n de Nochevieja, este a\u00f1o con \u00darsula Corber\u00f3 y Rappel\" style=\"\" data-voc-video-player-container-img=\"\" width=\"758\" height=\"531\"\/><\/p>\n<p>Instagram      <\/p>\n<p>Los directores, actores y guionistas, que anunciaron su separaci\u00f3n sentimental el pasado mes de noviembre, mantienen una estrecha amistad<\/p>\n<p class=\"v-mdl-ath__p v-mdl-ath__p--6\">\nViernes, 2 de enero 2026, 08:07<\/p>\n<p>| Actualizado 08:13h.<\/p>\n<p class=\"v-p\">A pesar de su ruptura, Los Javis siguen manteniendo una excelente amistad. Prueba de ello es la fiesta que montaron esta pasada Nochevieja, una cita que ya se ha convertido en un cl\u00e1sico. Si el a\u00f1o anterior, la expareja fue noticia por despedir 2024 con<a href=\"https:\/\/www.elcorreo.com\/gente-estilo\/campanadas-anne-igartiburu-fieston-javis-aparicion-sorpresa-20250101163922-nt.html\" target=\"_blank\" title=\"Las otras Campanadas de Anne Igartiburu en el fiest\u00f3n de &#039;los Javis&#039;: aparici\u00f3n sorpresa y un concierto de Rosal\u00eda\" data-voc-vtm-id=\"in-text-traffic\" data-mrf-link=\"www.elcorreo.com\" rel=\"nofollow noopener\"> Anne Igartiburu dando las Campanadas<\/a> y con Rosal\u00eda cantando, en esta ocasi\u00f3n, la reuni\u00f3n congreg\u00f3 a famosos tan dispares como Rappel o \u00darsula Corber\u00f3 y Chino Dar\u00edn, que est\u00e1n a punto de ser padres. <\/p>\n<p class=\"v-p\">El pasado mes de noviembre, Javier Calvo y Javier Ambrossi anunciaron su <a href=\"https:\/\/www.elcorreo.com\/gente-estilo\/javis-separan-tras-quince-anos-relacion-20251111181146-ntrc.html\" target=\"_blank\" title=\"Los Javis se separan tras trece a\u00f1os de relaci\u00f3n\" data-voc-vtm-id=\"in-text-traffic\" data-mrf-link=\"www.elcorreo.com\" rel=\"nofollow noopener\">separaci\u00f3n <\/a>tras 13 a\u00f1os como <a href=\"https:\/\/www.elcorreo.com\/gente-estilo\/relacion-javis-mensaje-ligar-facebook-fiestas-rosalia-20251112095129-nt.html\" target=\"_blank\" title=\"As\u00ed ha sido la relaci\u00f3n de Los Javis: de un mensaje para ligar en Facebook a las fiestas con Rosal\u00eda y un espectacular chal\u00e9\" data-voc-vtm-id=\"in-text-traffic\" data-mrf-link=\"www.elcorreo.com\" rel=\"nofollow noopener\">pareja sentimental.<\/a> Pero no como t\u00e1ndem creativo, pues los reconocidos guionistas, directores y productores, autores de grandes \u00e9xitos como la serie &#8216;La Mes\u00edas&#8217; o &#8216;Paquita Salas&#8217;, siguen inmersos en varios proyectos. <\/p>\n<p class=\"v-p\">Desde que la noticia saliera a la luz, lo que provoc\u00f3 un gran revuelo medi\u00e1tico, apenas se les hab\u00eda visto juntos, salvo por motivos de trabajo, como el rodaje de &#8216;La bola negra&#8217;, pel\u00edcula que protagoniza Glenn Close. Este jueves, Calvo comparti\u00f3 en redes sociales im\u00e1genes del fiest\u00f3n que celebraron en un piso de Madrid.<\/p>\n<p><img decoding=\"async\" loading=\"lazy\" src=\"https:\/\/www.europesays.com\/es\/wp-content\/uploads\/2026\/01\/javis (2)-kvp--1200x840@El Correo.PNG\" class=\"v-a-img\" width=\"1200\" height=\"840\" alt=\"Imagen de Galeria \"\/><\/p>\n<p>Rappel y Javier Ambrossi.                          Instagram                        <\/p>\n<p><img decoding=\"async\" loading=\"lazy\" src=\"https:\/\/www.europesays.com\/es\/wp-content\/uploads\/2026\/01\/javis (4)-kvp--1200x840@El Correo.PNG\" class=\"v-a-img\" width=\"1200\" height=\"840\" alt=\"Imagen de Galeria \"\/><\/p>\n<p>Chino Dar\u00edn, \u00darsula Corber\u00f3 y Javier Calvo.                          Instagram                        <\/p>\n<p><img decoding=\"async\" loading=\"lazy\" src=\"https:\/\/www.europesays.com\/es\/wp-content\/uploads\/2026\/01\/chino-darin-kvp--1200x840@El Correo.PNG\" class=\"v-a-img\" width=\"1200\" height=\"840\" alt=\"Imagen de Galeria \"\/><\/p>\n<p>Calvo y Chino Dar\u00edn.                          Instagram                        <\/p>\n<p class=\"v-sld__p-c\">\n1 \/\n<\/p>\n<p class=\"v-p\">Los Javis no dudaron en fotografiarse juntos en un &#8216;selfie&#8217; en el que tambi\u00e9n aparece Rappel, un momento muy comentado en redes sociales, ya que sale ech\u00e1ndoles las cartas. En otras fotograf\u00edas y v\u00eddeos tambi\u00e9n se muestras c\u00f3mplices y cercanos. Cabe recordar que los dos directores siempre han insistido en que su amistad no se ha visto afectada por su ruptura sentimental. <\/p>\n<p class=\"v-p\">Asimismo, se ve a una embarazad\u00edsima \u00darsula Corber\u00f3. La actriz y Javier Calvo mantienen una estrecha amistad desde que formaron parte del elenco de &#8216;F\u00edsica o Qu\u00edmica&#8217;, la serie que les catapult\u00f3 a la fama. Al fiest\u00f3n tampoco faltaron Hiba Abouk o Macarena Garc\u00eda, hermana de Javier Ambrossi. <\/p>\n<p>Reporta un error<\/p>\n","protected":false},"excerpt":{"rendered":"Instagram Los directores, actores y guionistas, que anunciaron su separaci\u00f3n sentimental el pasado mes de noviembre, mantienen una&hellip;\n","protected":false},"author":2,"featured_media":318937,"comment_status":"","ping_status":"","sticky":false,"template":"","format":"standard","meta":{"footnotes":""},"categories":[174],"tags":[16218,255,29353,146,147,25,24,256,74402,12492,43491,51486,1300,5199,61906,69195,23,29352],"class_list":{"0":"post-318936","1":"post","2":"type-post","3":"status-publish","4":"format-standard","5":"has-post-thumbnail","7":"category-famosos","8":"tag-celebrar","9":"tag-celebrities","10":"tag-corbero","11":"tag-entertainment","12":"tag-entretenimiento","13":"tag-es","14":"tag-espana","15":"tag-famosos","16":"tag-fieston","17":"tag-javier-ambrossi","18":"tag-javier-calvo","19":"tag-javis","20":"tag-juntos","21":"tag-nochevieja","22":"tag-rappel","23":"tag-reaparecen","24":"tag-spain","25":"tag-ursula"},"share_on_mastodon":{"url":"https:\/\/pubeurope.com\/@es\/115825107795714419","error":""},"_links":{"self":[{"href":"https:\/\/www.europesays.com\/es\/wp-json\/wp\/v2\/posts\/318936","targetHints":{"allow":["GET"]}}],"collection":[{"href":"https:\/\/www.europesays.com\/es\/wp-json\/wp\/v2\/posts"}],"about":[{"href":"https:\/\/www.europesays.com\/es\/wp-json\/wp\/v2\/types\/post"}],"author":[{"embeddable":true,"href":"https:\/\/www.europesays.com\/es\/wp-json\/wp\/v2\/users\/2"}],"replies":[{"embeddable":true,"href":"https:\/\/www.europesays.com\/es\/wp-json\/wp\/v2\/comments?post=318936"}],"version-history":[{"count":0,"href":"https:\/\/www.europesays.com\/es\/wp-json\/wp\/v2\/posts\/318936\/revisions"}],"wp:featuredmedia":[{"embeddable":true,"href":"https:\/\/www.europesays.com\/es\/wp-json\/wp\/v2\/media\/318937"}],"wp:attachment":[{"href":"https:\/\/www.europesays.com\/es\/wp-json\/wp\/v2\/media?parent=318936"}],"wp:term":[{"taxonomy":"category","embeddable":true,"href":"https:\/\/www.europesays.com\/es\/wp-json\/wp\/v2\/categories?post=318936"},{"taxonomy":"post_tag","embeddable":true,"href":"https:\/\/www.europesays.com\/es\/wp-json\/wp\/v2\/tags?post=318936"}],"curies":[{"name":"wp","href":"https:\/\/api.w.org\/{rel}","templated":true}]}}