{"id":318954,"date":"2026-01-02T10:57:13","date_gmt":"2026-01-02T10:57:13","guid":{"rendered":"https:\/\/www.europesays.com\/es\/318954\/"},"modified":"2026-01-02T10:57:13","modified_gmt":"2026-01-02T10:57:13","slug":"el-papa-no-teman-si-el-senor-los-llama-en-el-los-corazones-encuentran-paz","status":"publish","type":"post","link":"https:\/\/www.europesays.com\/es\/318954\/","title":{"rendered":"El Papa: No teman si el Se\u00f1or los llama, en \u00c9l los corazones encuentran paz"},"content":{"rendered":"<p>El Papa Le\u00f3n XIV env\u00eda un mensaje a las Conferencias SEEK26, que se celebran simult\u00e1neamente en Ohio, Texas y Colorado. Dirigi\u00e9ndose a los j\u00f3venes, les recuerda que el celo misionero nace de un encuentro aut\u00e9ntico con Cristo; una alegr\u00eda que es imposible no compartir.<\/p>\n<p><b>Benedetta Capelli \u2013 Ciudad del Vaticano<\/b><\/p>\n<p>\u00abQueridos j\u00f3venes, \u00bfqu\u00e9 buscan? \u00bfPor qu\u00e9 est\u00e1n aqu\u00ed en esta conferencia?\u00bb. Estas son las preguntas que el Papa Le\u00f3n XIV dirigi\u00f3 en un <a href=\"https:\/\/www.vatican.va\/content\/leo-xiv\/en\/messages\/pont-messages\/2026\/documents\/20260102-videomessaggio-seek26.html\" rel=\"external nofollow noopener\" target=\"_blank\">videomensaje en ingl\u00e9s<\/a> a los numerosos participantes de SEEK26, una iniciativa que comenz\u00f3 el jueves 1 de enero y concluir\u00e1 el lunes 5 de enero, y se celebra simult\u00e1neamente en Columbus, Ohio, Fort Worth, Texas, y Denver, Colorado, en los Estados Unidos. El evento \u2013 organizado por FOCUS\u00a0(Fellowship of Catholic University Students) \u2013 re\u00fane a miles de cat\u00f3licos y est\u00e1 marcado por la oraci\u00f3n, la adoraci\u00f3n, las conferencias y las celebraciones.<\/p>\n<p>Las preguntas del Papa llegan al coraz\u00f3n de quienes lo escuchan. Son las palabras que Jes\u00fas dirigi\u00f3 a sus disc\u00edpulos y que a\u00fan hoy nos inquietan y nos interpelan. Preguntas que inquietan, que nos hacen reflexionar, que nos inspiran a seguir adelante.<\/p>\n<p>\u201cLa respuesta se encuentra en una persona. Solo el Se\u00f1or Jes\u00fas nos trae verdadera paz y alegr\u00eda, y colma cada uno de nuestros deseos m\u00e1s profundos\u201d.<\/p>\n<p><b>El celo misionero<\/b> <\/p>\n<p>Le\u00f3n XIV invita a los j\u00f3venes a estar \u00ababiertos a lo que el Se\u00f1or tiene reservado\u00bb para cada persona presente. Las conferencias, enfatiza, pueden ser una oportunidad para encontrarnos con Cristo por primera vez o para profundizar nuestra relaci\u00f3n con \u00e9l. Sin embargo, es evidente que despu\u00e9s de encontrarlo, todo cambia, y como los disc\u00edpulos, podemos decir: \u00ab\u00a1Hemos encontrado a quien busc\u00e1bamos!\u00bb; de ah\u00ed el esp\u00edritu misionero.<\/p>\n<p>\u201cEl celo misionero nace del encuentro con Cristo. Deseamos compartir con los dem\u00e1s lo que hemos recibido, para que tambi\u00e9n ellos conozcan la plenitud del amor y la verdad que solo se encuentran en \u00c9l\u201d.<\/p>\n<p><b>D\u00e9jense guiar<\/b> <\/p>\n<p>Por lo tanto, el Papa Le\u00f3n asegura sus oraciones por una alegr\u00eda compartida en un aut\u00e9ntico encuentro con el Se\u00f1or, e insta a los j\u00f3venes, durante estos d\u00edas de amistad y adoraci\u00f3n Eucar\u00edstica, a no tener miedo de preguntar qu\u00e9 espera Jes\u00fas de ellos, ya sea el sacerdocio, la vida religiosa, el matrimonio o la vida familiar.<\/p>\n<p>\u201cSi sienten la llamada del Se\u00f1or, no tengan miedo. Una vez m\u00e1s, perm\u00edtanme enfatizar que solo \u00c9l conoce los deseos m\u00e1s profundos, quiz\u00e1s ocultos, de su coraz\u00f3n y el camino que los llevar\u00e1 a la verdadera plenitud. \u00a1Dejen que \u00c9l los gu\u00ede!\u201d.<\/p>\n<p>Finalmente, el Pont\u00edfice encomienda a la Virgen Mar\u00eda las conferencias, iniciadas en la Solemnidad de Mar\u00eda, Madre de Dios, para que a trav\u00e9s de ella podamos llegar a Jes\u00fas, a su amor, y encontrar la paz en Aquel que tanto hemos buscado.<\/p>\n","protected":false},"excerpt":{"rendered":"El Papa Le\u00f3n XIV env\u00eda un mensaje a las Conferencias SEEK26, que se celebran simult\u00e1neamente en Ohio, Texas&hellip;\n","protected":false},"author":2,"featured_media":318955,"comment_status":"","ping_status":"","sticky":false,"template":"","format":"standard","meta":{"footnotes":""},"categories":[42],"tags":[17,18,437,629,13,14,11,61,62,63,64,433,19,20,9,10,15,16,12359,400,12,21,22,62218,65,66,67],"class_list":{"0":"post-318954","1":"post","2":"type-post","3":"status-publish","4":"format-standard","5":"has-post-thumbnail","7":"category-internacional","8":"tag-breaking-news","9":"tag-breakingnews","10":"tag-encuentro","11":"tag-estados-unidos","12":"tag-featured-news","13":"tag-featurednews","14":"tag-headlines","15":"tag-internacional","16":"tag-international","17":"tag-international-news","18":"tag-internationalnews","19":"tag-jovenes","20":"tag-latest-news","21":"tag-latestnews","22":"tag-news","23":"tag-noticias","24":"tag-noticias-destacadas","25":"tag-noticiasdestacadas","26":"tag-oracion","27":"tag-papa-leon-xiv","28":"tag-titulares","29":"tag-ultimas-noticias","30":"tag-ultimasnoticias","31":"tag-video-mensaje","32":"tag-world","33":"tag-world-news","34":"tag-worldnews"},"share_on_mastodon":{"url":"https:\/\/pubeurope.com\/@es\/115825150945339021","error":""},"_links":{"self":[{"href":"https:\/\/www.europesays.com\/es\/wp-json\/wp\/v2\/posts\/318954","targetHints":{"allow":["GET"]}}],"collection":[{"href":"https:\/\/www.europesays.com\/es\/wp-json\/wp\/v2\/posts"}],"about":[{"href":"https:\/\/www.europesays.com\/es\/wp-json\/wp\/v2\/types\/post"}],"author":[{"embeddable":true,"href":"https:\/\/www.europesays.com\/es\/wp-json\/wp\/v2\/users\/2"}],"replies":[{"embeddable":true,"href":"https:\/\/www.europesays.com\/es\/wp-json\/wp\/v2\/comments?post=318954"}],"version-history":[{"count":0,"href":"https:\/\/www.europesays.com\/es\/wp-json\/wp\/v2\/posts\/318954\/revisions"}],"wp:featuredmedia":[{"embeddable":true,"href":"https:\/\/www.europesays.com\/es\/wp-json\/wp\/v2\/media\/318955"}],"wp:attachment":[{"href":"https:\/\/www.europesays.com\/es\/wp-json\/wp\/v2\/media?parent=318954"}],"wp:term":[{"taxonomy":"category","embeddable":true,"href":"https:\/\/www.europesays.com\/es\/wp-json\/wp\/v2\/categories?post=318954"},{"taxonomy":"post_tag","embeddable":true,"href":"https:\/\/www.europesays.com\/es\/wp-json\/wp\/v2\/tags?post=318954"}],"curies":[{"name":"wp","href":"https:\/\/api.w.org\/{rel}","templated":true}]}}