{"id":318956,"date":"2026-01-02T10:58:16","date_gmt":"2026-01-02T10:58:16","guid":{"rendered":"https:\/\/www.europesays.com\/es\/318956\/"},"modified":"2026-01-02T10:58:16","modified_gmt":"2026-01-02T10:58:16","slug":"precampanadas-en-guillena-ayuntamiento-de-guillena","status":"publish","type":"post","link":"https:\/\/www.europesays.com\/es\/318956\/","title":{"rendered":"Precampanadas en Guillena \u2013 Ayuntamiento de Guillena"},"content":{"rendered":"<p>El pasado martes, 30 de diciembre, celebramos el Fin de a\u00f1o adelantado en la Plaza de Espa\u00f1a con la celebraci\u00f3n de las \ud835\udde3\ud835\udde5\ud835\uddd8\ud835\uddd6\ud835\uddd4\ud835\udde0\ud835\udde3\ud835\uddd4\ud835\udde1\ud835\uddd4\ud835\uddd7\ud835\uddd4\ud835\udde6, amenizadas con la actuaci\u00f3n de Kronos &amp; LOSPICY.<\/p>\n<p>Una actividad <a\/>que demuestra, un a\u00f1o m\u00e1s, ser todo un \u00e9xito, habi\u00e9ndose convertido en una tradici\u00f3n de nuestro pueblo para despedir el a\u00f1o.<\/p>\n<p>\ud835\udc6d\ud835\udc86\ud835\udc8d\ud835\udc8a\ud835\udc9b \ud835\udc68\ud835\udc8f\u0303\ud835\udc90 \ud835\udc75\ud835\udc96\ud835\udc86\ud835\udc97\ud835\udc90<\/p>\n<p><img loading=\"lazy\" decoding=\"async\" width=\"1440\" height=\"1440\" data-id=\"55654\" src=\"https:\/\/www.europesays.com\/es\/wp-content\/uploads\/2026\/01\/609875600_18102604849750354_4116097341661755412_n.jpg\" alt=\"\" class=\"wp-image-55654 lazyload\"  data- style=\"--smush-placeholder-width: 1440px; --smush-placeholder-aspect-ratio: 1440\/1440;\"\/><\/p>\n<p><img loading=\"lazy\" decoding=\"async\" width=\"1440\" height=\"1440\" data-id=\"55653\" src=\"https:\/\/www.europesays.com\/es\/wp-content\/uploads\/2026\/01\/609875063_18102604777750354_1176992349369285325_n.jpg\" alt=\"\" class=\"wp-image-55653 lazyload\"  data- style=\"--smush-placeholder-width: 1440px; --smush-placeholder-aspect-ratio: 1440\/1440;\"\/><\/p>\n<p><img loading=\"lazy\" decoding=\"async\" width=\"1440\" height=\"1440\" data-id=\"55652\" src=\"https:\/\/www.europesays.com\/es\/wp-content\/uploads\/2026\/01\/609715279_18102604759750354_6462696595025856107_n.jpg\" alt=\"\" class=\"wp-image-55652 lazyload\"  data- style=\"--smush-placeholder-width: 1440px; --smush-placeholder-aspect-ratio: 1440\/1440;\"\/><\/p>\n<p><img loading=\"lazy\" decoding=\"async\" width=\"1440\" height=\"1440\" data-id=\"55651\" src=\"https:\/\/www.europesays.com\/es\/wp-content\/uploads\/2026\/01\/609693995_18102604894750354_3418540451321821181_n.jpg\" alt=\"\" class=\"wp-image-55651 lazyload\"  data- style=\"--smush-placeholder-width: 1440px; --smush-placeholder-aspect-ratio: 1440\/1440;\"\/><\/p>\n<p><img loading=\"lazy\" decoding=\"async\" width=\"1440\" height=\"1440\" data-id=\"55650\" src=\"https:\/\/www.europesays.com\/es\/wp-content\/uploads\/2026\/01\/609443271_18102604876750354_2576516825238322578_n.jpg\" alt=\"\" class=\"wp-image-55650 lazyload\"  data- style=\"--smush-placeholder-width: 1440px; --smush-placeholder-aspect-ratio: 1440\/1440;\"\/><\/p>\n<p><img loading=\"lazy\" decoding=\"async\" width=\"1440\" height=\"1440\" data-id=\"55649\" src=\"https:\/\/www.europesays.com\/es\/wp-content\/uploads\/2026\/01\/609017163_18102604768750354_763012896208786576_n.jpg\" alt=\"\" class=\"wp-image-55649 lazyload\"  data- style=\"--smush-placeholder-width: 1440px; --smush-placeholder-aspect-ratio: 1440\/1440;\"\/><\/p>\n<p><img loading=\"lazy\" decoding=\"async\" width=\"1440\" height=\"1440\" data-id=\"55648\" src=\"https:\/\/www.europesays.com\/es\/wp-content\/uploads\/2026\/01\/608930804_18102604822750354_615522193102186850_n.jpg\" alt=\"\" class=\"wp-image-55648 lazyload\"  data- style=\"--smush-placeholder-width: 1440px; --smush-placeholder-aspect-ratio: 1440\/1440;\"\/><\/p>\n<p><img loading=\"lazy\" decoding=\"async\" width=\"1440\" height=\"1440\" data-id=\"55647\" src=\"https:\/\/www.europesays.com\/es\/wp-content\/uploads\/2026\/01\/608837332_18102604804750354_6635812458909414488_n.jpg\" alt=\"\" class=\"wp-image-55647 lazyload\"  data- style=\"--smush-placeholder-width: 1440px; --smush-placeholder-aspect-ratio: 1440\/1440;\"\/><\/p>\n<p><img loading=\"lazy\" decoding=\"async\" width=\"1440\" height=\"1440\" data-id=\"55646\" src=\"https:\/\/www.europesays.com\/es\/wp-content\/uploads\/2026\/01\/608713668_18102604885750354_3972126951150158182_n.jpg\" alt=\"\" class=\"wp-image-55646 lazyload\"  data- style=\"--smush-placeholder-width: 1440px; --smush-placeholder-aspect-ratio: 1440\/1440;\"\/><\/p>\n<p><img loading=\"lazy\" decoding=\"async\" width=\"1440\" height=\"1440\" data-id=\"55645\" src=\"https:\/\/www.europesays.com\/es\/wp-content\/uploads\/2026\/01\/608699879_18102604813750354_7713618801551428592_n.jpg\" alt=\"\" class=\"wp-image-55645 lazyload\"  data- style=\"--smush-placeholder-width: 1440px; --smush-placeholder-aspect-ratio: 1440\/1440;\"\/><\/p>\n<p><img loading=\"lazy\" decoding=\"async\" width=\"1440\" height=\"1440\" data-id=\"55644\" src=\"https:\/\/www.europesays.com\/es\/wp-content\/uploads\/2026\/01\/608662764_18102604840750354_5069148136264206111_n.jpg\" alt=\"\" class=\"wp-image-55644 lazyload\"  data- style=\"--smush-placeholder-width: 1440px; --smush-placeholder-aspect-ratio: 1440\/1440;\"\/><\/p>\n<p><img loading=\"lazy\" decoding=\"async\" width=\"1440\" height=\"1440\" data-id=\"55643\" src=\"https:\/\/www.europesays.com\/es\/wp-content\/uploads\/2026\/01\/608395031_18102604867750354_8611336378311752969_n.jpg\" alt=\"\" class=\"wp-image-55643 lazyload\"  data- style=\"--smush-placeholder-width: 1440px; --smush-placeholder-aspect-ratio: 1440\/1440;\"\/><\/p>\n<p><img loading=\"lazy\" decoding=\"async\" width=\"1440\" height=\"1440\" data-id=\"55642\" src=\"https:\/\/www.europesays.com\/es\/wp-content\/uploads\/2026\/01\/608365761_18102604858750354_7168239946035334008_n.jpg\" alt=\"\" class=\"wp-image-55642 lazyload\"  data- style=\"--smush-placeholder-width: 1440px; --smush-placeholder-aspect-ratio: 1440\/1440;\"\/><\/p>\n<p><img loading=\"lazy\" decoding=\"async\" width=\"1440\" height=\"1440\" data-id=\"55641\" src=\"https:\/\/www.europesays.com\/es\/wp-content\/uploads\/2026\/01\/608354657_18102604786750354_6263746835642102063_n.jpg\" alt=\"\" class=\"wp-image-55641 lazyload\"  data- style=\"--smush-placeholder-width: 1440px; --smush-placeholder-aspect-ratio: 1440\/1440;\"\/><\/p>\n<p><img loading=\"lazy\" decoding=\"async\" width=\"1440\" height=\"1440\" data-id=\"55640\" src=\"https:\/\/www.europesays.com\/es\/wp-content\/uploads\/2026\/01\/608308711_18102604795750354_1021271294130067394_n.jpg\" alt=\"\" class=\"wp-image-55640 lazyload\"  data- style=\"--smush-placeholder-width: 1440px; --smush-placeholder-aspect-ratio: 1440\/1440;\"\/><\/p>\n<p><img loading=\"lazy\" decoding=\"async\" width=\"1440\" height=\"1440\" data-id=\"55639\" src=\"https:\/\/www.europesays.com\/es\/wp-content\/uploads\/2026\/01\/608305180_18102604834750354_2247457740950346175_n.jpg\" alt=\"\" class=\"wp-image-55639 lazyload\"  data- style=\"--smush-placeholder-width: 1440px; --smush-placeholder-aspect-ratio: 1440\/1440;\"\/><\/p>\n","protected":false},"excerpt":{"rendered":"El pasado martes, 30 de diciembre, celebramos el Fin de a\u00f1o adelantado en la Plaza de Espa\u00f1a con&hellip;\n","protected":false},"author":2,"featured_media":318957,"comment_status":"","ping_status":"","sticky":false,"template":"","format":"standard","meta":{"footnotes":""},"categories":[8],"tags":[17,18,25,24,13,14,11,19,20,9,10,15,16,23,12,21,22],"class_list":{"0":"post-318956","1":"post","2":"type-post","3":"status-publish","4":"format-standard","5":"has-post-thumbnail","7":"category-espana","8":"tag-breaking-news","9":"tag-breakingnews","10":"tag-es","11":"tag-espana","12":"tag-featured-news","13":"tag-featurednews","14":"tag-headlines","15":"tag-latest-news","16":"tag-latestnews","17":"tag-news","18":"tag-noticias","19":"tag-noticias-destacadas","20":"tag-noticiasdestacadas","21":"tag-spain","22":"tag-titulares","23":"tag-ultimas-noticias","24":"tag-ultimasnoticias"},"share_on_mastodon":{"url":"https:\/\/pubeurope.com\/@es\/115825155047711202","error":""},"_links":{"self":[{"href":"https:\/\/www.europesays.com\/es\/wp-json\/wp\/v2\/posts\/318956","targetHints":{"allow":["GET"]}}],"collection":[{"href":"https:\/\/www.europesays.com\/es\/wp-json\/wp\/v2\/posts"}],"about":[{"href":"https:\/\/www.europesays.com\/es\/wp-json\/wp\/v2\/types\/post"}],"author":[{"embeddable":true,"href":"https:\/\/www.europesays.com\/es\/wp-json\/wp\/v2\/users\/2"}],"replies":[{"embeddable":true,"href":"https:\/\/www.europesays.com\/es\/wp-json\/wp\/v2\/comments?post=318956"}],"version-history":[{"count":0,"href":"https:\/\/www.europesays.com\/es\/wp-json\/wp\/v2\/posts\/318956\/revisions"}],"wp:featuredmedia":[{"embeddable":true,"href":"https:\/\/www.europesays.com\/es\/wp-json\/wp\/v2\/media\/318957"}],"wp:attachment":[{"href":"https:\/\/www.europesays.com\/es\/wp-json\/wp\/v2\/media?parent=318956"}],"wp:term":[{"taxonomy":"category","embeddable":true,"href":"https:\/\/www.europesays.com\/es\/wp-json\/wp\/v2\/categories?post=318956"},{"taxonomy":"post_tag","embeddable":true,"href":"https:\/\/www.europesays.com\/es\/wp-json\/wp\/v2\/tags?post=318956"}],"curies":[{"name":"wp","href":"https:\/\/api.w.org\/{rel}","templated":true}]}}