{"id":318986,"date":"2026-01-02T11:20:11","date_gmt":"2026-01-02T11:20:11","guid":{"rendered":"https:\/\/www.europesays.com\/es\/318986\/"},"modified":"2026-01-02T11:20:11","modified_gmt":"2026-01-02T11:20:11","slug":"ultima-hora-del-incendio-en-el-restaurante-le-constellation-en-estacion-de-esqui-suiza-de-crans-montana-40-muertos-confirmados-y-115-heridos-la-mayoria-graves-el-periodico","status":"publish","type":"post","link":"https:\/\/www.europesays.com\/es\/318986\/","title":{"rendered":"\u00daltima hora del incendio en el restaurante Le Constellation en estaci\u00f3n de esqu\u00ed suiza de Crans-Montana: 40 muertos confirmados y 115 heridos, la mayor\u00eda graves &#8211; El Peri\u00f3dico"},"content":{"rendered":"<ol>\n<li><a href=\"https:\/\/news.google.com\/rss\/articles\/CBMi_gFBVV95cUxOOEU2bzlhMTROMEwxUExWRXJ0Zkh1QXFnUnVsXzYxQ3VoV082S2ZHTjRDbktEbHRVMlNYN2xUOFJwaGhuUnlnSUFLamFOLVgxM2dFd1dVdmVuUUprTi1hU2F1TGE1WWtRTTR1QVVtVVNXSDFBMjlrM3ZLVG94dVBlbUxFR1hBR0luNXJKNDRkY2UyaTdSUDF2dnpwUkxIdnZKOWZPYUpVOWdMTlNxYWlSVWZpd00yZlRtNklEVVNSdXNvT2RTNWU1X2pWRDdlNENrM20tbHl6bWh1ajhwTlE5YXM0YXFPMnVJQ0dEOUFOeWxOY0FLdWpWV3FCU21oZw?oc=5\" target=\"_blank\" rel=\"nofollow noopener\">\u00daltima hora del incendio en el restaurante Le Constellation en estaci\u00f3n de esqu\u00ed suiza de Crans-Montana: 40 muertos confirmados y 115 heridos, la mayor\u00eda graves<\/a>&nbsp;&nbsp;El Peri\u00f3dico<\/li>\n<li><a href=\"https:\/\/news.google.com\/rss\/articles\/CBMi6gFBVV95cUxPTjRKTnhKeElXMm92ZUFPM2RLUjl2dHJodk1DOGlwM25mYmU1UFFRQjVMVzQzdG9GT0ZfRDZlSS1sTjVjSUhQc0JFaWl6eGxDR3p6dHZxSHpVenp2Ml9uUDk5T0Q3bVNHTWRsZnBMRTl4dWVudU93V0JNTnBoc3VOTEdlU09nb3JSbjdnbnpwbS10LXBSc3pOcEdRZ1hmZ184SFdSc3czcTlCMkNGRFJJMVlaMjNmWmUyZ3J4eEJteTB0eGU2eFNBYmVVX1NYRVpfS0o1cVJuaWFDMV9nZkZhMVc5cEtFb3ZUZlE?oc=5\" target=\"_blank\" rel=\"nofollow noopener\">La investigaci\u00f3n apunta a una bengala como posible causa de la tragedia de Nochevieja en los Alpes suizos<\/a>&nbsp;&nbsp;EL PA\u00cdS<\/li>\n<li><a href=\"https:\/\/news.google.com\/rss\/articles\/CBMigwFBVV95cUxQN1pMbnVTV2E3U29MTTJydWNrMHNiN1NXQW4ySlJjRGRSanIxaUR1cW9HdHNaOUNqY28yLUdtSkg3YWU3M05vSzMyODlWR1Vpb3RFRmNhbXNGdDZIbUxCTWh4T0M1WlBtcTl5aFp2cDdNMmN1WGpKNzlPR05QUWNEandqNNIBgwFBVV95cUxQWmFyMFNIdmJ5MHc1dzlFc3Vra1VtZWVOQUkwRDZPWUpSNlRuQld4RmxSdDlHZ05HYkMwZzRrd29LS1c5OWF6MW00Y0lnbFJLNU1wcXlOZEQ1S1J2UE1nd1dRZDFiSkhfTDFiVkp1TVAyZ2dHRHZEcDZ6cWliLVJ3cFlodw?oc=5\" target=\"_blank\" rel=\"nofollow noopener\">Bengalas en botellas de champ\u00e1n y un techo en llamas: Suiza busca las causas del incendio que ha matado a 40 personas<\/a>&nbsp;&nbsp;El Mundo<\/li>\n<li><a href=\"https:\/\/news.google.com\/rss\/articles\/CBMi0wFBVV95cUxQdkQyYnZzVUlfS1g5bzJ4Yy1aN3BUdy01aDRRSkxMb0hHMjVlU29JeTZwSjd0UkZMMlFMajNNVnZKa3BDZW8tT25UOVV6NVFUZnEwYjctMk82UVRURmU3aTg2YkpHMmc4NGtwQmp5V3pPUFEzNUt1U1l6dm54eXc5R1llZzRTb3pDRkhFQ0Jpc0ZGNlB0dmtUODZEdHE3cFVNUG5VMUZENmxsMy1jQlhUYnIxV1lObGlSc0E4RDJGRC1SRnlDSk1Vc25jemJ0TlpXb1VV0gHnAUFVX3lxTE5tR09vYlo3YW43Tk5RdnNPalpNZHp5aUZZU1ZVb090R1RmNVhLQmZYV2pTRGhzakd2NGJCZE1mMUpKRVlPSmNVb2dRZGhDOFpzUXhiS25xaDY0alpUaGs0Z1JRSEc4dWIzN2tYRkt3WElPNWZESko3X2lsRTQ1ejRnN1hINHhobGxsczZ3SDg3aDlUbi1oTmx2YlpWRGF1X1NGLWJUdUFJUU9neEd0U29jTEZmWGI3cEREMWxVYzBJSDRUUlpMSndzbzl1aGxtZUtOTWJVeWtUUFlCRFVnVFQyUVlMWTREOA?oc=5\" target=\"_blank\" rel=\"nofollow noopener\">Un jugador del Metz, hospitalizado por quemaduras graves en el incendio de Crans Montana<\/a>&nbsp;&nbsp;Diario AS<\/li>\n<li><a href=\"https:\/\/news.google.com\/rss\/articles\/CBMivgFBVV95cUxNOW11V1dVSllHSDZveDg0c0t0bk5LUHA4aWVoQjI0RXc0LU53ZnBGZGlvMlNfZGVGbEpNMm56bUtXcWpTYV9IanJIS2FzdXM0eHM5TTlzbFNhcERVdkt0Yy1MMElTdVVZNUg0TkdVN1dzeVZOX1NmX193Wmt0TjltcUJ0ZzZkU0h2a1RBZF93QW04VndaWVA1ZUdNa0ZNNkZtUi1uZk5PNzc5Wm56Yng3TFduUjcxR0ptZS1tbEp3?oc=5\" target=\"_blank\" rel=\"nofollow noopener\">Caos en la &#8216;ratonera&#8217; de Crans-Montana: tap\u00f3n en la puerta, gente grabando con el m\u00f3vil, descontrol&#8230;<\/a>&nbsp;&nbsp;El Diario Vasco<\/li>\n<\/ol>\n","protected":false},"excerpt":{"rendered":"\u00daltima hora del incendio en el restaurante Le Constellation en estaci\u00f3n de esqu\u00ed suiza de Crans-Montana: 40 muertos&hellip;\n","protected":false},"author":2,"featured_media":297172,"comment_status":"","ping_status":"","sticky":false,"template":"","format":"standard","meta":{"footnotes":""},"categories":[42],"tags":[17,18,13,14,11,61,62,63,64,19,20,9,10,15,16,12,21,22,65,66,67],"class_list":{"0":"post-318986","1":"post","2":"type-post","3":"status-publish","4":"format-standard","5":"has-post-thumbnail","7":"category-internacional","8":"tag-breaking-news","9":"tag-breakingnews","10":"tag-featured-news","11":"tag-featurednews","12":"tag-headlines","13":"tag-internacional","14":"tag-international","15":"tag-international-news","16":"tag-internationalnews","17":"tag-latest-news","18":"tag-latestnews","19":"tag-news","20":"tag-noticias","21":"tag-noticias-destacadas","22":"tag-noticiasdestacadas","23":"tag-titulares","24":"tag-ultimas-noticias","25":"tag-ultimasnoticias","26":"tag-world","27":"tag-world-news","28":"tag-worldnews"},"share_on_mastodon":{"url":"https:\/\/pubeurope.com\/@es\/115825241210373182","error":""},"_links":{"self":[{"href":"https:\/\/www.europesays.com\/es\/wp-json\/wp\/v2\/posts\/318986","targetHints":{"allow":["GET"]}}],"collection":[{"href":"https:\/\/www.europesays.com\/es\/wp-json\/wp\/v2\/posts"}],"about":[{"href":"https:\/\/www.europesays.com\/es\/wp-json\/wp\/v2\/types\/post"}],"author":[{"embeddable":true,"href":"https:\/\/www.europesays.com\/es\/wp-json\/wp\/v2\/users\/2"}],"replies":[{"embeddable":true,"href":"https:\/\/www.europesays.com\/es\/wp-json\/wp\/v2\/comments?post=318986"}],"version-history":[{"count":0,"href":"https:\/\/www.europesays.com\/es\/wp-json\/wp\/v2\/posts\/318986\/revisions"}],"wp:featuredmedia":[{"embeddable":true,"href":"https:\/\/www.europesays.com\/es\/wp-json\/wp\/v2\/media\/297172"}],"wp:attachment":[{"href":"https:\/\/www.europesays.com\/es\/wp-json\/wp\/v2\/media?parent=318986"}],"wp:term":[{"taxonomy":"category","embeddable":true,"href":"https:\/\/www.europesays.com\/es\/wp-json\/wp\/v2\/categories?post=318986"},{"taxonomy":"post_tag","embeddable":true,"href":"https:\/\/www.europesays.com\/es\/wp-json\/wp\/v2\/tags?post=318986"}],"curies":[{"name":"wp","href":"https:\/\/api.w.org\/{rel}","templated":true}]}}