{"id":318987,"date":"2026-01-02T11:21:22","date_gmt":"2026-01-02T11:21:22","guid":{"rendered":"https:\/\/www.europesays.com\/es\/318987\/"},"modified":"2026-01-02T11:21:22","modified_gmt":"2026-01-02T11:21:22","slug":"medio-ambiente-recuerda-la-importancia-de-la-tenencia-responsable-de-animales-de-compania","status":"publish","type":"post","link":"https:\/\/www.europesays.com\/es\/318987\/","title":{"rendered":"Medio Ambiente recuerda la importancia de la tenencia responsable de animales de compa\u00f1\u00eda"},"content":{"rendered":"<p style=\"text-align: justify;\">El Ayuntamiento de Alcal\u00e1 de Henares, a trav\u00e9s de la Concejal\u00eda de Medio Ambiente, se quiere recordar la importancia de la tenencia responsable de animales de compa\u00f1\u00eda, especialmente en una \u00e9poca en la que aumenta la incorporaci\u00f3n de nuevos animales a los hogares.<\/p>\n<p style=\"text-align: justify;\">El concejal de Medio Ambiente, Vicente P\u00e9rez, ha subrayado que \u201cun animal no es un regalo ni un objeto, sino un miembro m\u00e1s de la familia, que requiere compromiso, tiempo y cuidados durante toda su vida. Antes de decidir incorporar un animal de compa\u00f1\u00eda, es fundamental reflexionar y asegurarse de poder atender adecuadamente sus necesidades\u201d.<\/p>\n<p style=\"text-align: justify;\">La tenencia responsable implica, entre otras cuestiones proporcionar una alimentaci\u00f3n adecuada y agua en todo momento, garantizar atenci\u00f3n veterinaria, incluyendo vacunaci\u00f3n, desparasitaci\u00f3n e identificaci\u00f3n, ofrecer cuidados diarios, ejercicio, educaci\u00f3n y socializaci\u00f3n, asegurar un entorno seguro y adecuado, respetando las normas de convivencia y bienestar animal, o asumir la responsabilidad que conlleva su cuidado durante toda su vida.<\/p>\n<p style=\"text-align: justify;\">Con el objetivo de facilitar esta informaci\u00f3n a la ciudadan\u00eda, se ha elaborado un cartel informativo que incluye una peque\u00f1a gu\u00eda de tenencia responsable, donde se recogen de forma sencilla los aspectos b\u00e1sicos que deben tenerse en cuenta antes y despu\u00e9s de incorporar un animal de compa\u00f1\u00eda al hogar.<\/p>\n<p style=\"text-align: justify;\">Asimismo, se recuerda la importancia de valorar la adopci\u00f3n frente a la compra, dando una segunda oportunidad a animales que buscan un hogar, y educar especialmente a los m\u00e1s peque\u00f1os en el respeto y el cuidado hacia los animales.<\/p>\n<p style=\"text-align: justify;\">Desde la Concejal\u00eda de Medio Ambiente se anima a la ciudadan\u00eda a informarse y reflexionar antes de tomar esta decisi\u00f3n, recordando que el bienestar de los animales depende directamente del compromiso y la responsabilidad de las personas que los cuidan.<\/p>\n","protected":false},"excerpt":{"rendered":"El Ayuntamiento de Alcal\u00e1 de Henares, a trav\u00e9s de la Concejal\u00eda de Medio Ambiente, se quiere recordar la&hellip;\n","protected":false},"author":2,"featured_media":318988,"comment_status":"","ping_status":"","sticky":false,"template":"","format":"standard","meta":{"footnotes":""},"categories":[8],"tags":[17,18,25,24,13,14,11,19,20,9,10,15,16,23,12,21,22],"class_list":{"0":"post-318987","1":"post","2":"type-post","3":"status-publish","4":"format-standard","5":"has-post-thumbnail","7":"category-espana","8":"tag-breaking-news","9":"tag-breakingnews","10":"tag-es","11":"tag-espana","12":"tag-featured-news","13":"tag-featurednews","14":"tag-headlines","15":"tag-latest-news","16":"tag-latestnews","17":"tag-news","18":"tag-noticias","19":"tag-noticias-destacadas","20":"tag-noticiasdestacadas","21":"tag-spain","22":"tag-titulares","23":"tag-ultimas-noticias","24":"tag-ultimasnoticias"},"share_on_mastodon":{"url":"https:\/\/pubeurope.com\/@es\/115825245190528732","error":""},"_links":{"self":[{"href":"https:\/\/www.europesays.com\/es\/wp-json\/wp\/v2\/posts\/318987","targetHints":{"allow":["GET"]}}],"collection":[{"href":"https:\/\/www.europesays.com\/es\/wp-json\/wp\/v2\/posts"}],"about":[{"href":"https:\/\/www.europesays.com\/es\/wp-json\/wp\/v2\/types\/post"}],"author":[{"embeddable":true,"href":"https:\/\/www.europesays.com\/es\/wp-json\/wp\/v2\/users\/2"}],"replies":[{"embeddable":true,"href":"https:\/\/www.europesays.com\/es\/wp-json\/wp\/v2\/comments?post=318987"}],"version-history":[{"count":0,"href":"https:\/\/www.europesays.com\/es\/wp-json\/wp\/v2\/posts\/318987\/revisions"}],"wp:featuredmedia":[{"embeddable":true,"href":"https:\/\/www.europesays.com\/es\/wp-json\/wp\/v2\/media\/318988"}],"wp:attachment":[{"href":"https:\/\/www.europesays.com\/es\/wp-json\/wp\/v2\/media?parent=318987"}],"wp:term":[{"taxonomy":"category","embeddable":true,"href":"https:\/\/www.europesays.com\/es\/wp-json\/wp\/v2\/categories?post=318987"},{"taxonomy":"post_tag","embeddable":true,"href":"https:\/\/www.europesays.com\/es\/wp-json\/wp\/v2\/tags?post=318987"}],"curies":[{"name":"wp","href":"https:\/\/api.w.org\/{rel}","templated":true}]}}